{"id":6973,"date":"2022-03-08T11:13:16","date_gmt":"2022-03-08T10:13:16","guid":{"rendered":"https:\/\/2liceum.eu\/?p=6973"},"modified":"2022-03-08T11:13:18","modified_gmt":"2022-03-08T10:13:18","slug":"mistrzostwa-powiatu-w-koszykowce-sukces","status":"publish","type":"post","link":"https:\/\/2liceum.eu\/index.php\/2022\/03\/08\/mistrzostwa-powiatu-w-koszykowce-sukces\/","title":{"rendered":"Mistrzostwa Powiatu w koszyk\u00f3wce! Sukces!"},"content":{"rendered":"\n<div dir=\"auto\" style=\"text-align: center;\">&nbsp;<\/div>\n<div dir=\"auto\" style=\"text-align: center;\"><img loading=\"lazy\" decoding=\"async\" class=\"alignnone size-large wp-image-6975\" src=\"https:\/\/2liceum.eu\/wp-content\/uploads\/2022\/03\/275336268_5054888371234382_3314062275957892195_n-1024x768.jpg\" alt=\"\" width=\"606\" height=\"455\" srcset=\"https:\/\/2liceum.eu\/wp-content\/uploads\/2022\/03\/275336268_5054888371234382_3314062275957892195_n-1024x768.jpg 1024w, https:\/\/2liceum.eu\/wp-content\/uploads\/2022\/03\/275336268_5054888371234382_3314062275957892195_n-300x225.jpg 300w, https:\/\/2liceum.eu\/wp-content\/uploads\/2022\/03\/275336268_5054888371234382_3314062275957892195_n-768x576.jpg 768w, https:\/\/2liceum.eu\/wp-content\/uploads\/2022\/03\/275336268_5054888371234382_3314062275957892195_n-1536x1152.jpg 1536w, https:\/\/2liceum.eu\/wp-content\/uploads\/2022\/03\/275336268_5054888371234382_3314062275957892195_n.jpg 2048w\" sizes=\"auto, (max-width: 606px) 100vw, 606px\" \/><\/div>\n<div class=\"kvgmc6g5 cxmmr5t8 oygrvhab hcukyx3x c1et5uql ii04i59q\">\n<div dir=\"auto\">&nbsp;<\/div>\n<div dir=\"auto\">Koszykarki szk\u00f3\u0142 \u015brednich <strong>w dniu 1 marca rozegra\u0142y Mistrzostwa Powiatu.<\/strong> <strong>Nasza dru\u017cyna<\/strong> po rozegraniu meczy systemem &#8222;ka\u017cdy z ka\u017cdym&#8221; <strong>zaj\u0119\u0142a <span style=\"color: #ff0000;\">II miejsce.<\/span><\/strong><\/div>\n<div dir=\"auto\">&nbsp;<\/div>\n<\/div>\n<div class=\"cxmmr5t8 oygrvhab hcukyx3x c1et5uql o9v6fnle ii04i59q\">\n<div dir=\"auto\" style=\"text-align: justify;\"><strong>Sk\u0142ad &#8222;srebrnej dru\u017cyny&#8221;:<\/strong><\/div>\n<div dir=\"auto\">Inga St\u0119pie\u0144 &#8211; 3d<\/div>\n<div dir=\"auto\">Lidia Gu\u015bcin &#8211; 3d<\/div>\n<div dir=\"auto\">Milena Begier &#8211; 3d<\/div>\n<div dir=\"auto\">Kornelia Pastuszak &#8211; 3i<\/div>\n<div dir=\"auto\">Wieruszewska Julia &#8211; 3c<\/div>\n<div dir=\"auto\">Wawrzk\u00f3w Kamila &#8211; 3i<\/div>\n<div dir=\"auto\">W\u00f3jcik Kinga &#8211; 3i<\/div>\n<div dir=\"auto\">Oliwia Matkowska &#8211; 2b<\/div>\n<div dir=\"auto\">Paulina Pleci\u0144ska &#8211; 3c<\/div>\n<div dir=\"auto\">&nbsp;<\/div>\n<\/div>\n<div class=\"cxmmr5t8 oygrvhab hcukyx3x c1et5uql o9v6fnle ii04i59q\">\n<div dir=\"auto\">Gratulujemy dziewcz\u0119ta i dzi\u0119kujemy za \u015bwietn\u0105 gr\u0119!<\/div>\n<\/div>\n","protected":false},"excerpt":{"rendered":"<p>&nbsp; &nbsp; Koszykarki szk\u00f3\u0142 \u015brednich w dniu 1 marca rozegra\u0142y Mistrzostwa Powiatu. Nasza dru\u017cyna po rozegraniu meczy systemem &#8222;ka\u017cdy z ka\u017cdym&#8221; zaj\u0119\u0142a II miejsce. &nbsp; Sk\u0142ad &#8222;srebrnej dru\u017cyny&#8221;: Inga St\u0119pie\u0144 &#8211; 3d Lidia Gu\u015bcin &#8211; 3d Milena Begier &#8211; 3d Kornelia Pastuszak &#8211; 3i Wieruszewska Julia &#8211; 3c Wawrzk\u00f3w Kamila &#8211; 3i W\u00f3jcik Kinga &#8211; [&hellip;]<\/p>\n","protected":false},"author":2,"featured_media":0,"comment_status":"open","ping_status":"open","sticky":false,"template":"","format":"standard","meta":{"ngg_post_thumbnail":0,"footnotes":""},"categories":[1,34],"tags":[],"class_list":["post-6973","post","type-post","status-publish","format-standard","hentry","category-aktualnosci","category-osiagniecia-sportowe-2021-2022"],"yoast_head":"<!-- This site is optimized with the Yoast SEO plugin v19.4 - https:\/\/yoast.com\/wordpress\/plugins\/seo\/ -->\n<title>Mistrzostwa Powiatu w koszyk\u00f3wce! Sukces! - II Liceum Og\u00f3lnokszta\u0142c\u0105ce w Lubinie<\/title>\n<meta name=\"robots\" content=\"index, follow, max-snippet:-1, max-image-preview:large, max-video-preview:-1\" \/>\n<link rel=\"canonical\" href=\"https:\/\/2liceum.eu\/index.php\/2022\/03\/08\/mistrzostwa-powiatu-w-koszykowce-sukces\/\" \/>\n<meta property=\"og:locale\" content=\"pl_PL\" \/>\n<meta property=\"og:type\" content=\"article\" \/>\n<meta property=\"og:title\" content=\"Mistrzostwa Powiatu w koszyk\u00f3wce! Sukces! - II Liceum Og\u00f3lnokszta\u0142c\u0105ce w Lubinie\" \/>\n<meta property=\"og:description\" content=\"&nbsp; &nbsp; Koszykarki szk\u00f3\u0142 \u015brednich w dniu 1 marca rozegra\u0142y Mistrzostwa Powiatu. Nasza dru\u017cyna po rozegraniu meczy systemem &#8222;ka\u017cdy z ka\u017cdym&#8221; zaj\u0119\u0142a II miejsce. &nbsp; Sk\u0142ad &#8222;srebrnej dru\u017cyny&#8221;: Inga St\u0119pie\u0144 &#8211; 3d Lidia Gu\u015bcin &#8211; 3d Milena Begier &#8211; 3d Kornelia Pastuszak &#8211; 3i Wieruszewska Julia &#8211; 3c Wawrzk\u00f3w Kamila &#8211; 3i W\u00f3jcik Kinga &#8211; [&hellip;]\" \/>\n<meta property=\"og:url\" content=\"https:\/\/2liceum.eu\/index.php\/2022\/03\/08\/mistrzostwa-powiatu-w-koszykowce-sukces\/\" \/>\n<meta property=\"og:site_name\" content=\"II Liceum Og\u00f3lnokszta\u0142c\u0105ce w Lubinie\" \/>\n<meta property=\"article:publisher\" content=\"https:\/\/web.facebook.com\/IILOLubin\/\" \/>\n<meta property=\"article:published_time\" content=\"2022-03-08T10:13:16+00:00\" \/>\n<meta property=\"article:modified_time\" content=\"2022-03-08T10:13:18+00:00\" \/>\n<meta property=\"og:image\" content=\"https:\/\/2liceum.eu\/wp-content\/uploads\/2022\/03\/275336268_5054888371234382_3314062275957892195_n-1024x768.jpg\" \/>\n<meta name=\"author\" content=\"Adam Dragan\" \/>\n<meta name=\"twitter:card\" content=\"summary_large_image\" \/>\n<meta name=\"twitter:label1\" content=\"Napisane przez\" \/>\n\t<meta name=\"twitter:data1\" content=\"Adam Dragan\" \/>\n\t<meta name=\"twitter:label2\" content=\"Szacowany czas czytania\" \/>\n\t<meta name=\"twitter:data2\" content=\"1 minuta\" \/>\n<script type=\"application\/ld+json\" class=\"yoast-schema-graph\">{\"@context\":\"https:\/\/schema.org\",\"@graph\":[{\"@type\":\"Organization\",\"@id\":\"https:\/\/2liceum.eu\/#organization\",\"name\":\"II Liceum Og\u00f3lnokszta\u0142c\u0105ce w Lubinie\",\"url\":\"https:\/\/2liceum.eu\/\",\"sameAs\":[\"http:\/\/2lolubin\",\"https:\/\/www.youtube.com\/channel\/UCWjEMxRJYdfvxPhVOn-8g_g\",\"https:\/\/web.facebook.com\/IILOLubin\/\"],\"logo\":{\"@type\":\"ImageObject\",\"inLanguage\":\"pl-PL\",\"@id\":\"https:\/\/2liceum.eu\/#\/schema\/logo\/image\/\",\"url\":\"https:\/\/2liceum.eu\/wp-content\/uploads\/2018\/01\/pobrane.jpg\",\"contentUrl\":\"https:\/\/2liceum.eu\/wp-content\/uploads\/2018\/01\/pobrane.jpg\",\"width\":184,\"height\":183,\"caption\":\"II Liceum Og\u00f3lnokszta\u0142c\u0105ce w Lubinie\"},\"image\":{\"@id\":\"https:\/\/2liceum.eu\/#\/schema\/logo\/image\/\"}},{\"@type\":\"WebSite\",\"@id\":\"https:\/\/2liceum.eu\/#website\",\"url\":\"https:\/\/2liceum.eu\/\",\"name\":\"II Liceum Og\u00f3lnokszta\u0142c\u0105ce w Lubinie\",\"description\":\"Oficjalny portal II LO w Lubinie. Informacje o szkole, kadrze, zaj\u0119ciach dydaktycznych, ko\u0142ach zainteresowa\u0144, wolontariacie. Aktualno\u015bci. Galeria zdj\u0119\u0107.\",\"publisher\":{\"@id\":\"https:\/\/2liceum.eu\/#organization\"},\"potentialAction\":[{\"@type\":\"SearchAction\",\"target\":{\"@type\":\"EntryPoint\",\"urlTemplate\":\"https:\/\/2liceum.eu\/?s={search_term_string}\"},\"query-input\":\"required name=search_term_string\"}],\"inLanguage\":\"pl-PL\"},{\"@type\":\"WebPage\",\"@id\":\"https:\/\/2liceum.eu\/index.php\/2022\/03\/08\/mistrzostwa-powiatu-w-koszykowce-sukces\/\",\"url\":\"https:\/\/2liceum.eu\/index.php\/2022\/03\/08\/mistrzostwa-powiatu-w-koszykowce-sukces\/\",\"name\":\"Mistrzostwa Powiatu w koszyk\u00f3wce! Sukces! - II Liceum Og\u00f3lnokszta\u0142c\u0105ce w Lubinie\",\"isPartOf\":{\"@id\":\"https:\/\/2liceum.eu\/#website\"},\"datePublished\":\"2022-03-08T10:13:16+00:00\",\"dateModified\":\"2022-03-08T10:13:18+00:00\",\"breadcrumb\":{\"@id\":\"https:\/\/2liceum.eu\/index.php\/2022\/03\/08\/mistrzostwa-powiatu-w-koszykowce-sukces\/#breadcrumb\"},\"inLanguage\":\"pl-PL\",\"potentialAction\":[{\"@type\":\"ReadAction\",\"target\":[\"https:\/\/2liceum.eu\/index.php\/2022\/03\/08\/mistrzostwa-powiatu-w-koszykowce-sukces\/\"]}]},{\"@type\":\"BreadcrumbList\",\"@id\":\"https:\/\/2liceum.eu\/index.php\/2022\/03\/08\/mistrzostwa-powiatu-w-koszykowce-sukces\/#breadcrumb\",\"itemListElement\":[{\"@type\":\"ListItem\",\"position\":1,\"name\":\"Strona g\u0142\u00f3wna\",\"item\":\"https:\/\/2liceum.eu\/\"},{\"@type\":\"ListItem\",\"position\":2,\"name\":\"Mistrzostwa Powiatu w&nbsp;koszyk\u00f3wce! Sukces!\"}]},{\"@type\":\"Article\",\"@id\":\"https:\/\/2liceum.eu\/index.php\/2022\/03\/08\/mistrzostwa-powiatu-w-koszykowce-sukces\/#article\",\"isPartOf\":{\"@id\":\"https:\/\/2liceum.eu\/index.php\/2022\/03\/08\/mistrzostwa-powiatu-w-koszykowce-sukces\/\"},\"author\":{\"name\":\"Adam Dragan\",\"@id\":\"https:\/\/2liceum.eu\/#\/schema\/person\/1a52557bfdaf047be954a8b190648da5\"},\"headline\":\"Mistrzostwa Powiatu w koszyk\u00f3wce! Sukces!\",\"datePublished\":\"2022-03-08T10:13:16+00:00\",\"dateModified\":\"2022-03-08T10:13:18+00:00\",\"mainEntityOfPage\":{\"@id\":\"https:\/\/2liceum.eu\/index.php\/2022\/03\/08\/mistrzostwa-powiatu-w-koszykowce-sukces\/\"},\"wordCount\":91,\"commentCount\":0,\"publisher\":{\"@id\":\"https:\/\/2liceum.eu\/#organization\"},\"articleSection\":[\"Aktualno\u015bci\",\"Osi\u0105gni\u0119cia sportowe 2021\/2022!\"],\"inLanguage\":\"pl-PL\",\"potentialAction\":[{\"@type\":\"CommentAction\",\"name\":\"Comment\",\"target\":[\"https:\/\/2liceum.eu\/index.php\/2022\/03\/08\/mistrzostwa-powiatu-w-koszykowce-sukces\/#respond\"]}]},{\"@type\":\"Person\",\"@id\":\"https:\/\/2liceum.eu\/#\/schema\/person\/1a52557bfdaf047be954a8b190648da5\",\"name\":\"Adam Dragan\",\"image\":{\"@type\":\"ImageObject\",\"inLanguage\":\"pl-PL\",\"@id\":\"https:\/\/2liceum.eu\/#\/schema\/person\/image\/\",\"url\":\"https:\/\/secure.gravatar.com\/avatar\/3a2bee53698f47ac117505a8a054d1e47e9ee9593c4c77dc18374aa80472d80c?s=96&d=mm&r=g\",\"contentUrl\":\"https:\/\/secure.gravatar.com\/avatar\/3a2bee53698f47ac117505a8a054d1e47e9ee9593c4c77dc18374aa80472d80c?s=96&d=mm&r=g\",\"caption\":\"Adam Dragan\"},\"sameAs\":[\"http:\/\/2liceum.eu\"]}]}<\/script>\n<!-- \/ Yoast SEO plugin. -->","yoast_head_json":{"title":"Mistrzostwa Powiatu w koszyk\u00f3wce! Sukces! - II Liceum Og\u00f3lnokszta\u0142c\u0105ce w Lubinie","robots":{"index":"index","follow":"follow","max-snippet":"max-snippet:-1","max-image-preview":"max-image-preview:large","max-video-preview":"max-video-preview:-1"},"canonical":"https:\/\/2liceum.eu\/index.php\/2022\/03\/08\/mistrzostwa-powiatu-w-koszykowce-sukces\/","og_locale":"pl_PL","og_type":"article","og_title":"Mistrzostwa Powiatu w koszyk\u00f3wce! Sukces! - II Liceum Og\u00f3lnokszta\u0142c\u0105ce w Lubinie","og_description":"&nbsp; &nbsp; Koszykarki szk\u00f3\u0142 \u015brednich w dniu 1 marca rozegra\u0142y Mistrzostwa Powiatu. Nasza dru\u017cyna po rozegraniu meczy systemem &#8222;ka\u017cdy z ka\u017cdym&#8221; zaj\u0119\u0142a II miejsce. &nbsp; Sk\u0142ad &#8222;srebrnej dru\u017cyny&#8221;: Inga St\u0119pie\u0144 &#8211; 3d Lidia Gu\u015bcin &#8211; 3d Milena Begier &#8211; 3d Kornelia Pastuszak &#8211; 3i Wieruszewska Julia &#8211; 3c Wawrzk\u00f3w Kamila &#8211; 3i W\u00f3jcik Kinga &#8211; [&hellip;]","og_url":"https:\/\/2liceum.eu\/index.php\/2022\/03\/08\/mistrzostwa-powiatu-w-koszykowce-sukces\/","og_site_name":"II Liceum Og\u00f3lnokszta\u0142c\u0105ce w Lubinie","article_publisher":"https:\/\/web.facebook.com\/IILOLubin\/","article_published_time":"2022-03-08T10:13:16+00:00","article_modified_time":"2022-03-08T10:13:18+00:00","og_image":[{"url":"https:\/\/2liceum.eu\/wp-content\/uploads\/2022\/03\/275336268_5054888371234382_3314062275957892195_n-1024x768.jpg"}],"author":"Adam Dragan","twitter_card":"summary_large_image","twitter_misc":{"Napisane przez":"Adam Dragan","Szacowany czas czytania":"1 minuta"},"schema":{"@context":"https:\/\/schema.org","@graph":[{"@type":"Organization","@id":"https:\/\/2liceum.eu\/#organization","name":"II Liceum Og\u00f3lnokszta\u0142c\u0105ce w Lubinie","url":"https:\/\/2liceum.eu\/","sameAs":["http:\/\/2lolubin","https:\/\/www.youtube.com\/channel\/UCWjEMxRJYdfvxPhVOn-8g_g","https:\/\/web.facebook.com\/IILOLubin\/"],"logo":{"@type":"ImageObject","inLanguage":"pl-PL","@id":"https:\/\/2liceum.eu\/#\/schema\/logo\/image\/","url":"https:\/\/2liceum.eu\/wp-content\/uploads\/2018\/01\/pobrane.jpg","contentUrl":"https:\/\/2liceum.eu\/wp-content\/uploads\/2018\/01\/pobrane.jpg","width":184,"height":183,"caption":"II Liceum Og\u00f3lnokszta\u0142c\u0105ce w Lubinie"},"image":{"@id":"https:\/\/2liceum.eu\/#\/schema\/logo\/image\/"}},{"@type":"WebSite","@id":"https:\/\/2liceum.eu\/#website","url":"https:\/\/2liceum.eu\/","name":"II Liceum Og\u00f3lnokszta\u0142c\u0105ce w Lubinie","description":"Oficjalny portal II LO w Lubinie. Informacje o szkole, kadrze, zaj\u0119ciach dydaktycznych, ko\u0142ach zainteresowa\u0144, wolontariacie. Aktualno\u015bci. Galeria zdj\u0119\u0107.","publisher":{"@id":"https:\/\/2liceum.eu\/#organization"},"potentialAction":[{"@type":"SearchAction","target":{"@type":"EntryPoint","urlTemplate":"https:\/\/2liceum.eu\/?s={search_term_string}"},"query-input":"required name=search_term_string"}],"inLanguage":"pl-PL"},{"@type":"WebPage","@id":"https:\/\/2liceum.eu\/index.php\/2022\/03\/08\/mistrzostwa-powiatu-w-koszykowce-sukces\/","url":"https:\/\/2liceum.eu\/index.php\/2022\/03\/08\/mistrzostwa-powiatu-w-koszykowce-sukces\/","name":"Mistrzostwa Powiatu w koszyk\u00f3wce! Sukces! - II Liceum Og\u00f3lnokszta\u0142c\u0105ce w Lubinie","isPartOf":{"@id":"https:\/\/2liceum.eu\/#website"},"datePublished":"2022-03-08T10:13:16+00:00","dateModified":"2022-03-08T10:13:18+00:00","breadcrumb":{"@id":"https:\/\/2liceum.eu\/index.php\/2022\/03\/08\/mistrzostwa-powiatu-w-koszykowce-sukces\/#breadcrumb"},"inLanguage":"pl-PL","potentialAction":[{"@type":"ReadAction","target":["https:\/\/2liceum.eu\/index.php\/2022\/03\/08\/mistrzostwa-powiatu-w-koszykowce-sukces\/"]}]},{"@type":"BreadcrumbList","@id":"https:\/\/2liceum.eu\/index.php\/2022\/03\/08\/mistrzostwa-powiatu-w-koszykowce-sukces\/#breadcrumb","itemListElement":[{"@type":"ListItem","position":1,"name":"Strona g\u0142\u00f3wna","item":"https:\/\/2liceum.eu\/"},{"@type":"ListItem","position":2,"name":"Mistrzostwa Powiatu w&nbsp;koszyk\u00f3wce! Sukces!"}]},{"@type":"Article","@id":"https:\/\/2liceum.eu\/index.php\/2022\/03\/08\/mistrzostwa-powiatu-w-koszykowce-sukces\/#article","isPartOf":{"@id":"https:\/\/2liceum.eu\/index.php\/2022\/03\/08\/mistrzostwa-powiatu-w-koszykowce-sukces\/"},"author":{"name":"Adam Dragan","@id":"https:\/\/2liceum.eu\/#\/schema\/person\/1a52557bfdaf047be954a8b190648da5"},"headline":"Mistrzostwa Powiatu w koszyk\u00f3wce! Sukces!","datePublished":"2022-03-08T10:13:16+00:00","dateModified":"2022-03-08T10:13:18+00:00","mainEntityOfPage":{"@id":"https:\/\/2liceum.eu\/index.php\/2022\/03\/08\/mistrzostwa-powiatu-w-koszykowce-sukces\/"},"wordCount":91,"commentCount":0,"publisher":{"@id":"https:\/\/2liceum.eu\/#organization"},"articleSection":["Aktualno\u015bci","Osi\u0105gni\u0119cia sportowe 2021\/2022!"],"inLanguage":"pl-PL","potentialAction":[{"@type":"CommentAction","name":"Comment","target":["https:\/\/2liceum.eu\/index.php\/2022\/03\/08\/mistrzostwa-powiatu-w-koszykowce-sukces\/#respond"]}]},{"@type":"Person","@id":"https:\/\/2liceum.eu\/#\/schema\/person\/1a52557bfdaf047be954a8b190648da5","name":"Adam Dragan","image":{"@type":"ImageObject","inLanguage":"pl-PL","@id":"https:\/\/2liceum.eu\/#\/schema\/person\/image\/","url":"https:\/\/secure.gravatar.com\/avatar\/3a2bee53698f47ac117505a8a054d1e47e9ee9593c4c77dc18374aa80472d80c?s=96&d=mm&r=g","contentUrl":"https:\/\/secure.gravatar.com\/avatar\/3a2bee53698f47ac117505a8a054d1e47e9ee9593c4c77dc18374aa80472d80c?s=96&d=mm&r=g","caption":"Adam Dragan"},"sameAs":["http:\/\/2liceum.eu"]}]}},"_links":{"self":[{"href":"https:\/\/2liceum.eu\/index.php\/wp-json\/wp\/v2\/posts\/6973","targetHints":{"allow":["GET"]}}],"collection":[{"href":"https:\/\/2liceum.eu\/index.php\/wp-json\/wp\/v2\/posts"}],"about":[{"href":"https:\/\/2liceum.eu\/index.php\/wp-json\/wp\/v2\/types\/post"}],"author":[{"embeddable":true,"href":"https:\/\/2liceum.eu\/index.php\/wp-json\/wp\/v2\/users\/2"}],"replies":[{"embeddable":true,"href":"https:\/\/2liceum.eu\/index.php\/wp-json\/wp\/v2\/comments?post=6973"}],"version-history":[{"count":1,"href":"https:\/\/2liceum.eu\/index.php\/wp-json\/wp\/v2\/posts\/6973\/revisions"}],"predecessor-version":[{"id":6976,"href":"https:\/\/2liceum.eu\/index.php\/wp-json\/wp\/v2\/posts\/6973\/revisions\/6976"}],"wp:attachment":[{"href":"https:\/\/2liceum.eu\/index.php\/wp-json\/wp\/v2\/media?parent=6973"}],"wp:term":[{"taxonomy":"category","embeddable":true,"href":"https:\/\/2liceum.eu\/index.php\/wp-json\/wp\/v2\/categories?post=6973"},{"taxonomy":"post_tag","embeddable":true,"href":"https:\/\/2liceum.eu\/index.php\/wp-json\/wp\/v2\/tags?post=6973"}],"curies":[{"name":"wp","href":"https:\/\/api.w.org\/{rel}","templated":true}]}}