{"id":6993,"date":"2022-03-14T13:17:23","date_gmt":"2022-03-14T12:17:23","guid":{"rendered":"https:\/\/2liceum.eu\/?p=6993"},"modified":"2022-03-14T13:17:24","modified_gmt":"2022-03-14T12:17:24","slug":"xxvi-kampanii-edukacyjna-czystosc-dla-lubina-pod-patronatem-prezydenta-miasta","status":"publish","type":"post","link":"https:\/\/2liceum.eu\/index.php\/2022\/03\/14\/xxvi-kampanii-edukacyjna-czystosc-dla-lubina-pod-patronatem-prezydenta-miasta\/","title":{"rendered":"XXVI kampanii edukacyjna &#8222;Czysto\u015b\u0107 dla Lubina&#8221; pod patronatem Prezydenta miasta!"},"content":{"rendered":"\n<div dir=\"auto\">&nbsp;<\/div>\n<div dir=\"auto\" style=\"text-align: center;\"><img loading=\"lazy\" decoding=\"async\" class=\"alignnone  wp-image-6994\" src=\"https:\/\/2liceum.eu\/wp-content\/uploads\/2022\/03\/20220312_100405-1.jpg\" alt=\"\" width=\"587\" height=\"405\" srcset=\"https:\/\/2liceum.eu\/wp-content\/uploads\/2022\/03\/20220312_100405-1.jpg 800w, https:\/\/2liceum.eu\/wp-content\/uploads\/2022\/03\/20220312_100405-1-300x207.jpg 300w, https:\/\/2liceum.eu\/wp-content\/uploads\/2022\/03\/20220312_100405-1-768x530.jpg 768w\" sizes=\"auto, (max-width: 587px) 100vw, 587px\" \/><\/div>\n<div dir=\"auto\">&nbsp;<\/div>\n<div class=\"cxmmr5t8 oygrvhab hcukyx3x c1et5uql o9v6fnle ii04i59q\">\n<div dir=\"auto\">&nbsp;<\/div>\n<div dir=\"auto\"><strong>Zapraszamy do udzia\u0142u w<span style=\"color: #008000;\"> szkolnej zbi\u00f3rce zu\u017cytych baterii<\/span> powszechnego u\u017cytku <span style=\"color: #008000;\">we wtorek 15 marca 2022 na 1,2 i 3 przerwie<\/span><\/strong> do specjalnego pojemnika na parterze w holu szko\u0142y na oznaczonym stanowisku obok tzw. &#8222;akwarium&#8221;.<\/div>\n<div dir=\"auto\">&nbsp;<\/div>\n<\/div>\n<div class=\"cxmmr5t8 oygrvhab hcukyx3x c1et5uql o9v6fnle ii04i59q\">\n<div dir=\"auto\">W ramach zbi\u00f3rki odb\u0119dzie si\u0119 konkurs na najefektywniejszego uczestnika (ilo\u015bci zebranych zu\u017cytych baterii) oraz na najbardziej zaanga\u017cowan\u0105 proekologicznie klas\u0119 w tym zakresie.<\/div>\n<div dir=\"auto\">&nbsp;<\/div>\n<\/div>\n<div class=\"cxmmr5t8 oygrvhab hcukyx3x c1et5uql o9v6fnle ii04i59q\">\n<div dir=\"auto\">Aktywnie chro\u0144my \u015brodowisko ~ zach\u0119camy do licznego udzia\u0142u w zbi\u00f3rce!<\/div>\n<div dir=\"auto\">&nbsp;<\/div>\n<\/div>\n<div class=\"cxmmr5t8 oygrvhab hcukyx3x c1et5uql o9v6fnle ii04i59q\">\n<div dir=\"auto\" style=\"text-align: right;\">Eco-wolontariuszki<\/div>\n<div dir=\"auto\" style=\"text-align: right;\">oraz szkolny koordynator zbi\u00f3rki<\/div>\n<div dir=\"auto\" style=\"text-align: right;\">Aldona Szykulska<\/div>\n<\/div>\n","protected":false},"excerpt":{"rendered":"<p>&nbsp; &nbsp; &nbsp; Zapraszamy do udzia\u0142u w szkolnej zbi\u00f3rce zu\u017cytych baterii powszechnego u\u017cytku we wtorek 15 marca 2022 na 1,2 i 3 przerwie do specjalnego pojemnika na parterze w holu szko\u0142y na oznaczonym stanowisku obok tzw. &#8222;akwarium&#8221;. &nbsp; W ramach zbi\u00f3rki odb\u0119dzie si\u0119 konkurs na najefektywniejszego uczestnika (ilo\u015bci zebranych zu\u017cytych baterii) oraz na najbardziej zaanga\u017cowan\u0105 [&hellip;]<\/p>\n","protected":false},"author":2,"featured_media":0,"comment_status":"open","ping_status":"open","sticky":false,"template":"","format":"standard","meta":{"ngg_post_thumbnail":0,"footnotes":""},"categories":[1],"tags":[],"class_list":["post-6993","post","type-post","status-publish","format-standard","hentry","category-aktualnosci"],"yoast_head":"<!-- This site is optimized with the Yoast SEO plugin v19.4 - https:\/\/yoast.com\/wordpress\/plugins\/seo\/ -->\n<title>XXVI kampanii edukacyjna &quot;Czysto\u015b\u0107 dla Lubina&quot; pod patronatem Prezydenta miasta! - II Liceum Og\u00f3lnokszta\u0142c\u0105ce w Lubinie<\/title>\n<meta name=\"robots\" content=\"index, follow, max-snippet:-1, max-image-preview:large, max-video-preview:-1\" \/>\n<link rel=\"canonical\" href=\"https:\/\/2liceum.eu\/index.php\/2022\/03\/14\/xxvi-kampanii-edukacyjna-czystosc-dla-lubina-pod-patronatem-prezydenta-miasta\/\" \/>\n<meta property=\"og:locale\" content=\"pl_PL\" \/>\n<meta property=\"og:type\" content=\"article\" \/>\n<meta property=\"og:title\" content=\"XXVI kampanii edukacyjna &quot;Czysto\u015b\u0107 dla Lubina&quot; pod patronatem Prezydenta miasta! - II Liceum Og\u00f3lnokszta\u0142c\u0105ce w Lubinie\" \/>\n<meta property=\"og:description\" content=\"&nbsp; &nbsp; &nbsp; Zapraszamy do udzia\u0142u w szkolnej zbi\u00f3rce zu\u017cytych baterii powszechnego u\u017cytku we wtorek 15 marca 2022 na 1,2 i 3 przerwie do specjalnego pojemnika na parterze w holu szko\u0142y na oznaczonym stanowisku obok tzw. &#8222;akwarium&#8221;. &nbsp; W ramach zbi\u00f3rki odb\u0119dzie si\u0119 konkurs na najefektywniejszego uczestnika (ilo\u015bci zebranych zu\u017cytych baterii) oraz na najbardziej zaanga\u017cowan\u0105 [&hellip;]\" \/>\n<meta property=\"og:url\" content=\"https:\/\/2liceum.eu\/index.php\/2022\/03\/14\/xxvi-kampanii-edukacyjna-czystosc-dla-lubina-pod-patronatem-prezydenta-miasta\/\" \/>\n<meta property=\"og:site_name\" content=\"II Liceum Og\u00f3lnokszta\u0142c\u0105ce w Lubinie\" \/>\n<meta property=\"article:publisher\" content=\"https:\/\/web.facebook.com\/IILOLubin\/\" \/>\n<meta property=\"article:published_time\" content=\"2022-03-14T12:17:23+00:00\" \/>\n<meta property=\"article:modified_time\" content=\"2022-03-14T12:17:24+00:00\" \/>\n<meta property=\"og:image\" content=\"https:\/\/2liceum.eu\/wp-content\/uploads\/2022\/03\/20220312_100405-1.jpg\" \/>\n<meta name=\"author\" content=\"Adam Dragan\" \/>\n<meta name=\"twitter:card\" content=\"summary_large_image\" \/>\n<meta name=\"twitter:label1\" content=\"Napisane przez\" \/>\n\t<meta name=\"twitter:data1\" content=\"Adam Dragan\" \/>\n\t<meta name=\"twitter:label2\" content=\"Szacowany czas czytania\" \/>\n\t<meta name=\"twitter:data2\" content=\"1 minuta\" \/>\n<script type=\"application\/ld+json\" class=\"yoast-schema-graph\">{\"@context\":\"https:\/\/schema.org\",\"@graph\":[{\"@type\":\"Organization\",\"@id\":\"https:\/\/2liceum.eu\/#organization\",\"name\":\"II Liceum Og\u00f3lnokszta\u0142c\u0105ce w Lubinie\",\"url\":\"https:\/\/2liceum.eu\/\",\"sameAs\":[\"http:\/\/2lolubin\",\"https:\/\/www.youtube.com\/channel\/UCWjEMxRJYdfvxPhVOn-8g_g\",\"https:\/\/web.facebook.com\/IILOLubin\/\"],\"logo\":{\"@type\":\"ImageObject\",\"inLanguage\":\"pl-PL\",\"@id\":\"https:\/\/2liceum.eu\/#\/schema\/logo\/image\/\",\"url\":\"https:\/\/2liceum.eu\/wp-content\/uploads\/2018\/01\/pobrane.jpg\",\"contentUrl\":\"https:\/\/2liceum.eu\/wp-content\/uploads\/2018\/01\/pobrane.jpg\",\"width\":184,\"height\":183,\"caption\":\"II Liceum Og\u00f3lnokszta\u0142c\u0105ce w Lubinie\"},\"image\":{\"@id\":\"https:\/\/2liceum.eu\/#\/schema\/logo\/image\/\"}},{\"@type\":\"WebSite\",\"@id\":\"https:\/\/2liceum.eu\/#website\",\"url\":\"https:\/\/2liceum.eu\/\",\"name\":\"II Liceum Og\u00f3lnokszta\u0142c\u0105ce w Lubinie\",\"description\":\"Oficjalny portal II LO w Lubinie. Informacje o szkole, kadrze, zaj\u0119ciach dydaktycznych, ko\u0142ach zainteresowa\u0144, wolontariacie. Aktualno\u015bci. Galeria zdj\u0119\u0107.\",\"publisher\":{\"@id\":\"https:\/\/2liceum.eu\/#organization\"},\"potentialAction\":[{\"@type\":\"SearchAction\",\"target\":{\"@type\":\"EntryPoint\",\"urlTemplate\":\"https:\/\/2liceum.eu\/?s={search_term_string}\"},\"query-input\":\"required name=search_term_string\"}],\"inLanguage\":\"pl-PL\"},{\"@type\":\"WebPage\",\"@id\":\"https:\/\/2liceum.eu\/index.php\/2022\/03\/14\/xxvi-kampanii-edukacyjna-czystosc-dla-lubina-pod-patronatem-prezydenta-miasta\/\",\"url\":\"https:\/\/2liceum.eu\/index.php\/2022\/03\/14\/xxvi-kampanii-edukacyjna-czystosc-dla-lubina-pod-patronatem-prezydenta-miasta\/\",\"name\":\"XXVI kampanii edukacyjna \\\"Czysto\u015b\u0107 dla Lubina\\\" pod patronatem Prezydenta miasta! - II Liceum Og\u00f3lnokszta\u0142c\u0105ce w Lubinie\",\"isPartOf\":{\"@id\":\"https:\/\/2liceum.eu\/#website\"},\"datePublished\":\"2022-03-14T12:17:23+00:00\",\"dateModified\":\"2022-03-14T12:17:24+00:00\",\"breadcrumb\":{\"@id\":\"https:\/\/2liceum.eu\/index.php\/2022\/03\/14\/xxvi-kampanii-edukacyjna-czystosc-dla-lubina-pod-patronatem-prezydenta-miasta\/#breadcrumb\"},\"inLanguage\":\"pl-PL\",\"potentialAction\":[{\"@type\":\"ReadAction\",\"target\":[\"https:\/\/2liceum.eu\/index.php\/2022\/03\/14\/xxvi-kampanii-edukacyjna-czystosc-dla-lubina-pod-patronatem-prezydenta-miasta\/\"]}]},{\"@type\":\"BreadcrumbList\",\"@id\":\"https:\/\/2liceum.eu\/index.php\/2022\/03\/14\/xxvi-kampanii-edukacyjna-czystosc-dla-lubina-pod-patronatem-prezydenta-miasta\/#breadcrumb\",\"itemListElement\":[{\"@type\":\"ListItem\",\"position\":1,\"name\":\"Strona g\u0142\u00f3wna\",\"item\":\"https:\/\/2liceum.eu\/\"},{\"@type\":\"ListItem\",\"position\":2,\"name\":\"XXVI kampanii edukacyjna &#8222;Czysto\u015b\u0107 dla Lubina&#8221; pod&nbsp;patronatem Prezydenta miasta!\"}]},{\"@type\":\"Article\",\"@id\":\"https:\/\/2liceum.eu\/index.php\/2022\/03\/14\/xxvi-kampanii-edukacyjna-czystosc-dla-lubina-pod-patronatem-prezydenta-miasta\/#article\",\"isPartOf\":{\"@id\":\"https:\/\/2liceum.eu\/index.php\/2022\/03\/14\/xxvi-kampanii-edukacyjna-czystosc-dla-lubina-pod-patronatem-prezydenta-miasta\/\"},\"author\":{\"name\":\"Adam Dragan\",\"@id\":\"https:\/\/2liceum.eu\/#\/schema\/person\/1a52557bfdaf047be954a8b190648da5\"},\"headline\":\"XXVI kampanii edukacyjna &#8222;Czysto\u015b\u0107 dla Lubina&#8221; pod patronatem Prezydenta miasta!\",\"datePublished\":\"2022-03-14T12:17:23+00:00\",\"dateModified\":\"2022-03-14T12:17:24+00:00\",\"mainEntityOfPage\":{\"@id\":\"https:\/\/2liceum.eu\/index.php\/2022\/03\/14\/xxvi-kampanii-edukacyjna-czystosc-dla-lubina-pod-patronatem-prezydenta-miasta\/\"},\"wordCount\":99,\"commentCount\":0,\"publisher\":{\"@id\":\"https:\/\/2liceum.eu\/#organization\"},\"articleSection\":[\"Aktualno\u015bci\"],\"inLanguage\":\"pl-PL\",\"potentialAction\":[{\"@type\":\"CommentAction\",\"name\":\"Comment\",\"target\":[\"https:\/\/2liceum.eu\/index.php\/2022\/03\/14\/xxvi-kampanii-edukacyjna-czystosc-dla-lubina-pod-patronatem-prezydenta-miasta\/#respond\"]}]},{\"@type\":\"Person\",\"@id\":\"https:\/\/2liceum.eu\/#\/schema\/person\/1a52557bfdaf047be954a8b190648da5\",\"name\":\"Adam Dragan\",\"image\":{\"@type\":\"ImageObject\",\"inLanguage\":\"pl-PL\",\"@id\":\"https:\/\/2liceum.eu\/#\/schema\/person\/image\/\",\"url\":\"https:\/\/secure.gravatar.com\/avatar\/3a2bee53698f47ac117505a8a054d1e47e9ee9593c4c77dc18374aa80472d80c?s=96&d=mm&r=g\",\"contentUrl\":\"https:\/\/secure.gravatar.com\/avatar\/3a2bee53698f47ac117505a8a054d1e47e9ee9593c4c77dc18374aa80472d80c?s=96&d=mm&r=g\",\"caption\":\"Adam Dragan\"},\"sameAs\":[\"http:\/\/2liceum.eu\"]}]}<\/script>\n<!-- \/ Yoast SEO plugin. -->","yoast_head_json":{"title":"XXVI kampanii edukacyjna \"Czysto\u015b\u0107 dla Lubina\" pod patronatem Prezydenta miasta! - II Liceum Og\u00f3lnokszta\u0142c\u0105ce w Lubinie","robots":{"index":"index","follow":"follow","max-snippet":"max-snippet:-1","max-image-preview":"max-image-preview:large","max-video-preview":"max-video-preview:-1"},"canonical":"https:\/\/2liceum.eu\/index.php\/2022\/03\/14\/xxvi-kampanii-edukacyjna-czystosc-dla-lubina-pod-patronatem-prezydenta-miasta\/","og_locale":"pl_PL","og_type":"article","og_title":"XXVI kampanii edukacyjna \"Czysto\u015b\u0107 dla Lubina\" pod patronatem Prezydenta miasta! - II Liceum Og\u00f3lnokszta\u0142c\u0105ce w Lubinie","og_description":"&nbsp; &nbsp; &nbsp; Zapraszamy do udzia\u0142u w szkolnej zbi\u00f3rce zu\u017cytych baterii powszechnego u\u017cytku we wtorek 15 marca 2022 na 1,2 i 3 przerwie do specjalnego pojemnika na parterze w holu szko\u0142y na oznaczonym stanowisku obok tzw. &#8222;akwarium&#8221;. &nbsp; W ramach zbi\u00f3rki odb\u0119dzie si\u0119 konkurs na najefektywniejszego uczestnika (ilo\u015bci zebranych zu\u017cytych baterii) oraz na najbardziej zaanga\u017cowan\u0105 [&hellip;]","og_url":"https:\/\/2liceum.eu\/index.php\/2022\/03\/14\/xxvi-kampanii-edukacyjna-czystosc-dla-lubina-pod-patronatem-prezydenta-miasta\/","og_site_name":"II Liceum Og\u00f3lnokszta\u0142c\u0105ce w Lubinie","article_publisher":"https:\/\/web.facebook.com\/IILOLubin\/","article_published_time":"2022-03-14T12:17:23+00:00","article_modified_time":"2022-03-14T12:17:24+00:00","og_image":[{"url":"https:\/\/2liceum.eu\/wp-content\/uploads\/2022\/03\/20220312_100405-1.jpg"}],"author":"Adam Dragan","twitter_card":"summary_large_image","twitter_misc":{"Napisane przez":"Adam Dragan","Szacowany czas czytania":"1 minuta"},"schema":{"@context":"https:\/\/schema.org","@graph":[{"@type":"Organization","@id":"https:\/\/2liceum.eu\/#organization","name":"II Liceum Og\u00f3lnokszta\u0142c\u0105ce w Lubinie","url":"https:\/\/2liceum.eu\/","sameAs":["http:\/\/2lolubin","https:\/\/www.youtube.com\/channel\/UCWjEMxRJYdfvxPhVOn-8g_g","https:\/\/web.facebook.com\/IILOLubin\/"],"logo":{"@type":"ImageObject","inLanguage":"pl-PL","@id":"https:\/\/2liceum.eu\/#\/schema\/logo\/image\/","url":"https:\/\/2liceum.eu\/wp-content\/uploads\/2018\/01\/pobrane.jpg","contentUrl":"https:\/\/2liceum.eu\/wp-content\/uploads\/2018\/01\/pobrane.jpg","width":184,"height":183,"caption":"II Liceum Og\u00f3lnokszta\u0142c\u0105ce w Lubinie"},"image":{"@id":"https:\/\/2liceum.eu\/#\/schema\/logo\/image\/"}},{"@type":"WebSite","@id":"https:\/\/2liceum.eu\/#website","url":"https:\/\/2liceum.eu\/","name":"II Liceum Og\u00f3lnokszta\u0142c\u0105ce w Lubinie","description":"Oficjalny portal II LO w Lubinie. Informacje o szkole, kadrze, zaj\u0119ciach dydaktycznych, ko\u0142ach zainteresowa\u0144, wolontariacie. Aktualno\u015bci. Galeria zdj\u0119\u0107.","publisher":{"@id":"https:\/\/2liceum.eu\/#organization"},"potentialAction":[{"@type":"SearchAction","target":{"@type":"EntryPoint","urlTemplate":"https:\/\/2liceum.eu\/?s={search_term_string}"},"query-input":"required name=search_term_string"}],"inLanguage":"pl-PL"},{"@type":"WebPage","@id":"https:\/\/2liceum.eu\/index.php\/2022\/03\/14\/xxvi-kampanii-edukacyjna-czystosc-dla-lubina-pod-patronatem-prezydenta-miasta\/","url":"https:\/\/2liceum.eu\/index.php\/2022\/03\/14\/xxvi-kampanii-edukacyjna-czystosc-dla-lubina-pod-patronatem-prezydenta-miasta\/","name":"XXVI kampanii edukacyjna \"Czysto\u015b\u0107 dla Lubina\" pod patronatem Prezydenta miasta! - II Liceum Og\u00f3lnokszta\u0142c\u0105ce w Lubinie","isPartOf":{"@id":"https:\/\/2liceum.eu\/#website"},"datePublished":"2022-03-14T12:17:23+00:00","dateModified":"2022-03-14T12:17:24+00:00","breadcrumb":{"@id":"https:\/\/2liceum.eu\/index.php\/2022\/03\/14\/xxvi-kampanii-edukacyjna-czystosc-dla-lubina-pod-patronatem-prezydenta-miasta\/#breadcrumb"},"inLanguage":"pl-PL","potentialAction":[{"@type":"ReadAction","target":["https:\/\/2liceum.eu\/index.php\/2022\/03\/14\/xxvi-kampanii-edukacyjna-czystosc-dla-lubina-pod-patronatem-prezydenta-miasta\/"]}]},{"@type":"BreadcrumbList","@id":"https:\/\/2liceum.eu\/index.php\/2022\/03\/14\/xxvi-kampanii-edukacyjna-czystosc-dla-lubina-pod-patronatem-prezydenta-miasta\/#breadcrumb","itemListElement":[{"@type":"ListItem","position":1,"name":"Strona g\u0142\u00f3wna","item":"https:\/\/2liceum.eu\/"},{"@type":"ListItem","position":2,"name":"XXVI kampanii edukacyjna &#8222;Czysto\u015b\u0107 dla Lubina&#8221; pod&nbsp;patronatem Prezydenta miasta!"}]},{"@type":"Article","@id":"https:\/\/2liceum.eu\/index.php\/2022\/03\/14\/xxvi-kampanii-edukacyjna-czystosc-dla-lubina-pod-patronatem-prezydenta-miasta\/#article","isPartOf":{"@id":"https:\/\/2liceum.eu\/index.php\/2022\/03\/14\/xxvi-kampanii-edukacyjna-czystosc-dla-lubina-pod-patronatem-prezydenta-miasta\/"},"author":{"name":"Adam Dragan","@id":"https:\/\/2liceum.eu\/#\/schema\/person\/1a52557bfdaf047be954a8b190648da5"},"headline":"XXVI kampanii edukacyjna &#8222;Czysto\u015b\u0107 dla Lubina&#8221; pod patronatem Prezydenta miasta!","datePublished":"2022-03-14T12:17:23+00:00","dateModified":"2022-03-14T12:17:24+00:00","mainEntityOfPage":{"@id":"https:\/\/2liceum.eu\/index.php\/2022\/03\/14\/xxvi-kampanii-edukacyjna-czystosc-dla-lubina-pod-patronatem-prezydenta-miasta\/"},"wordCount":99,"commentCount":0,"publisher":{"@id":"https:\/\/2liceum.eu\/#organization"},"articleSection":["Aktualno\u015bci"],"inLanguage":"pl-PL","potentialAction":[{"@type":"CommentAction","name":"Comment","target":["https:\/\/2liceum.eu\/index.php\/2022\/03\/14\/xxvi-kampanii-edukacyjna-czystosc-dla-lubina-pod-patronatem-prezydenta-miasta\/#respond"]}]},{"@type":"Person","@id":"https:\/\/2liceum.eu\/#\/schema\/person\/1a52557bfdaf047be954a8b190648da5","name":"Adam Dragan","image":{"@type":"ImageObject","inLanguage":"pl-PL","@id":"https:\/\/2liceum.eu\/#\/schema\/person\/image\/","url":"https:\/\/secure.gravatar.com\/avatar\/3a2bee53698f47ac117505a8a054d1e47e9ee9593c4c77dc18374aa80472d80c?s=96&d=mm&r=g","contentUrl":"https:\/\/secure.gravatar.com\/avatar\/3a2bee53698f47ac117505a8a054d1e47e9ee9593c4c77dc18374aa80472d80c?s=96&d=mm&r=g","caption":"Adam Dragan"},"sameAs":["http:\/\/2liceum.eu"]}]}},"_links":{"self":[{"href":"https:\/\/2liceum.eu\/index.php\/wp-json\/wp\/v2\/posts\/6993","targetHints":{"allow":["GET"]}}],"collection":[{"href":"https:\/\/2liceum.eu\/index.php\/wp-json\/wp\/v2\/posts"}],"about":[{"href":"https:\/\/2liceum.eu\/index.php\/wp-json\/wp\/v2\/types\/post"}],"author":[{"embeddable":true,"href":"https:\/\/2liceum.eu\/index.php\/wp-json\/wp\/v2\/users\/2"}],"replies":[{"embeddable":true,"href":"https:\/\/2liceum.eu\/index.php\/wp-json\/wp\/v2\/comments?post=6993"}],"version-history":[{"count":1,"href":"https:\/\/2liceum.eu\/index.php\/wp-json\/wp\/v2\/posts\/6993\/revisions"}],"predecessor-version":[{"id":6995,"href":"https:\/\/2liceum.eu\/index.php\/wp-json\/wp\/v2\/posts\/6993\/revisions\/6995"}],"wp:attachment":[{"href":"https:\/\/2liceum.eu\/index.php\/wp-json\/wp\/v2\/media?parent=6993"}],"wp:term":[{"taxonomy":"category","embeddable":true,"href":"https:\/\/2liceum.eu\/index.php\/wp-json\/wp\/v2\/categories?post=6993"},{"taxonomy":"post_tag","embeddable":true,"href":"https:\/\/2liceum.eu\/index.php\/wp-json\/wp\/v2\/tags?post=6993"}],"curies":[{"name":"wp","href":"https:\/\/api.w.org\/{rel}","templated":true}]}}