{"id":7011,"date":"2022-03-18T09:42:51","date_gmt":"2022-03-18T08:42:51","guid":{"rendered":"https:\/\/2liceum.eu\/?p=7011"},"modified":"2022-03-18T09:42:53","modified_gmt":"2022-03-18T08:42:53","slug":"komunikatywny-europejczyk-3","status":"publish","type":"post","link":"https:\/\/2liceum.eu\/index.php\/2022\/03\/18\/komunikatywny-europejczyk-3\/","title":{"rendered":"Komunikatywny Europejczyk!"},"content":{"rendered":"\n<div dir=\"auto\">&nbsp;<\/div>\n<div dir=\"auto\" style=\"text-align: center;\"><img loading=\"lazy\" decoding=\"async\" class=\"alignnone size-large wp-image-7012\" src=\"https:\/\/2liceum.eu\/wp-content\/uploads\/2022\/03\/275939105_5081907978532421_3291258558044428481_n-1024x768.jpg\" alt=\"\" width=\"606\" height=\"455\" srcset=\"https:\/\/2liceum.eu\/wp-content\/uploads\/2022\/03\/275939105_5081907978532421_3291258558044428481_n-1024x768.jpg 1024w, https:\/\/2liceum.eu\/wp-content\/uploads\/2022\/03\/275939105_5081907978532421_3291258558044428481_n-300x225.jpg 300w, https:\/\/2liceum.eu\/wp-content\/uploads\/2022\/03\/275939105_5081907978532421_3291258558044428481_n-768x576.jpg 768w, https:\/\/2liceum.eu\/wp-content\/uploads\/2022\/03\/275939105_5081907978532421_3291258558044428481_n-1536x1152.jpg 1536w, https:\/\/2liceum.eu\/wp-content\/uploads\/2022\/03\/275939105_5081907978532421_3291258558044428481_n.jpg 2040w\" sizes=\"auto, (max-width: 606px) 100vw, 606px\" \/><\/div>\n<div dir=\"auto\">&nbsp;<\/div>\n<div class=\"cxmmr5t8 oygrvhab hcukyx3x c1et5uql o9v6fnle ii04i59q\">\n<div dir=\"auto\" style=\"text-align: justify;\"><strong>W \u015brod\u0119 16 marca w naszym Liceum ju\u017c po raz trzynasty go\u015bcili\u015bmy utalentowanych j\u0119zykowo uczni\u00f3w z naszego rejonu.<\/strong> 78 os\u00f3b zn\u00f3w walczy\u0142o o <strong>tytu\u0142 <span style=\"color: #008000;\">\u201eKomunikatywnego Europejczyka\u201d<\/span>.<\/strong> Dwuj\u0119zyczny konkurs stworzony i przygotowywany przez nauczycieli j\u0119zyk\u00f3w obcych II LO cieszy si\u0119 coraz wi\u0119ksz\u0105 popularno\u015bci\u0105. Opr\u00f3cz satysfakcji i nagr\u00f3d zwyci\u0119zcy w kategorii szk\u00f3\u0142 podstawowych mog\u0105 liczy\u0107 na dodatkowe punkty przy rekrutacji do szk\u00f3\u0142 \u015brednich, poniewa\u017c <strong>nasz konkurs zosta\u0142 wyr\u00f3\u017cniony i wpisany na list\u0119 zawod\u00f3w uznanych przez Dolno\u015bl\u0105skiego Kuratora O\u015bwiaty.<\/strong><\/div>\n<div dir=\"auto\">&nbsp;<\/div>\n<\/div>\n<div class=\"cxmmr5t8 oygrvhab hcukyx3x c1et5uql o9v6fnle ii04i59q\">\n<div dir=\"auto\" style=\"text-align: justify;\">W etapie mi\u0119dzyszkolnym rywalizuj\u0105 najlepsi m\u0142odzi poligloci wy\u0142onieni w szkolnych eliminacjach, gdy\u017c ka\u017cd\u0105 plac\u00f3wk\u0119 reprezentowa\u0107 mo\u017ce maksymalnie 5 uczestnik\u00f3w. W II LO w etapie szkolnym uczestniczy\u0142o 30 os\u00f3b, w\u015br\u00f3d kt\u00f3rych najlepsi okazali si\u0119 uczniowie klasy j\u0119zykowej \u2013 III i:<\/div>\n<div dir=\"auto\">&nbsp;<\/div>\n<\/div>\n<div class=\"cxmmr5t8 oygrvhab hcukyx3x c1et5uql o9v6fnle ii04i59q\">\n<div dir=\"auto\">&#8211; Adrianna Chojnacka<\/div>\n<div dir=\"auto\">&#8211; Filip Nowak<\/div>\n<div dir=\"auto\">&#8211; Natalia Wadowska<\/div>\n<div dir=\"auto\">&#8211; Miko\u0142aj Ozga<\/div>\n<div dir=\"auto\">&#8211; Julia Karwan<\/div>\n<div dir=\"auto\" style=\"text-align: justify;\">&nbsp;<\/div>\n<\/div>\n<div class=\"cxmmr5t8 oygrvhab hcukyx3x c1et5uql o9v6fnle ii04i59q\">\n<div dir=\"auto\">Mocno trzymali\u015bmy za was kciuki i z niecierpliwo\u015bci\u0105 czekamy na wyniki <span class=\"pq6dq46d tbxw36s4 knj5qynh kvgmc6g5 ditlmg2l oygrvhab nvdbi5me sf5mxxl7 gl3lb2sf hhz5lgdu\"><img loading=\"lazy\" decoding=\"async\" src=\"https:\/\/static.xx.fbcdn.net\/images\/emoji.php\/v9\/t4c\/1\/16\/1f642.png\" alt=\"\ud83d\ude42\" width=\"16\" height=\"16\"><\/span><\/div>\n<\/div>\n","protected":false},"excerpt":{"rendered":"<p>&nbsp; &nbsp; W \u015brod\u0119 16 marca w naszym Liceum ju\u017c po raz trzynasty go\u015bcili\u015bmy utalentowanych j\u0119zykowo uczni\u00f3w z naszego rejonu. 78 os\u00f3b zn\u00f3w walczy\u0142o o tytu\u0142 \u201eKomunikatywnego Europejczyka\u201d. Dwuj\u0119zyczny konkurs stworzony i przygotowywany przez nauczycieli j\u0119zyk\u00f3w obcych II LO cieszy si\u0119 coraz wi\u0119ksz\u0105 popularno\u015bci\u0105. Opr\u00f3cz satysfakcji i nagr\u00f3d zwyci\u0119zcy w kategorii szk\u00f3\u0142 podstawowych mog\u0105 liczy\u0107 [&hellip;]<\/p>\n","protected":false},"author":2,"featured_media":0,"comment_status":"open","ping_status":"open","sticky":false,"template":"","format":"standard","meta":{"ngg_post_thumbnail":0,"footnotes":""},"categories":[1,7],"tags":[],"class_list":["post-7011","post","type-post","status-publish","format-standard","hentry","category-aktualnosci","category-osiagniecia"],"yoast_head":"<!-- This site is optimized with the Yoast SEO plugin v19.4 - https:\/\/yoast.com\/wordpress\/plugins\/seo\/ -->\n<title>Komunikatywny Europejczyk! - II Liceum Og\u00f3lnokszta\u0142c\u0105ce w Lubinie<\/title>\n<meta name=\"robots\" content=\"index, follow, max-snippet:-1, max-image-preview:large, max-video-preview:-1\" \/>\n<link rel=\"canonical\" href=\"https:\/\/2liceum.eu\/index.php\/2022\/03\/18\/komunikatywny-europejczyk-3\/\" \/>\n<meta property=\"og:locale\" content=\"pl_PL\" \/>\n<meta property=\"og:type\" content=\"article\" \/>\n<meta property=\"og:title\" content=\"Komunikatywny Europejczyk! - II Liceum Og\u00f3lnokszta\u0142c\u0105ce w Lubinie\" \/>\n<meta property=\"og:description\" content=\"&nbsp; &nbsp; W \u015brod\u0119 16 marca w naszym Liceum ju\u017c po raz trzynasty go\u015bcili\u015bmy utalentowanych j\u0119zykowo uczni\u00f3w z naszego rejonu. 78 os\u00f3b zn\u00f3w walczy\u0142o o tytu\u0142 \u201eKomunikatywnego Europejczyka\u201d. Dwuj\u0119zyczny konkurs stworzony i przygotowywany przez nauczycieli j\u0119zyk\u00f3w obcych II LO cieszy si\u0119 coraz wi\u0119ksz\u0105 popularno\u015bci\u0105. Opr\u00f3cz satysfakcji i nagr\u00f3d zwyci\u0119zcy w kategorii szk\u00f3\u0142 podstawowych mog\u0105 liczy\u0107 [&hellip;]\" \/>\n<meta property=\"og:url\" content=\"https:\/\/2liceum.eu\/index.php\/2022\/03\/18\/komunikatywny-europejczyk-3\/\" \/>\n<meta property=\"og:site_name\" content=\"II Liceum Og\u00f3lnokszta\u0142c\u0105ce w Lubinie\" \/>\n<meta property=\"article:publisher\" content=\"https:\/\/web.facebook.com\/IILOLubin\/\" \/>\n<meta property=\"article:published_time\" content=\"2022-03-18T08:42:51+00:00\" \/>\n<meta property=\"article:modified_time\" content=\"2022-03-18T08:42:53+00:00\" \/>\n<meta property=\"og:image\" content=\"https:\/\/2liceum.eu\/wp-content\/uploads\/2022\/03\/275939105_5081907978532421_3291258558044428481_n-1024x768.jpg\" \/>\n<meta name=\"author\" content=\"Adam Dragan\" \/>\n<meta name=\"twitter:card\" content=\"summary_large_image\" \/>\n<meta name=\"twitter:label1\" content=\"Napisane przez\" \/>\n\t<meta name=\"twitter:data1\" content=\"Adam Dragan\" \/>\n\t<meta name=\"twitter:label2\" content=\"Szacowany czas czytania\" \/>\n\t<meta name=\"twitter:data2\" content=\"2 minuty\" \/>\n<script type=\"application\/ld+json\" class=\"yoast-schema-graph\">{\"@context\":\"https:\/\/schema.org\",\"@graph\":[{\"@type\":\"Organization\",\"@id\":\"https:\/\/2liceum.eu\/#organization\",\"name\":\"II Liceum Og\u00f3lnokszta\u0142c\u0105ce w Lubinie\",\"url\":\"https:\/\/2liceum.eu\/\",\"sameAs\":[\"http:\/\/2lolubin\",\"https:\/\/www.youtube.com\/channel\/UCWjEMxRJYdfvxPhVOn-8g_g\",\"https:\/\/web.facebook.com\/IILOLubin\/\"],\"logo\":{\"@type\":\"ImageObject\",\"inLanguage\":\"pl-PL\",\"@id\":\"https:\/\/2liceum.eu\/#\/schema\/logo\/image\/\",\"url\":\"https:\/\/2liceum.eu\/wp-content\/uploads\/2018\/01\/pobrane.jpg\",\"contentUrl\":\"https:\/\/2liceum.eu\/wp-content\/uploads\/2018\/01\/pobrane.jpg\",\"width\":184,\"height\":183,\"caption\":\"II Liceum Og\u00f3lnokszta\u0142c\u0105ce w Lubinie\"},\"image\":{\"@id\":\"https:\/\/2liceum.eu\/#\/schema\/logo\/image\/\"}},{\"@type\":\"WebSite\",\"@id\":\"https:\/\/2liceum.eu\/#website\",\"url\":\"https:\/\/2liceum.eu\/\",\"name\":\"II Liceum Og\u00f3lnokszta\u0142c\u0105ce w Lubinie\",\"description\":\"Oficjalny portal II LO w Lubinie. Informacje o szkole, kadrze, zaj\u0119ciach dydaktycznych, ko\u0142ach zainteresowa\u0144, wolontariacie. Aktualno\u015bci. Galeria zdj\u0119\u0107.\",\"publisher\":{\"@id\":\"https:\/\/2liceum.eu\/#organization\"},\"potentialAction\":[{\"@type\":\"SearchAction\",\"target\":{\"@type\":\"EntryPoint\",\"urlTemplate\":\"https:\/\/2liceum.eu\/?s={search_term_string}\"},\"query-input\":\"required name=search_term_string\"}],\"inLanguage\":\"pl-PL\"},{\"@type\":\"WebPage\",\"@id\":\"https:\/\/2liceum.eu\/index.php\/2022\/03\/18\/komunikatywny-europejczyk-3\/\",\"url\":\"https:\/\/2liceum.eu\/index.php\/2022\/03\/18\/komunikatywny-europejczyk-3\/\",\"name\":\"Komunikatywny Europejczyk! - II Liceum Og\u00f3lnokszta\u0142c\u0105ce w Lubinie\",\"isPartOf\":{\"@id\":\"https:\/\/2liceum.eu\/#website\"},\"datePublished\":\"2022-03-18T08:42:51+00:00\",\"dateModified\":\"2022-03-18T08:42:53+00:00\",\"breadcrumb\":{\"@id\":\"https:\/\/2liceum.eu\/index.php\/2022\/03\/18\/komunikatywny-europejczyk-3\/#breadcrumb\"},\"inLanguage\":\"pl-PL\",\"potentialAction\":[{\"@type\":\"ReadAction\",\"target\":[\"https:\/\/2liceum.eu\/index.php\/2022\/03\/18\/komunikatywny-europejczyk-3\/\"]}]},{\"@type\":\"BreadcrumbList\",\"@id\":\"https:\/\/2liceum.eu\/index.php\/2022\/03\/18\/komunikatywny-europejczyk-3\/#breadcrumb\",\"itemListElement\":[{\"@type\":\"ListItem\",\"position\":1,\"name\":\"Strona g\u0142\u00f3wna\",\"item\":\"https:\/\/2liceum.eu\/\"},{\"@type\":\"ListItem\",\"position\":2,\"name\":\"Komunikatywny Europejczyk!\"}]},{\"@type\":\"Article\",\"@id\":\"https:\/\/2liceum.eu\/index.php\/2022\/03\/18\/komunikatywny-europejczyk-3\/#article\",\"isPartOf\":{\"@id\":\"https:\/\/2liceum.eu\/index.php\/2022\/03\/18\/komunikatywny-europejczyk-3\/\"},\"author\":{\"name\":\"Adam Dragan\",\"@id\":\"https:\/\/2liceum.eu\/#\/schema\/person\/1a52557bfdaf047be954a8b190648da5\"},\"headline\":\"Komunikatywny Europejczyk!\",\"datePublished\":\"2022-03-18T08:42:51+00:00\",\"dateModified\":\"2022-03-18T08:42:53+00:00\",\"mainEntityOfPage\":{\"@id\":\"https:\/\/2liceum.eu\/index.php\/2022\/03\/18\/komunikatywny-europejczyk-3\/\"},\"wordCount\":179,\"commentCount\":0,\"publisher\":{\"@id\":\"https:\/\/2liceum.eu\/#organization\"},\"articleSection\":[\"Aktualno\u015bci\",\"Osi\u0105gni\u0119cia\"],\"inLanguage\":\"pl-PL\",\"potentialAction\":[{\"@type\":\"CommentAction\",\"name\":\"Comment\",\"target\":[\"https:\/\/2liceum.eu\/index.php\/2022\/03\/18\/komunikatywny-europejczyk-3\/#respond\"]}]},{\"@type\":\"Person\",\"@id\":\"https:\/\/2liceum.eu\/#\/schema\/person\/1a52557bfdaf047be954a8b190648da5\",\"name\":\"Adam Dragan\",\"image\":{\"@type\":\"ImageObject\",\"inLanguage\":\"pl-PL\",\"@id\":\"https:\/\/2liceum.eu\/#\/schema\/person\/image\/\",\"url\":\"https:\/\/secure.gravatar.com\/avatar\/3a2bee53698f47ac117505a8a054d1e47e9ee9593c4c77dc18374aa80472d80c?s=96&d=mm&r=g\",\"contentUrl\":\"https:\/\/secure.gravatar.com\/avatar\/3a2bee53698f47ac117505a8a054d1e47e9ee9593c4c77dc18374aa80472d80c?s=96&d=mm&r=g\",\"caption\":\"Adam Dragan\"},\"sameAs\":[\"http:\/\/2liceum.eu\"]}]}<\/script>\n<!-- \/ Yoast SEO plugin. -->","yoast_head_json":{"title":"Komunikatywny Europejczyk! - II Liceum Og\u00f3lnokszta\u0142c\u0105ce w Lubinie","robots":{"index":"index","follow":"follow","max-snippet":"max-snippet:-1","max-image-preview":"max-image-preview:large","max-video-preview":"max-video-preview:-1"},"canonical":"https:\/\/2liceum.eu\/index.php\/2022\/03\/18\/komunikatywny-europejczyk-3\/","og_locale":"pl_PL","og_type":"article","og_title":"Komunikatywny Europejczyk! - II Liceum Og\u00f3lnokszta\u0142c\u0105ce w Lubinie","og_description":"&nbsp; &nbsp; W \u015brod\u0119 16 marca w naszym Liceum ju\u017c po raz trzynasty go\u015bcili\u015bmy utalentowanych j\u0119zykowo uczni\u00f3w z naszego rejonu. 78 os\u00f3b zn\u00f3w walczy\u0142o o tytu\u0142 \u201eKomunikatywnego Europejczyka\u201d. Dwuj\u0119zyczny konkurs stworzony i przygotowywany przez nauczycieli j\u0119zyk\u00f3w obcych II LO cieszy si\u0119 coraz wi\u0119ksz\u0105 popularno\u015bci\u0105. Opr\u00f3cz satysfakcji i nagr\u00f3d zwyci\u0119zcy w kategorii szk\u00f3\u0142 podstawowych mog\u0105 liczy\u0107 [&hellip;]","og_url":"https:\/\/2liceum.eu\/index.php\/2022\/03\/18\/komunikatywny-europejczyk-3\/","og_site_name":"II Liceum Og\u00f3lnokszta\u0142c\u0105ce w Lubinie","article_publisher":"https:\/\/web.facebook.com\/IILOLubin\/","article_published_time":"2022-03-18T08:42:51+00:00","article_modified_time":"2022-03-18T08:42:53+00:00","og_image":[{"url":"https:\/\/2liceum.eu\/wp-content\/uploads\/2022\/03\/275939105_5081907978532421_3291258558044428481_n-1024x768.jpg"}],"author":"Adam Dragan","twitter_card":"summary_large_image","twitter_misc":{"Napisane przez":"Adam Dragan","Szacowany czas czytania":"2 minuty"},"schema":{"@context":"https:\/\/schema.org","@graph":[{"@type":"Organization","@id":"https:\/\/2liceum.eu\/#organization","name":"II Liceum Og\u00f3lnokszta\u0142c\u0105ce w Lubinie","url":"https:\/\/2liceum.eu\/","sameAs":["http:\/\/2lolubin","https:\/\/www.youtube.com\/channel\/UCWjEMxRJYdfvxPhVOn-8g_g","https:\/\/web.facebook.com\/IILOLubin\/"],"logo":{"@type":"ImageObject","inLanguage":"pl-PL","@id":"https:\/\/2liceum.eu\/#\/schema\/logo\/image\/","url":"https:\/\/2liceum.eu\/wp-content\/uploads\/2018\/01\/pobrane.jpg","contentUrl":"https:\/\/2liceum.eu\/wp-content\/uploads\/2018\/01\/pobrane.jpg","width":184,"height":183,"caption":"II Liceum Og\u00f3lnokszta\u0142c\u0105ce w Lubinie"},"image":{"@id":"https:\/\/2liceum.eu\/#\/schema\/logo\/image\/"}},{"@type":"WebSite","@id":"https:\/\/2liceum.eu\/#website","url":"https:\/\/2liceum.eu\/","name":"II Liceum Og\u00f3lnokszta\u0142c\u0105ce w Lubinie","description":"Oficjalny portal II LO w Lubinie. Informacje o szkole, kadrze, zaj\u0119ciach dydaktycznych, ko\u0142ach zainteresowa\u0144, wolontariacie. Aktualno\u015bci. Galeria zdj\u0119\u0107.","publisher":{"@id":"https:\/\/2liceum.eu\/#organization"},"potentialAction":[{"@type":"SearchAction","target":{"@type":"EntryPoint","urlTemplate":"https:\/\/2liceum.eu\/?s={search_term_string}"},"query-input":"required name=search_term_string"}],"inLanguage":"pl-PL"},{"@type":"WebPage","@id":"https:\/\/2liceum.eu\/index.php\/2022\/03\/18\/komunikatywny-europejczyk-3\/","url":"https:\/\/2liceum.eu\/index.php\/2022\/03\/18\/komunikatywny-europejczyk-3\/","name":"Komunikatywny Europejczyk! - II Liceum Og\u00f3lnokszta\u0142c\u0105ce w Lubinie","isPartOf":{"@id":"https:\/\/2liceum.eu\/#website"},"datePublished":"2022-03-18T08:42:51+00:00","dateModified":"2022-03-18T08:42:53+00:00","breadcrumb":{"@id":"https:\/\/2liceum.eu\/index.php\/2022\/03\/18\/komunikatywny-europejczyk-3\/#breadcrumb"},"inLanguage":"pl-PL","potentialAction":[{"@type":"ReadAction","target":["https:\/\/2liceum.eu\/index.php\/2022\/03\/18\/komunikatywny-europejczyk-3\/"]}]},{"@type":"BreadcrumbList","@id":"https:\/\/2liceum.eu\/index.php\/2022\/03\/18\/komunikatywny-europejczyk-3\/#breadcrumb","itemListElement":[{"@type":"ListItem","position":1,"name":"Strona g\u0142\u00f3wna","item":"https:\/\/2liceum.eu\/"},{"@type":"ListItem","position":2,"name":"Komunikatywny Europejczyk!"}]},{"@type":"Article","@id":"https:\/\/2liceum.eu\/index.php\/2022\/03\/18\/komunikatywny-europejczyk-3\/#article","isPartOf":{"@id":"https:\/\/2liceum.eu\/index.php\/2022\/03\/18\/komunikatywny-europejczyk-3\/"},"author":{"name":"Adam Dragan","@id":"https:\/\/2liceum.eu\/#\/schema\/person\/1a52557bfdaf047be954a8b190648da5"},"headline":"Komunikatywny Europejczyk!","datePublished":"2022-03-18T08:42:51+00:00","dateModified":"2022-03-18T08:42:53+00:00","mainEntityOfPage":{"@id":"https:\/\/2liceum.eu\/index.php\/2022\/03\/18\/komunikatywny-europejczyk-3\/"},"wordCount":179,"commentCount":0,"publisher":{"@id":"https:\/\/2liceum.eu\/#organization"},"articleSection":["Aktualno\u015bci","Osi\u0105gni\u0119cia"],"inLanguage":"pl-PL","potentialAction":[{"@type":"CommentAction","name":"Comment","target":["https:\/\/2liceum.eu\/index.php\/2022\/03\/18\/komunikatywny-europejczyk-3\/#respond"]}]},{"@type":"Person","@id":"https:\/\/2liceum.eu\/#\/schema\/person\/1a52557bfdaf047be954a8b190648da5","name":"Adam Dragan","image":{"@type":"ImageObject","inLanguage":"pl-PL","@id":"https:\/\/2liceum.eu\/#\/schema\/person\/image\/","url":"https:\/\/secure.gravatar.com\/avatar\/3a2bee53698f47ac117505a8a054d1e47e9ee9593c4c77dc18374aa80472d80c?s=96&d=mm&r=g","contentUrl":"https:\/\/secure.gravatar.com\/avatar\/3a2bee53698f47ac117505a8a054d1e47e9ee9593c4c77dc18374aa80472d80c?s=96&d=mm&r=g","caption":"Adam Dragan"},"sameAs":["http:\/\/2liceum.eu"]}]}},"_links":{"self":[{"href":"https:\/\/2liceum.eu\/index.php\/wp-json\/wp\/v2\/posts\/7011","targetHints":{"allow":["GET"]}}],"collection":[{"href":"https:\/\/2liceum.eu\/index.php\/wp-json\/wp\/v2\/posts"}],"about":[{"href":"https:\/\/2liceum.eu\/index.php\/wp-json\/wp\/v2\/types\/post"}],"author":[{"embeddable":true,"href":"https:\/\/2liceum.eu\/index.php\/wp-json\/wp\/v2\/users\/2"}],"replies":[{"embeddable":true,"href":"https:\/\/2liceum.eu\/index.php\/wp-json\/wp\/v2\/comments?post=7011"}],"version-history":[{"count":1,"href":"https:\/\/2liceum.eu\/index.php\/wp-json\/wp\/v2\/posts\/7011\/revisions"}],"predecessor-version":[{"id":7013,"href":"https:\/\/2liceum.eu\/index.php\/wp-json\/wp\/v2\/posts\/7011\/revisions\/7013"}],"wp:attachment":[{"href":"https:\/\/2liceum.eu\/index.php\/wp-json\/wp\/v2\/media?parent=7011"}],"wp:term":[{"taxonomy":"category","embeddable":true,"href":"https:\/\/2liceum.eu\/index.php\/wp-json\/wp\/v2\/categories?post=7011"},{"taxonomy":"post_tag","embeddable":true,"href":"https:\/\/2liceum.eu\/index.php\/wp-json\/wp\/v2\/tags?post=7011"}],"curies":[{"name":"wp","href":"https:\/\/api.w.org\/{rel}","templated":true}]}}