{"id":7100,"date":"2022-04-07T08:11:27","date_gmt":"2022-04-07T06:11:27","guid":{"rendered":"https:\/\/2liceum.eu\/?p=7100"},"modified":"2022-04-07T08:11:38","modified_gmt":"2022-04-07T06:11:38","slug":"wyniki-konkursu-komunikatywny-europejczyk-3","status":"publish","type":"post","link":"https:\/\/2liceum.eu\/index.php\/2022\/04\/07\/wyniki-konkursu-komunikatywny-europejczyk-3\/","title":{"rendered":"WYNIKI KONKURSU &#8222;Komunikatywny Europejczyk&#8221;!"},"content":{"rendered":"\n<p>&nbsp;<\/p>\n<p style=\"text-align: center;\"><img loading=\"lazy\" decoding=\"async\" class=\"alignnone size-full wp-image-499\" src=\"https:\/\/2liceum.eu\/wp-content\/uploads\/2018\/02\/ke.jpg\" alt=\"\" width=\"114\" height=\"114\"><\/p>\n<p style=\"text-align: justify;\"><strong>Z wielk\u0105 rado\u015bci\u0105 podajemy <span style=\"color: #008000;\">wyniki XIII edycji mi\u0119dzyszkolnego, dwuj\u0119zycznego konkursu \u201eKomunikatywny Europejczyk\u201d<\/span> organizowanego przez II LO.<\/strong> &nbsp;Nasi&nbsp; uczniowie z klasy o profilu j\u0119zykowym zaj\u0119li najwy\u017csze lokaty a <strong><span style=\"color: #008000;\">Adrianna Chojnacka<\/span> uzyska\u0142a najwy\u017csz\u0105 ilo\u015b\u0107 punkt\u00f3w spo\u015br\u00f3d 72 uczestnik\u00f3w.<\/strong><\/p>\n<p><strong>Brawo Ada !!!!!<\/strong><\/p>\n<p>&nbsp;<\/p>\n<p><strong>Oto lista laureat\u00f3w:<\/strong><\/p>\n<p><strong>w kategorii szk\u00f3\u0142 \u015brednich:<\/strong><\/p>\n<table style=\"border-collapse: collapse; width: 100%; height: 69px;\">\n<tbody>\n<tr style=\"height: 23px;\">\n<td style=\"width: 11.4286%; height: 23px;\"><span style=\"font-size: revert; color: initial;\">I miejsce&nbsp; &nbsp;&nbsp;<\/span><\/td>\n<td style=\"width: 88.5714%; height: 23px;\"><span style=\"font-size: revert; color: initial;\">&#8211; Adrianna Chojnacka (III i)&nbsp; &#8211;&nbsp; <\/span><span style=\"color: #008000;\"><strong style=\"font-size: revert;\">II LO<\/strong><\/span><\/td>\n<\/tr>\n<tr style=\"height: 23px;\">\n<td style=\"width: 11.4286%; height: 23px;\">II miejsce&nbsp; &nbsp;<\/td>\n<td style=\"width: 88.5714%; height: 23px;\">&#8211; Filip Nowak (III i) &#8211; &nbsp;<span style=\"color: #008000;\"><strong>II LO<\/strong><\/span><\/td>\n<\/tr>\n<tr style=\"height: 23px;\">\n<td style=\"width: 11.4286%; height: 23px;\">III miejsce&nbsp; &nbsp;&nbsp;<\/td>\n<td style=\"width: 88.5714%; height: 23px;\">&#8211; Miko\u0142aj Ozga (III i) &#8211; <strong><span style=\"color: #008000;\">II LO<\/span><br>&#8211;&nbsp;<\/strong> Filip Gabelmann &#8211; Technikum nr 1 w Lubinie<strong><br><\/strong><\/td>\n<\/tr>\n<\/tbody>\n<\/table>\n<p>&nbsp;<\/p>\n<p><strong>w kategorii szk\u00f3\u0142 podstawowych:&nbsp;&nbsp;&nbsp;&nbsp;&nbsp;<\/strong>&nbsp;&nbsp;<\/p>\n<table style=\"border-collapse: collapse; width: 100%; height: 90px;\">\n<tbody>\n<tr style=\"height: 44px;\">\n<td style=\"width: 11.3096%; height: 44px;\">I miejsce<\/td>\n<td style=\"width: 88.6904%; height: 44px;\">&#8211; Alicja Abramczyk &#8211; Szko\u0142a Podstawowa nr 1 w Lubinie<br>&#8211; Lena Domaros&nbsp; &#8211; Szko\u0142a Podstawowa nr 3 w Polkowicach<\/td>\n<\/tr>\n<tr style=\"height: 23px;\">\n<td style=\"width: 11.3096%; height: 23px;\">II miejsce<\/td>\n<td style=\"width: 88.6904%; height: 23px;\">&#8211; Sevim \u00d6zkalender &nbsp;&#8211; Szko\u0142a Podstawowa nr 12 w Lubinie<\/td>\n<\/tr>\n<tr style=\"height: 23px;\">\n<td style=\"width: 11.3096%; height: 23px;\">III miejsce<\/td>\n<td style=\"width: 88.6904%; height: 23px;\">&#8211; Victoria Lambert&nbsp; &#8211; Szko\u0142a Podstawowa nr 8 w Lubinie<\/td>\n<\/tr>\n<\/tbody>\n<\/table>\n<p>&nbsp;<\/p>\n<p style=\"text-align: justify;\"><strong>Dzi\u0119kujemy wszystkim za udzia\u0142 w naszym konkursie, gratulujemy doskona\u0142ych umiej\u0119tno\u015bci j\u0119zykowych <\/strong>i zach\u0119camy wszystkich do nauki j\u0119zyk\u00f3w obcych. &nbsp;Komunikatywny Europejczyk w II LO zn\u00f3w za rok \ud83d\ude42<\/p>\n","protected":false},"excerpt":{"rendered":"<p>&nbsp; Z wielk\u0105 rado\u015bci\u0105 podajemy wyniki XIII edycji mi\u0119dzyszkolnego, dwuj\u0119zycznego konkursu \u201eKomunikatywny Europejczyk\u201d organizowanego przez II LO. &nbsp;Nasi&nbsp; uczniowie z klasy o profilu j\u0119zykowym zaj\u0119li najwy\u017csze lokaty a Adrianna Chojnacka uzyska\u0142a najwy\u017csz\u0105 ilo\u015b\u0107 punkt\u00f3w spo\u015br\u00f3d 72 uczestnik\u00f3w. Brawo Ada !!!!! &nbsp; Oto lista laureat\u00f3w: w kategorii szk\u00f3\u0142 \u015brednich: I miejsce&nbsp; &nbsp;&nbsp; &#8211; Adrianna Chojnacka (III [&hellip;]<\/p>\n","protected":false},"author":2,"featured_media":0,"comment_status":"open","ping_status":"open","sticky":false,"template":"","format":"standard","meta":{"ngg_post_thumbnail":0,"footnotes":""},"categories":[1,7],"tags":[],"class_list":["post-7100","post","type-post","status-publish","format-standard","hentry","category-aktualnosci","category-osiagniecia"],"yoast_head":"<!-- This site is optimized with the Yoast SEO plugin v19.4 - https:\/\/yoast.com\/wordpress\/plugins\/seo\/ -->\n<title>WYNIKI KONKURSU &quot;Komunikatywny Europejczyk&quot;! - II Liceum Og\u00f3lnokszta\u0142c\u0105ce w Lubinie<\/title>\n<meta name=\"robots\" content=\"index, follow, max-snippet:-1, max-image-preview:large, max-video-preview:-1\" \/>\n<link rel=\"canonical\" href=\"https:\/\/2liceum.eu\/index.php\/2022\/04\/07\/wyniki-konkursu-komunikatywny-europejczyk-3\/\" \/>\n<meta property=\"og:locale\" content=\"pl_PL\" \/>\n<meta property=\"og:type\" content=\"article\" \/>\n<meta property=\"og:title\" content=\"WYNIKI KONKURSU &quot;Komunikatywny Europejczyk&quot;! - II Liceum Og\u00f3lnokszta\u0142c\u0105ce w Lubinie\" \/>\n<meta property=\"og:description\" content=\"&nbsp; Z wielk\u0105 rado\u015bci\u0105 podajemy wyniki XIII edycji mi\u0119dzyszkolnego, dwuj\u0119zycznego konkursu \u201eKomunikatywny Europejczyk\u201d organizowanego przez II LO. &nbsp;Nasi&nbsp; uczniowie z klasy o profilu j\u0119zykowym zaj\u0119li najwy\u017csze lokaty a Adrianna Chojnacka uzyska\u0142a najwy\u017csz\u0105 ilo\u015b\u0107 punkt\u00f3w spo\u015br\u00f3d 72 uczestnik\u00f3w. Brawo Ada !!!!! &nbsp; Oto lista laureat\u00f3w: w kategorii szk\u00f3\u0142 \u015brednich: I miejsce&nbsp; &nbsp;&nbsp; &#8211; Adrianna Chojnacka (III [&hellip;]\" \/>\n<meta property=\"og:url\" content=\"https:\/\/2liceum.eu\/index.php\/2022\/04\/07\/wyniki-konkursu-komunikatywny-europejczyk-3\/\" \/>\n<meta property=\"og:site_name\" content=\"II Liceum Og\u00f3lnokszta\u0142c\u0105ce w Lubinie\" \/>\n<meta property=\"article:publisher\" content=\"https:\/\/web.facebook.com\/IILOLubin\/\" \/>\n<meta property=\"article:published_time\" content=\"2022-04-07T06:11:27+00:00\" \/>\n<meta property=\"article:modified_time\" content=\"2022-04-07T06:11:38+00:00\" \/>\n<meta property=\"og:image\" content=\"https:\/\/2liceum.eu\/wp-content\/uploads\/2018\/02\/ke.jpg\" \/>\n<meta name=\"author\" content=\"Adam Dragan\" \/>\n<meta name=\"twitter:card\" content=\"summary_large_image\" \/>\n<meta name=\"twitter:label1\" content=\"Napisane przez\" \/>\n\t<meta name=\"twitter:data1\" content=\"Adam Dragan\" \/>\n\t<meta name=\"twitter:label2\" content=\"Szacowany czas czytania\" \/>\n\t<meta name=\"twitter:data2\" content=\"1 minuta\" \/>\n<script type=\"application\/ld+json\" class=\"yoast-schema-graph\">{\"@context\":\"https:\/\/schema.org\",\"@graph\":[{\"@type\":\"Organization\",\"@id\":\"https:\/\/2liceum.eu\/#organization\",\"name\":\"II Liceum Og\u00f3lnokszta\u0142c\u0105ce w Lubinie\",\"url\":\"https:\/\/2liceum.eu\/\",\"sameAs\":[\"http:\/\/2lolubin\",\"https:\/\/www.youtube.com\/channel\/UCWjEMxRJYdfvxPhVOn-8g_g\",\"https:\/\/web.facebook.com\/IILOLubin\/\"],\"logo\":{\"@type\":\"ImageObject\",\"inLanguage\":\"pl-PL\",\"@id\":\"https:\/\/2liceum.eu\/#\/schema\/logo\/image\/\",\"url\":\"https:\/\/2liceum.eu\/wp-content\/uploads\/2018\/01\/pobrane.jpg\",\"contentUrl\":\"https:\/\/2liceum.eu\/wp-content\/uploads\/2018\/01\/pobrane.jpg\",\"width\":184,\"height\":183,\"caption\":\"II Liceum Og\u00f3lnokszta\u0142c\u0105ce w Lubinie\"},\"image\":{\"@id\":\"https:\/\/2liceum.eu\/#\/schema\/logo\/image\/\"}},{\"@type\":\"WebSite\",\"@id\":\"https:\/\/2liceum.eu\/#website\",\"url\":\"https:\/\/2liceum.eu\/\",\"name\":\"II Liceum Og\u00f3lnokszta\u0142c\u0105ce w Lubinie\",\"description\":\"Oficjalny portal II LO w Lubinie. Informacje o szkole, kadrze, zaj\u0119ciach dydaktycznych, ko\u0142ach zainteresowa\u0144, wolontariacie. Aktualno\u015bci. Galeria zdj\u0119\u0107.\",\"publisher\":{\"@id\":\"https:\/\/2liceum.eu\/#organization\"},\"potentialAction\":[{\"@type\":\"SearchAction\",\"target\":{\"@type\":\"EntryPoint\",\"urlTemplate\":\"https:\/\/2liceum.eu\/?s={search_term_string}\"},\"query-input\":\"required name=search_term_string\"}],\"inLanguage\":\"pl-PL\"},{\"@type\":\"WebPage\",\"@id\":\"https:\/\/2liceum.eu\/index.php\/2022\/04\/07\/wyniki-konkursu-komunikatywny-europejczyk-3\/\",\"url\":\"https:\/\/2liceum.eu\/index.php\/2022\/04\/07\/wyniki-konkursu-komunikatywny-europejczyk-3\/\",\"name\":\"WYNIKI KONKURSU \\\"Komunikatywny Europejczyk\\\"! - II Liceum Og\u00f3lnokszta\u0142c\u0105ce w Lubinie\",\"isPartOf\":{\"@id\":\"https:\/\/2liceum.eu\/#website\"},\"datePublished\":\"2022-04-07T06:11:27+00:00\",\"dateModified\":\"2022-04-07T06:11:38+00:00\",\"breadcrumb\":{\"@id\":\"https:\/\/2liceum.eu\/index.php\/2022\/04\/07\/wyniki-konkursu-komunikatywny-europejczyk-3\/#breadcrumb\"},\"inLanguage\":\"pl-PL\",\"potentialAction\":[{\"@type\":\"ReadAction\",\"target\":[\"https:\/\/2liceum.eu\/index.php\/2022\/04\/07\/wyniki-konkursu-komunikatywny-europejczyk-3\/\"]}]},{\"@type\":\"BreadcrumbList\",\"@id\":\"https:\/\/2liceum.eu\/index.php\/2022\/04\/07\/wyniki-konkursu-komunikatywny-europejczyk-3\/#breadcrumb\",\"itemListElement\":[{\"@type\":\"ListItem\",\"position\":1,\"name\":\"Strona g\u0142\u00f3wna\",\"item\":\"https:\/\/2liceum.eu\/\"},{\"@type\":\"ListItem\",\"position\":2,\"name\":\"WYNIKI KONKURSU &#8222;Komunikatywny Europejczyk&#8221;!\"}]},{\"@type\":\"Article\",\"@id\":\"https:\/\/2liceum.eu\/index.php\/2022\/04\/07\/wyniki-konkursu-komunikatywny-europejczyk-3\/#article\",\"isPartOf\":{\"@id\":\"https:\/\/2liceum.eu\/index.php\/2022\/04\/07\/wyniki-konkursu-komunikatywny-europejczyk-3\/\"},\"author\":{\"name\":\"Adam Dragan\",\"@id\":\"https:\/\/2liceum.eu\/#\/schema\/person\/1a52557bfdaf047be954a8b190648da5\"},\"headline\":\"WYNIKI KONKURSU &#8222;Komunikatywny Europejczyk&#8221;!\",\"datePublished\":\"2022-04-07T06:11:27+00:00\",\"dateModified\":\"2022-04-07T06:11:38+00:00\",\"mainEntityOfPage\":{\"@id\":\"https:\/\/2liceum.eu\/index.php\/2022\/04\/07\/wyniki-konkursu-komunikatywny-europejczyk-3\/\"},\"wordCount\":212,\"commentCount\":0,\"publisher\":{\"@id\":\"https:\/\/2liceum.eu\/#organization\"},\"articleSection\":[\"Aktualno\u015bci\",\"Osi\u0105gni\u0119cia\"],\"inLanguage\":\"pl-PL\",\"potentialAction\":[{\"@type\":\"CommentAction\",\"name\":\"Comment\",\"target\":[\"https:\/\/2liceum.eu\/index.php\/2022\/04\/07\/wyniki-konkursu-komunikatywny-europejczyk-3\/#respond\"]}]},{\"@type\":\"Person\",\"@id\":\"https:\/\/2liceum.eu\/#\/schema\/person\/1a52557bfdaf047be954a8b190648da5\",\"name\":\"Adam Dragan\",\"image\":{\"@type\":\"ImageObject\",\"inLanguage\":\"pl-PL\",\"@id\":\"https:\/\/2liceum.eu\/#\/schema\/person\/image\/\",\"url\":\"https:\/\/secure.gravatar.com\/avatar\/3a2bee53698f47ac117505a8a054d1e47e9ee9593c4c77dc18374aa80472d80c?s=96&d=mm&r=g\",\"contentUrl\":\"https:\/\/secure.gravatar.com\/avatar\/3a2bee53698f47ac117505a8a054d1e47e9ee9593c4c77dc18374aa80472d80c?s=96&d=mm&r=g\",\"caption\":\"Adam Dragan\"},\"sameAs\":[\"http:\/\/2liceum.eu\"]}]}<\/script>\n<!-- \/ Yoast SEO plugin. -->","yoast_head_json":{"title":"WYNIKI KONKURSU \"Komunikatywny Europejczyk\"! - II Liceum Og\u00f3lnokszta\u0142c\u0105ce w Lubinie","robots":{"index":"index","follow":"follow","max-snippet":"max-snippet:-1","max-image-preview":"max-image-preview:large","max-video-preview":"max-video-preview:-1"},"canonical":"https:\/\/2liceum.eu\/index.php\/2022\/04\/07\/wyniki-konkursu-komunikatywny-europejczyk-3\/","og_locale":"pl_PL","og_type":"article","og_title":"WYNIKI KONKURSU \"Komunikatywny Europejczyk\"! - II Liceum Og\u00f3lnokszta\u0142c\u0105ce w Lubinie","og_description":"&nbsp; Z wielk\u0105 rado\u015bci\u0105 podajemy wyniki XIII edycji mi\u0119dzyszkolnego, dwuj\u0119zycznego konkursu \u201eKomunikatywny Europejczyk\u201d organizowanego przez II LO. &nbsp;Nasi&nbsp; uczniowie z klasy o profilu j\u0119zykowym zaj\u0119li najwy\u017csze lokaty a Adrianna Chojnacka uzyska\u0142a najwy\u017csz\u0105 ilo\u015b\u0107 punkt\u00f3w spo\u015br\u00f3d 72 uczestnik\u00f3w. Brawo Ada !!!!! &nbsp; Oto lista laureat\u00f3w: w kategorii szk\u00f3\u0142 \u015brednich: I miejsce&nbsp; &nbsp;&nbsp; &#8211; Adrianna Chojnacka (III [&hellip;]","og_url":"https:\/\/2liceum.eu\/index.php\/2022\/04\/07\/wyniki-konkursu-komunikatywny-europejczyk-3\/","og_site_name":"II Liceum Og\u00f3lnokszta\u0142c\u0105ce w Lubinie","article_publisher":"https:\/\/web.facebook.com\/IILOLubin\/","article_published_time":"2022-04-07T06:11:27+00:00","article_modified_time":"2022-04-07T06:11:38+00:00","og_image":[{"url":"https:\/\/2liceum.eu\/wp-content\/uploads\/2018\/02\/ke.jpg"}],"author":"Adam Dragan","twitter_card":"summary_large_image","twitter_misc":{"Napisane przez":"Adam Dragan","Szacowany czas czytania":"1 minuta"},"schema":{"@context":"https:\/\/schema.org","@graph":[{"@type":"Organization","@id":"https:\/\/2liceum.eu\/#organization","name":"II Liceum Og\u00f3lnokszta\u0142c\u0105ce w Lubinie","url":"https:\/\/2liceum.eu\/","sameAs":["http:\/\/2lolubin","https:\/\/www.youtube.com\/channel\/UCWjEMxRJYdfvxPhVOn-8g_g","https:\/\/web.facebook.com\/IILOLubin\/"],"logo":{"@type":"ImageObject","inLanguage":"pl-PL","@id":"https:\/\/2liceum.eu\/#\/schema\/logo\/image\/","url":"https:\/\/2liceum.eu\/wp-content\/uploads\/2018\/01\/pobrane.jpg","contentUrl":"https:\/\/2liceum.eu\/wp-content\/uploads\/2018\/01\/pobrane.jpg","width":184,"height":183,"caption":"II Liceum Og\u00f3lnokszta\u0142c\u0105ce w Lubinie"},"image":{"@id":"https:\/\/2liceum.eu\/#\/schema\/logo\/image\/"}},{"@type":"WebSite","@id":"https:\/\/2liceum.eu\/#website","url":"https:\/\/2liceum.eu\/","name":"II Liceum Og\u00f3lnokszta\u0142c\u0105ce w Lubinie","description":"Oficjalny portal II LO w Lubinie. Informacje o szkole, kadrze, zaj\u0119ciach dydaktycznych, ko\u0142ach zainteresowa\u0144, wolontariacie. Aktualno\u015bci. Galeria zdj\u0119\u0107.","publisher":{"@id":"https:\/\/2liceum.eu\/#organization"},"potentialAction":[{"@type":"SearchAction","target":{"@type":"EntryPoint","urlTemplate":"https:\/\/2liceum.eu\/?s={search_term_string}"},"query-input":"required name=search_term_string"}],"inLanguage":"pl-PL"},{"@type":"WebPage","@id":"https:\/\/2liceum.eu\/index.php\/2022\/04\/07\/wyniki-konkursu-komunikatywny-europejczyk-3\/","url":"https:\/\/2liceum.eu\/index.php\/2022\/04\/07\/wyniki-konkursu-komunikatywny-europejczyk-3\/","name":"WYNIKI KONKURSU \"Komunikatywny Europejczyk\"! - II Liceum Og\u00f3lnokszta\u0142c\u0105ce w Lubinie","isPartOf":{"@id":"https:\/\/2liceum.eu\/#website"},"datePublished":"2022-04-07T06:11:27+00:00","dateModified":"2022-04-07T06:11:38+00:00","breadcrumb":{"@id":"https:\/\/2liceum.eu\/index.php\/2022\/04\/07\/wyniki-konkursu-komunikatywny-europejczyk-3\/#breadcrumb"},"inLanguage":"pl-PL","potentialAction":[{"@type":"ReadAction","target":["https:\/\/2liceum.eu\/index.php\/2022\/04\/07\/wyniki-konkursu-komunikatywny-europejczyk-3\/"]}]},{"@type":"BreadcrumbList","@id":"https:\/\/2liceum.eu\/index.php\/2022\/04\/07\/wyniki-konkursu-komunikatywny-europejczyk-3\/#breadcrumb","itemListElement":[{"@type":"ListItem","position":1,"name":"Strona g\u0142\u00f3wna","item":"https:\/\/2liceum.eu\/"},{"@type":"ListItem","position":2,"name":"WYNIKI KONKURSU &#8222;Komunikatywny Europejczyk&#8221;!"}]},{"@type":"Article","@id":"https:\/\/2liceum.eu\/index.php\/2022\/04\/07\/wyniki-konkursu-komunikatywny-europejczyk-3\/#article","isPartOf":{"@id":"https:\/\/2liceum.eu\/index.php\/2022\/04\/07\/wyniki-konkursu-komunikatywny-europejczyk-3\/"},"author":{"name":"Adam Dragan","@id":"https:\/\/2liceum.eu\/#\/schema\/person\/1a52557bfdaf047be954a8b190648da5"},"headline":"WYNIKI KONKURSU &#8222;Komunikatywny Europejczyk&#8221;!","datePublished":"2022-04-07T06:11:27+00:00","dateModified":"2022-04-07T06:11:38+00:00","mainEntityOfPage":{"@id":"https:\/\/2liceum.eu\/index.php\/2022\/04\/07\/wyniki-konkursu-komunikatywny-europejczyk-3\/"},"wordCount":212,"commentCount":0,"publisher":{"@id":"https:\/\/2liceum.eu\/#organization"},"articleSection":["Aktualno\u015bci","Osi\u0105gni\u0119cia"],"inLanguage":"pl-PL","potentialAction":[{"@type":"CommentAction","name":"Comment","target":["https:\/\/2liceum.eu\/index.php\/2022\/04\/07\/wyniki-konkursu-komunikatywny-europejczyk-3\/#respond"]}]},{"@type":"Person","@id":"https:\/\/2liceum.eu\/#\/schema\/person\/1a52557bfdaf047be954a8b190648da5","name":"Adam Dragan","image":{"@type":"ImageObject","inLanguage":"pl-PL","@id":"https:\/\/2liceum.eu\/#\/schema\/person\/image\/","url":"https:\/\/secure.gravatar.com\/avatar\/3a2bee53698f47ac117505a8a054d1e47e9ee9593c4c77dc18374aa80472d80c?s=96&d=mm&r=g","contentUrl":"https:\/\/secure.gravatar.com\/avatar\/3a2bee53698f47ac117505a8a054d1e47e9ee9593c4c77dc18374aa80472d80c?s=96&d=mm&r=g","caption":"Adam Dragan"},"sameAs":["http:\/\/2liceum.eu"]}]}},"_links":{"self":[{"href":"https:\/\/2liceum.eu\/index.php\/wp-json\/wp\/v2\/posts\/7100","targetHints":{"allow":["GET"]}}],"collection":[{"href":"https:\/\/2liceum.eu\/index.php\/wp-json\/wp\/v2\/posts"}],"about":[{"href":"https:\/\/2liceum.eu\/index.php\/wp-json\/wp\/v2\/types\/post"}],"author":[{"embeddable":true,"href":"https:\/\/2liceum.eu\/index.php\/wp-json\/wp\/v2\/users\/2"}],"replies":[{"embeddable":true,"href":"https:\/\/2liceum.eu\/index.php\/wp-json\/wp\/v2\/comments?post=7100"}],"version-history":[{"count":1,"href":"https:\/\/2liceum.eu\/index.php\/wp-json\/wp\/v2\/posts\/7100\/revisions"}],"predecessor-version":[{"id":7101,"href":"https:\/\/2liceum.eu\/index.php\/wp-json\/wp\/v2\/posts\/7100\/revisions\/7101"}],"wp:attachment":[{"href":"https:\/\/2liceum.eu\/index.php\/wp-json\/wp\/v2\/media?parent=7100"}],"wp:term":[{"taxonomy":"category","embeddable":true,"href":"https:\/\/2liceum.eu\/index.php\/wp-json\/wp\/v2\/categories?post=7100"},{"taxonomy":"post_tag","embeddable":true,"href":"https:\/\/2liceum.eu\/index.php\/wp-json\/wp\/v2\/tags?post=7100"}],"curies":[{"name":"wp","href":"https:\/\/api.w.org\/{rel}","templated":true}]}}