{"id":7233,"date":"2022-05-31T11:53:15","date_gmt":"2022-05-31T09:53:15","guid":{"rendered":"https:\/\/2liceum.eu\/?p=7233"},"modified":"2022-05-31T11:53:16","modified_gmt":"2022-05-31T09:53:16","slug":"siatkowka-plazowa","status":"publish","type":"post","link":"https:\/\/2liceum.eu\/index.php\/2022\/05\/31\/siatkowka-plazowa\/","title":{"rendered":"Siatk\u00f3wka pla\u017cowa!"},"content":{"rendered":"\n<p>&nbsp;<\/p>\n<p style=\"text-align: center;\"><strong><img loading=\"lazy\" decoding=\"async\" class=\"alignnone wp-image-7234 size-large\" src=\"https:\/\/2liceum.eu\/wp-content\/uploads\/2022\/05\/282339834_540404587734835_2945850455034309449_n-749x1024.jpg\" alt=\"\" width=\"606\" height=\"828\" srcset=\"https:\/\/2liceum.eu\/wp-content\/uploads\/2022\/05\/282339834_540404587734835_2945850455034309449_n-749x1024.jpg 749w, https:\/\/2liceum.eu\/wp-content\/uploads\/2022\/05\/282339834_540404587734835_2945850455034309449_n-219x300.jpg 219w, https:\/\/2liceum.eu\/wp-content\/uploads\/2022\/05\/282339834_540404587734835_2945850455034309449_n-768x1051.jpg 768w, https:\/\/2liceum.eu\/wp-content\/uploads\/2022\/05\/282339834_540404587734835_2945850455034309449_n-1123x1536.jpg 1123w, https:\/\/2liceum.eu\/wp-content\/uploads\/2022\/05\/282339834_540404587734835_2945850455034309449_n.jpg 1497w\" sizes=\"auto, (max-width: 606px) 100vw, 606px\" \/><\/strong><\/p>\n<p style=\"text-align: justify;\"><strong>Sportowe zmagania w siatk\u00f3wce pla\u017cowej ju\u017c za nami.<\/strong> Cho\u0107 by\u0142o deszczowo i wia\u0142 wiatr, to naszym licealistom nie przeszkadza\u0142y warunki pogodowe. Aktywnie, weso\u0142o i po\u017cytecznie sp\u0119dzili czas na siatkarskiej rywalizacji, korzystaj\u0105c z boisk lubi\u0144skiego RCS-u.<\/p>\n<p style=\"text-align: justify;\">Rywalizowali\u015bmy z reprezentacjami innych szk\u00f3\u0142 &#8211; dwa dni &#8211; dziewczyny 25 maja a ch\u0142opcy 26.<\/p>\n<p style=\"text-align: justify;\">W zawodach bra\u0142y udzia\u0142, w ka\u017cdej z grup, 4 zespo\u0142y &#8211; 1 LO, 2 LO, ZSz nr 1, ZSz nr 2 i DZSz.<\/p>\n<p style=\"text-align: justify;\">Naszej reprezentacji <strong>dziewcz\u0105t mo\u017cna pogratulowa\u0107<span style=\"color: #ff0000;\"> drugiego miejsca<\/span> a ch\u0142opcom, <span style=\"color: #ff0000;\">miejsca czwartego<\/span><\/strong>. Dziewczyny pokaza\u0142y du\u017ce umiej\u0119tno\u015bci siatkarskie, zaanga\u017cowanie i gr\u0119 na wysokim poziomie. Ich zmagania ogl\u0105dali\u015bmy wszyscy z emocjami poniewa\u017c w\u0142a\u015bciwie ka\u017cdy mecz by\u0142 trudny a przeciwnik wymagaj\u0105cy &#8211; brawo : Magda Zawada, Alicja Deptu\u0142a, Paulina Binkiewicz oraz Maja Szyde\u0142ko i Weronika \u0141awreszuk. Natomiast ch\u0142opcom &#8211; Marcelowi Wechcie i Jakubowi Cepi\u0144skiemu nale\u017c\u0105 si\u0119 gratulacje i brawa, za to, \u017ce wykazali gotowo\u015b\u0107 i ch\u0119\u0107 do podj\u0119cia gry, odwa\u017cnie podj\u0119li&nbsp;wyzwanie. Ka\u017cda rywalizacja to okazja do nauki i poprawy swoich umiej\u0119tno\u015bci, zdolno\u015bci.<\/p>\n<p style=\"text-align: justify;\">Nasze obydwie reprezentacje m\u0105drze wykorzysta\u0142y ka\u017cd\u0105 sekund\u0119 i poradzi\u0142y sobie \u015bwietnie!<\/p>\n<p style=\"text-align: justify;\"><strong>Dziewczyny i ch\u0142opaki &#8211; gratulacje!&nbsp;<\/strong><\/p>\n<div>Opiekun dru\u017cyn &#8211; A.Stolarczyk<\/div>\n<div>&nbsp;<\/div>\n<div style=\"text-align: center;\"><img loading=\"lazy\" decoding=\"async\" class=\"alignnone wp-image-7235 size-large\" src=\"https:\/\/2liceum.eu\/wp-content\/uploads\/2022\/05\/283347831_583850783003612_6321033674039996868_n-915x1024.jpg\" alt=\"\" width=\"606\" height=\"678\" srcset=\"https:\/\/2liceum.eu\/wp-content\/uploads\/2022\/05\/283347831_583850783003612_6321033674039996868_n-915x1024.jpg 915w, https:\/\/2liceum.eu\/wp-content\/uploads\/2022\/05\/283347831_583850783003612_6321033674039996868_n-268x300.jpg 268w, https:\/\/2liceum.eu\/wp-content\/uploads\/2022\/05\/283347831_583850783003612_6321033674039996868_n-768x860.jpg 768w, https:\/\/2liceum.eu\/wp-content\/uploads\/2022\/05\/283347831_583850783003612_6321033674039996868_n-1372x1536.jpg 1372w, https:\/\/2liceum.eu\/wp-content\/uploads\/2022\/05\/283347831_583850783003612_6321033674039996868_n.jpg 1829w\" sizes=\"auto, (max-width: 606px) 100vw, 606px\" \/><\/div>\n","protected":false},"excerpt":{"rendered":"<p>&nbsp; Sportowe zmagania w siatk\u00f3wce pla\u017cowej ju\u017c za nami. Cho\u0107 by\u0142o deszczowo i wia\u0142 wiatr, to naszym licealistom nie przeszkadza\u0142y warunki pogodowe. Aktywnie, weso\u0142o i po\u017cytecznie sp\u0119dzili czas na siatkarskiej rywalizacji, korzystaj\u0105c z boisk lubi\u0144skiego RCS-u. Rywalizowali\u015bmy z reprezentacjami innych szk\u00f3\u0142 &#8211; dwa dni &#8211; dziewczyny 25 maja a ch\u0142opcy 26. W zawodach bra\u0142y udzia\u0142, [&hellip;]<\/p>\n","protected":false},"author":2,"featured_media":0,"comment_status":"open","ping_status":"open","sticky":false,"template":"","format":"standard","meta":{"ngg_post_thumbnail":0,"footnotes":""},"categories":[1,34],"tags":[],"class_list":["post-7233","post","type-post","status-publish","format-standard","hentry","category-aktualnosci","category-osiagniecia-sportowe-2021-2022"],"yoast_head":"<!-- This site is optimized with the Yoast SEO plugin v19.4 - https:\/\/yoast.com\/wordpress\/plugins\/seo\/ -->\n<title>Siatk\u00f3wka pla\u017cowa! - II Liceum Og\u00f3lnokszta\u0142c\u0105ce w Lubinie<\/title>\n<meta name=\"robots\" content=\"index, follow, max-snippet:-1, max-image-preview:large, max-video-preview:-1\" \/>\n<link rel=\"canonical\" href=\"https:\/\/2liceum.eu\/index.php\/2022\/05\/31\/siatkowka-plazowa\/\" \/>\n<meta property=\"og:locale\" content=\"pl_PL\" \/>\n<meta property=\"og:type\" content=\"article\" \/>\n<meta property=\"og:title\" content=\"Siatk\u00f3wka pla\u017cowa! - II Liceum Og\u00f3lnokszta\u0142c\u0105ce w Lubinie\" \/>\n<meta property=\"og:description\" content=\"&nbsp; Sportowe zmagania w siatk\u00f3wce pla\u017cowej ju\u017c za nami. Cho\u0107 by\u0142o deszczowo i wia\u0142 wiatr, to naszym licealistom nie przeszkadza\u0142y warunki pogodowe. Aktywnie, weso\u0142o i po\u017cytecznie sp\u0119dzili czas na siatkarskiej rywalizacji, korzystaj\u0105c z boisk lubi\u0144skiego RCS-u. Rywalizowali\u015bmy z reprezentacjami innych szk\u00f3\u0142 &#8211; dwa dni &#8211; dziewczyny 25 maja a ch\u0142opcy 26. W zawodach bra\u0142y udzia\u0142, [&hellip;]\" \/>\n<meta property=\"og:url\" content=\"https:\/\/2liceum.eu\/index.php\/2022\/05\/31\/siatkowka-plazowa\/\" \/>\n<meta property=\"og:site_name\" content=\"II Liceum Og\u00f3lnokszta\u0142c\u0105ce w Lubinie\" \/>\n<meta property=\"article:publisher\" content=\"https:\/\/web.facebook.com\/IILOLubin\/\" \/>\n<meta property=\"article:published_time\" content=\"2022-05-31T09:53:15+00:00\" \/>\n<meta property=\"article:modified_time\" content=\"2022-05-31T09:53:16+00:00\" \/>\n<meta property=\"og:image\" content=\"https:\/\/2liceum.eu\/wp-content\/uploads\/2022\/05\/282339834_540404587734835_2945850455034309449_n-749x1024.jpg\" \/>\n<meta name=\"author\" content=\"Adam Dragan\" \/>\n<meta name=\"twitter:card\" content=\"summary_large_image\" \/>\n<meta name=\"twitter:label1\" content=\"Napisane przez\" \/>\n\t<meta name=\"twitter:data1\" content=\"Adam Dragan\" \/>\n\t<meta name=\"twitter:label2\" content=\"Szacowany czas czytania\" \/>\n\t<meta name=\"twitter:data2\" content=\"2 minuty\" \/>\n<script type=\"application\/ld+json\" class=\"yoast-schema-graph\">{\"@context\":\"https:\/\/schema.org\",\"@graph\":[{\"@type\":\"Organization\",\"@id\":\"https:\/\/2liceum.eu\/#organization\",\"name\":\"II Liceum Og\u00f3lnokszta\u0142c\u0105ce w Lubinie\",\"url\":\"https:\/\/2liceum.eu\/\",\"sameAs\":[\"http:\/\/2lolubin\",\"https:\/\/www.youtube.com\/channel\/UCWjEMxRJYdfvxPhVOn-8g_g\",\"https:\/\/web.facebook.com\/IILOLubin\/\"],\"logo\":{\"@type\":\"ImageObject\",\"inLanguage\":\"pl-PL\",\"@id\":\"https:\/\/2liceum.eu\/#\/schema\/logo\/image\/\",\"url\":\"https:\/\/2liceum.eu\/wp-content\/uploads\/2018\/01\/pobrane.jpg\",\"contentUrl\":\"https:\/\/2liceum.eu\/wp-content\/uploads\/2018\/01\/pobrane.jpg\",\"width\":184,\"height\":183,\"caption\":\"II Liceum Og\u00f3lnokszta\u0142c\u0105ce w Lubinie\"},\"image\":{\"@id\":\"https:\/\/2liceum.eu\/#\/schema\/logo\/image\/\"}},{\"@type\":\"WebSite\",\"@id\":\"https:\/\/2liceum.eu\/#website\",\"url\":\"https:\/\/2liceum.eu\/\",\"name\":\"II Liceum Og\u00f3lnokszta\u0142c\u0105ce w Lubinie\",\"description\":\"Oficjalny portal II LO w Lubinie. Informacje o szkole, kadrze, zaj\u0119ciach dydaktycznych, ko\u0142ach zainteresowa\u0144, wolontariacie. Aktualno\u015bci. Galeria zdj\u0119\u0107.\",\"publisher\":{\"@id\":\"https:\/\/2liceum.eu\/#organization\"},\"potentialAction\":[{\"@type\":\"SearchAction\",\"target\":{\"@type\":\"EntryPoint\",\"urlTemplate\":\"https:\/\/2liceum.eu\/?s={search_term_string}\"},\"query-input\":\"required name=search_term_string\"}],\"inLanguage\":\"pl-PL\"},{\"@type\":\"WebPage\",\"@id\":\"https:\/\/2liceum.eu\/index.php\/2022\/05\/31\/siatkowka-plazowa\/\",\"url\":\"https:\/\/2liceum.eu\/index.php\/2022\/05\/31\/siatkowka-plazowa\/\",\"name\":\"Siatk\u00f3wka pla\u017cowa! - II Liceum Og\u00f3lnokszta\u0142c\u0105ce w Lubinie\",\"isPartOf\":{\"@id\":\"https:\/\/2liceum.eu\/#website\"},\"datePublished\":\"2022-05-31T09:53:15+00:00\",\"dateModified\":\"2022-05-31T09:53:16+00:00\",\"breadcrumb\":{\"@id\":\"https:\/\/2liceum.eu\/index.php\/2022\/05\/31\/siatkowka-plazowa\/#breadcrumb\"},\"inLanguage\":\"pl-PL\",\"potentialAction\":[{\"@type\":\"ReadAction\",\"target\":[\"https:\/\/2liceum.eu\/index.php\/2022\/05\/31\/siatkowka-plazowa\/\"]}]},{\"@type\":\"BreadcrumbList\",\"@id\":\"https:\/\/2liceum.eu\/index.php\/2022\/05\/31\/siatkowka-plazowa\/#breadcrumb\",\"itemListElement\":[{\"@type\":\"ListItem\",\"position\":1,\"name\":\"Strona g\u0142\u00f3wna\",\"item\":\"https:\/\/2liceum.eu\/\"},{\"@type\":\"ListItem\",\"position\":2,\"name\":\"Siatk\u00f3wka pla\u017cowa!\"}]},{\"@type\":\"Article\",\"@id\":\"https:\/\/2liceum.eu\/index.php\/2022\/05\/31\/siatkowka-plazowa\/#article\",\"isPartOf\":{\"@id\":\"https:\/\/2liceum.eu\/index.php\/2022\/05\/31\/siatkowka-plazowa\/\"},\"author\":{\"name\":\"Adam Dragan\",\"@id\":\"https:\/\/2liceum.eu\/#\/schema\/person\/1a52557bfdaf047be954a8b190648da5\"},\"headline\":\"Siatk\u00f3wka pla\u017cowa!\",\"datePublished\":\"2022-05-31T09:53:15+00:00\",\"dateModified\":\"2022-05-31T09:53:16+00:00\",\"mainEntityOfPage\":{\"@id\":\"https:\/\/2liceum.eu\/index.php\/2022\/05\/31\/siatkowka-plazowa\/\"},\"wordCount\":228,\"commentCount\":0,\"publisher\":{\"@id\":\"https:\/\/2liceum.eu\/#organization\"},\"articleSection\":[\"Aktualno\u015bci\",\"Osi\u0105gni\u0119cia sportowe 2021\/2022!\"],\"inLanguage\":\"pl-PL\",\"potentialAction\":[{\"@type\":\"CommentAction\",\"name\":\"Comment\",\"target\":[\"https:\/\/2liceum.eu\/index.php\/2022\/05\/31\/siatkowka-plazowa\/#respond\"]}]},{\"@type\":\"Person\",\"@id\":\"https:\/\/2liceum.eu\/#\/schema\/person\/1a52557bfdaf047be954a8b190648da5\",\"name\":\"Adam Dragan\",\"image\":{\"@type\":\"ImageObject\",\"inLanguage\":\"pl-PL\",\"@id\":\"https:\/\/2liceum.eu\/#\/schema\/person\/image\/\",\"url\":\"https:\/\/secure.gravatar.com\/avatar\/3a2bee53698f47ac117505a8a054d1e47e9ee9593c4c77dc18374aa80472d80c?s=96&d=mm&r=g\",\"contentUrl\":\"https:\/\/secure.gravatar.com\/avatar\/3a2bee53698f47ac117505a8a054d1e47e9ee9593c4c77dc18374aa80472d80c?s=96&d=mm&r=g\",\"caption\":\"Adam Dragan\"},\"sameAs\":[\"http:\/\/2liceum.eu\"]}]}<\/script>\n<!-- \/ Yoast SEO plugin. -->","yoast_head_json":{"title":"Siatk\u00f3wka pla\u017cowa! - II Liceum Og\u00f3lnokszta\u0142c\u0105ce w Lubinie","robots":{"index":"index","follow":"follow","max-snippet":"max-snippet:-1","max-image-preview":"max-image-preview:large","max-video-preview":"max-video-preview:-1"},"canonical":"https:\/\/2liceum.eu\/index.php\/2022\/05\/31\/siatkowka-plazowa\/","og_locale":"pl_PL","og_type":"article","og_title":"Siatk\u00f3wka pla\u017cowa! - II Liceum Og\u00f3lnokszta\u0142c\u0105ce w Lubinie","og_description":"&nbsp; Sportowe zmagania w siatk\u00f3wce pla\u017cowej ju\u017c za nami. Cho\u0107 by\u0142o deszczowo i wia\u0142 wiatr, to naszym licealistom nie przeszkadza\u0142y warunki pogodowe. Aktywnie, weso\u0142o i po\u017cytecznie sp\u0119dzili czas na siatkarskiej rywalizacji, korzystaj\u0105c z boisk lubi\u0144skiego RCS-u. Rywalizowali\u015bmy z reprezentacjami innych szk\u00f3\u0142 &#8211; dwa dni &#8211; dziewczyny 25 maja a ch\u0142opcy 26. W zawodach bra\u0142y udzia\u0142, [&hellip;]","og_url":"https:\/\/2liceum.eu\/index.php\/2022\/05\/31\/siatkowka-plazowa\/","og_site_name":"II Liceum Og\u00f3lnokszta\u0142c\u0105ce w Lubinie","article_publisher":"https:\/\/web.facebook.com\/IILOLubin\/","article_published_time":"2022-05-31T09:53:15+00:00","article_modified_time":"2022-05-31T09:53:16+00:00","og_image":[{"url":"https:\/\/2liceum.eu\/wp-content\/uploads\/2022\/05\/282339834_540404587734835_2945850455034309449_n-749x1024.jpg"}],"author":"Adam Dragan","twitter_card":"summary_large_image","twitter_misc":{"Napisane przez":"Adam Dragan","Szacowany czas czytania":"2 minuty"},"schema":{"@context":"https:\/\/schema.org","@graph":[{"@type":"Organization","@id":"https:\/\/2liceum.eu\/#organization","name":"II Liceum Og\u00f3lnokszta\u0142c\u0105ce w Lubinie","url":"https:\/\/2liceum.eu\/","sameAs":["http:\/\/2lolubin","https:\/\/www.youtube.com\/channel\/UCWjEMxRJYdfvxPhVOn-8g_g","https:\/\/web.facebook.com\/IILOLubin\/"],"logo":{"@type":"ImageObject","inLanguage":"pl-PL","@id":"https:\/\/2liceum.eu\/#\/schema\/logo\/image\/","url":"https:\/\/2liceum.eu\/wp-content\/uploads\/2018\/01\/pobrane.jpg","contentUrl":"https:\/\/2liceum.eu\/wp-content\/uploads\/2018\/01\/pobrane.jpg","width":184,"height":183,"caption":"II Liceum Og\u00f3lnokszta\u0142c\u0105ce w Lubinie"},"image":{"@id":"https:\/\/2liceum.eu\/#\/schema\/logo\/image\/"}},{"@type":"WebSite","@id":"https:\/\/2liceum.eu\/#website","url":"https:\/\/2liceum.eu\/","name":"II Liceum Og\u00f3lnokszta\u0142c\u0105ce w Lubinie","description":"Oficjalny portal II LO w Lubinie. Informacje o szkole, kadrze, zaj\u0119ciach dydaktycznych, ko\u0142ach zainteresowa\u0144, wolontariacie. Aktualno\u015bci. Galeria zdj\u0119\u0107.","publisher":{"@id":"https:\/\/2liceum.eu\/#organization"},"potentialAction":[{"@type":"SearchAction","target":{"@type":"EntryPoint","urlTemplate":"https:\/\/2liceum.eu\/?s={search_term_string}"},"query-input":"required name=search_term_string"}],"inLanguage":"pl-PL"},{"@type":"WebPage","@id":"https:\/\/2liceum.eu\/index.php\/2022\/05\/31\/siatkowka-plazowa\/","url":"https:\/\/2liceum.eu\/index.php\/2022\/05\/31\/siatkowka-plazowa\/","name":"Siatk\u00f3wka pla\u017cowa! - II Liceum Og\u00f3lnokszta\u0142c\u0105ce w Lubinie","isPartOf":{"@id":"https:\/\/2liceum.eu\/#website"},"datePublished":"2022-05-31T09:53:15+00:00","dateModified":"2022-05-31T09:53:16+00:00","breadcrumb":{"@id":"https:\/\/2liceum.eu\/index.php\/2022\/05\/31\/siatkowka-plazowa\/#breadcrumb"},"inLanguage":"pl-PL","potentialAction":[{"@type":"ReadAction","target":["https:\/\/2liceum.eu\/index.php\/2022\/05\/31\/siatkowka-plazowa\/"]}]},{"@type":"BreadcrumbList","@id":"https:\/\/2liceum.eu\/index.php\/2022\/05\/31\/siatkowka-plazowa\/#breadcrumb","itemListElement":[{"@type":"ListItem","position":1,"name":"Strona g\u0142\u00f3wna","item":"https:\/\/2liceum.eu\/"},{"@type":"ListItem","position":2,"name":"Siatk\u00f3wka pla\u017cowa!"}]},{"@type":"Article","@id":"https:\/\/2liceum.eu\/index.php\/2022\/05\/31\/siatkowka-plazowa\/#article","isPartOf":{"@id":"https:\/\/2liceum.eu\/index.php\/2022\/05\/31\/siatkowka-plazowa\/"},"author":{"name":"Adam Dragan","@id":"https:\/\/2liceum.eu\/#\/schema\/person\/1a52557bfdaf047be954a8b190648da5"},"headline":"Siatk\u00f3wka pla\u017cowa!","datePublished":"2022-05-31T09:53:15+00:00","dateModified":"2022-05-31T09:53:16+00:00","mainEntityOfPage":{"@id":"https:\/\/2liceum.eu\/index.php\/2022\/05\/31\/siatkowka-plazowa\/"},"wordCount":228,"commentCount":0,"publisher":{"@id":"https:\/\/2liceum.eu\/#organization"},"articleSection":["Aktualno\u015bci","Osi\u0105gni\u0119cia sportowe 2021\/2022!"],"inLanguage":"pl-PL","potentialAction":[{"@type":"CommentAction","name":"Comment","target":["https:\/\/2liceum.eu\/index.php\/2022\/05\/31\/siatkowka-plazowa\/#respond"]}]},{"@type":"Person","@id":"https:\/\/2liceum.eu\/#\/schema\/person\/1a52557bfdaf047be954a8b190648da5","name":"Adam Dragan","image":{"@type":"ImageObject","inLanguage":"pl-PL","@id":"https:\/\/2liceum.eu\/#\/schema\/person\/image\/","url":"https:\/\/secure.gravatar.com\/avatar\/3a2bee53698f47ac117505a8a054d1e47e9ee9593c4c77dc18374aa80472d80c?s=96&d=mm&r=g","contentUrl":"https:\/\/secure.gravatar.com\/avatar\/3a2bee53698f47ac117505a8a054d1e47e9ee9593c4c77dc18374aa80472d80c?s=96&d=mm&r=g","caption":"Adam Dragan"},"sameAs":["http:\/\/2liceum.eu"]}]}},"_links":{"self":[{"href":"https:\/\/2liceum.eu\/index.php\/wp-json\/wp\/v2\/posts\/7233","targetHints":{"allow":["GET"]}}],"collection":[{"href":"https:\/\/2liceum.eu\/index.php\/wp-json\/wp\/v2\/posts"}],"about":[{"href":"https:\/\/2liceum.eu\/index.php\/wp-json\/wp\/v2\/types\/post"}],"author":[{"embeddable":true,"href":"https:\/\/2liceum.eu\/index.php\/wp-json\/wp\/v2\/users\/2"}],"replies":[{"embeddable":true,"href":"https:\/\/2liceum.eu\/index.php\/wp-json\/wp\/v2\/comments?post=7233"}],"version-history":[{"count":1,"href":"https:\/\/2liceum.eu\/index.php\/wp-json\/wp\/v2\/posts\/7233\/revisions"}],"predecessor-version":[{"id":7236,"href":"https:\/\/2liceum.eu\/index.php\/wp-json\/wp\/v2\/posts\/7233\/revisions\/7236"}],"wp:attachment":[{"href":"https:\/\/2liceum.eu\/index.php\/wp-json\/wp\/v2\/media?parent=7233"}],"wp:term":[{"taxonomy":"category","embeddable":true,"href":"https:\/\/2liceum.eu\/index.php\/wp-json\/wp\/v2\/categories?post=7233"},{"taxonomy":"post_tag","embeddable":true,"href":"https:\/\/2liceum.eu\/index.php\/wp-json\/wp\/v2\/tags?post=7233"}],"curies":[{"name":"wp","href":"https:\/\/api.w.org\/{rel}","templated":true}]}}