{"id":7341,"date":"2022-06-13T12:58:58","date_gmt":"2022-06-13T10:58:58","guid":{"rendered":"https:\/\/2liceum.eu\/?p=7341"},"modified":"2022-06-13T12:58:59","modified_gmt":"2022-06-13T10:58:59","slug":"bezpieczne-wakacje","status":"publish","type":"post","link":"https:\/\/2liceum.eu\/index.php\/2022\/06\/13\/bezpieczne-wakacje\/","title":{"rendered":"Bezpieczne wakacje!"},"content":{"rendered":"\n<p style=\"text-align: justify;\">Zbli\u017caj\u0105 si\u0119 wakacje. W tym czasie wielu m\u0142odych ludzi poszukuje pracy, r\u00f3wnie\u017c za granic\u0105.&nbsp; Takie osoby mog\u0105 by\u0107 szczeg\u00f3lnie zagro\u017cone, zw\u0142aszcza, \u017ce problem handlu lud\u017ami przybiera coraz bardziej zr\u00f3\u017cnicowane formy. W powszechnej \u015bwiadomo\u015bci jest on kojarzony g\u0142\u00f3wnie z&nbsp;wykorzystaniem kobiet do prostytucji. Jednak problem ten mo\u017ce dotyczy\u0107: zmuszania do pracy, niewolnictwa domowego, zmuszania do \u017cebrania lub\/i pope\u0142niania przest\u0119pstw czy te\u017c w celu pobrania narz\u0105d\u00f3w. Handel lud\u017ami jest trzecim najbardziej dochodowym interesem po handlu broni\u0105 i narkotykami w \u015bwiecie.<\/p>\n<p><!--more--><\/p>\n<p><strong>Zatem jak si\u0119 ustrzec przed niebezpiecze\u0144stwem? <\/strong><\/p>\n<p style=\"text-align: justify;\">Wyje\u017cd\u017caj\u0105c za granic\u0119 nale\u017cy dok\u0142adnie sprawdzi\u0107 wiarygodno\u015b\u0107 przysz\u0142ego pracodawcy i upewni\u0107 si\u0119, co do legalno\u015bci zatrudnienia. Warto skorzysta\u0107 z baz ofert pracy od sprawdzonych pracodawc\u00f3w i po\u015brednik\u00f3w pracy. Mo\u017cna skorzysta\u0107 z takich stron, jak EURES \u2013 Europejskie S\u0142u\u017cby Zatrudnienia (www.eures.praca.gov.pl), czy KRAZ \u2013 Krajowy Rejestr Agencji Zatrudnienia (www.kraz.praca.gov.pl). Na stronie KRAZ mo\u017cna sprawdzi\u0107, czy dana agencja zatrudnienia oferuj\u0105ca prac\u0119, jest zarejestrowana i dzia\u0142a legalnie. Je\u015bli mamy w\u0105tpliwo\u015bci, czy oferta pracy mo\u017ce budzi\u0107 obawy, przed wyjazdem warto dok\u0142adnie sprawdzi\u0107 wiarygodno\u015b\u0107 takiego pracodawcy. Przed wyjazdem warto zna\u0107 adresy i numery telefon\u00f3w ambasady oraz konsulatu RP w kraju, do kt\u00f3rego si\u0119 udajemy.<\/p>\n<p><strong>Poradnik i wiele cennych wskaz\u00f3wek zwi\u0105zanych m.in. z bezpiecznym wyjazdem za granic\u0119, znale\u017a\u0107 mo\u017cna m.in. na portalu handelludzmi.eu.<\/strong><\/p>\n<p style=\"text-align: justify;\"><br>Wakacje to r\u00f3wnie\u017c czas wyjazd\u00f3w, imprez, dyskotek. Wybieraj\u0105c si\u0119 na imprez\u0119 lub spotkanie z przyjaci\u00f3\u0142mi, znajomymi do dyskoteki, pubu, czy te\u017c w inne miejsce, gdzie mo\u017ce by\u0107 podawany alkohol, trzeba mie\u0107 \u015bwiadomo\u015b\u0107 zagro\u017ce\u0144 zwi\u0105zanych z u\u017cyciem tzw. &#8222;pigu\u0142ki gwa\u0142tu&#8221;.<\/p>\n<p style=\"text-align: justify;\"><strong>Kilka poni\u017cszych wskaz\u00f3wek mo\u017ce uchroni\u0107 przed nieprzyjemnymi zdarzeniami, cz\u0119sto nieodwracalnymi w skutkach:<\/strong><\/p>\n<ul>\n<li>Tak zwana &#8222;pigu\u0142ka gwa\u0142tu&#8221; to wiele substancji chemicznych, kt\u00f3re w r\u00f3\u017cnej formie <br>i postaci (nie tylko tabletki) w po\u0142\u0105czeniu z alkoholem mog\u0105 spowodowa\u0107 utrat\u0119 \u015bwiadomo\u015bci;<\/li>\n<li>Tego typu substancje chemiczne mog\u0105 by\u0107 podawane lub wykorzystywane w innych sytuacjach &#8211; nie tylko w klubie, czy dyskotece, ale r\u00f3wnie\u017c w poci\u0105gu, autobusie, itp., st\u0105d te\u017c nie przyjmuj napoj\u00f3w od nieznanych Ci os\u00f3b;<\/li>\n<li>Unikaj samotnych wizyt w klubach i na imprezach lub w towarzystwie nieznanych Ci os\u00f3b.<\/li>\n<li>W miar\u0119 mo\u017cliwo\u015bci informuj domownik\u00f3w lub znajomych, gdzie zamierzasz si\u0119 bawi\u0107 <br>i o kt\u00f3rej godzinie planujesz powr\u00f3t;<\/li>\n<li>Nie pij niczego, co oferuje nieznajoma osoba;<\/li>\n<li>Unikaj dzielenia si\u0119 lub wymieniania napojami;<\/li>\n<li>Pij z w\u0142asnor\u0119cznie otwartej butelki lub puszki, a je\u017celi robi to barman, to \u017c\u0105daj, aby uczyni\u0142 to na Twoich oczach;<\/li>\n<li>Obserwuj, jak nap\u00f3j jest przyrz\u0105dzany;<\/li>\n<li>Nie zostawiaj napoju bez opieki, nawet gdy odchodzisz tylko na chwil\u0119. Je\u017celi stwierdzisz, \u017ce Tw\u00f3j nap\u00f3j wygl\u0105da lub smakuje inaczej \u2013 nie ryzykuj, nie pij go;<\/li>\n<li>Je\u015bli po wypiciu jakiego\u015b napoju poczujesz si\u0119 dziwnie, nawet, gdy by\u0142a to ma\u0142a zawarto\u015b\u0107 alkoholu (np. md\u0142o\u015bci, zawroty g\u0142owy, zaburzenia widzenia itp.), szukaj pomocy u zaufanej osoby lub zadzwo\u0144 na pogotowie. W tym czasie unikaj miejsc ustronnych i ciemnych pomieszcze\u0144. B\u0105d\u017a tam, gdzie jest du\u017co ludzi;<\/li>\n<li>Wychodz\u0105c z klubu lub imprezy z powodu z\u0142ego samopoczucia, zapewnij sobie pomoc zaufanej osoby podczas powrotu do domu;<\/li>\n<li>Je\u017celi podejrzewasz, \u017ce zosta\u0142o pope\u0142nione przest\u0119pstwo przy u\u017cyciu tzw. &#8222;pigu\u0142ki gwa\u0142tu&#8221;, zg\u0142o\u015b si\u0119 na Policj\u0119 mo\u017cliwie najszybciej, aby umo\u017cliwi\u0107 zebranie materia\u0142u dowodowego.<\/li>\n<\/ul>\n<p>&nbsp;<\/p>\n","protected":false},"excerpt":{"rendered":"<p>Zbli\u017caj\u0105 si\u0119 wakacje. W tym czasie wielu m\u0142odych ludzi poszukuje pracy, r\u00f3wnie\u017c za granic\u0105.&nbsp; Takie osoby mog\u0105 by\u0107 szczeg\u00f3lnie zagro\u017cone, zw\u0142aszcza, \u017ce problem handlu lud\u017ami przybiera coraz bardziej zr\u00f3\u017cnicowane formy. W powszechnej \u015bwiadomo\u015bci jest on kojarzony g\u0142\u00f3wnie z&nbsp;wykorzystaniem kobiet do prostytucji. Jednak problem ten mo\u017ce dotyczy\u0107: zmuszania do pracy, niewolnictwa domowego, zmuszania do \u017cebrania lub\/i [&hellip;]<\/p>\n","protected":false},"author":2,"featured_media":0,"comment_status":"open","ping_status":"open","sticky":false,"template":"","format":"standard","meta":{"ngg_post_thumbnail":0,"footnotes":""},"categories":[36],"tags":[],"class_list":["post-7341","post","type-post","status-publish","format-standard","hentry","category-artykuly-pedagoga"],"yoast_head":"<!-- This site is optimized with the Yoast SEO plugin v19.4 - https:\/\/yoast.com\/wordpress\/plugins\/seo\/ -->\n<title>Bezpieczne wakacje! - II Liceum Og\u00f3lnokszta\u0142c\u0105ce w Lubinie<\/title>\n<meta name=\"robots\" content=\"index, follow, max-snippet:-1, max-image-preview:large, max-video-preview:-1\" \/>\n<link rel=\"canonical\" href=\"https:\/\/2liceum.eu\/index.php\/2022\/06\/13\/bezpieczne-wakacje\/\" \/>\n<meta property=\"og:locale\" content=\"pl_PL\" \/>\n<meta property=\"og:type\" content=\"article\" \/>\n<meta property=\"og:title\" content=\"Bezpieczne wakacje! - II Liceum Og\u00f3lnokszta\u0142c\u0105ce w Lubinie\" \/>\n<meta property=\"og:description\" content=\"Zbli\u017caj\u0105 si\u0119 wakacje. W tym czasie wielu m\u0142odych ludzi poszukuje pracy, r\u00f3wnie\u017c za granic\u0105.&nbsp; Takie osoby mog\u0105 by\u0107 szczeg\u00f3lnie zagro\u017cone, zw\u0142aszcza, \u017ce problem handlu lud\u017ami przybiera coraz bardziej zr\u00f3\u017cnicowane formy. W powszechnej \u015bwiadomo\u015bci jest on kojarzony g\u0142\u00f3wnie z&nbsp;wykorzystaniem kobiet do prostytucji. Jednak problem ten mo\u017ce dotyczy\u0107: zmuszania do pracy, niewolnictwa domowego, zmuszania do \u017cebrania lub\/i [&hellip;]\" \/>\n<meta property=\"og:url\" content=\"https:\/\/2liceum.eu\/index.php\/2022\/06\/13\/bezpieczne-wakacje\/\" \/>\n<meta property=\"og:site_name\" content=\"II Liceum Og\u00f3lnokszta\u0142c\u0105ce w Lubinie\" \/>\n<meta property=\"article:publisher\" content=\"https:\/\/web.facebook.com\/IILOLubin\/\" \/>\n<meta property=\"article:published_time\" content=\"2022-06-13T10:58:58+00:00\" \/>\n<meta property=\"article:modified_time\" content=\"2022-06-13T10:58:59+00:00\" \/>\n<meta name=\"author\" content=\"Adam Dragan\" \/>\n<meta name=\"twitter:card\" content=\"summary_large_image\" \/>\n<meta name=\"twitter:label1\" content=\"Napisane przez\" \/>\n\t<meta name=\"twitter:data1\" content=\"Adam Dragan\" \/>\n\t<meta name=\"twitter:label2\" content=\"Szacowany czas czytania\" \/>\n\t<meta name=\"twitter:data2\" content=\"3 minuty\" \/>\n<script type=\"application\/ld+json\" class=\"yoast-schema-graph\">{\"@context\":\"https:\/\/schema.org\",\"@graph\":[{\"@type\":\"Organization\",\"@id\":\"https:\/\/2liceum.eu\/#organization\",\"name\":\"II Liceum Og\u00f3lnokszta\u0142c\u0105ce w Lubinie\",\"url\":\"https:\/\/2liceum.eu\/\",\"sameAs\":[\"http:\/\/2lolubin\",\"https:\/\/www.youtube.com\/channel\/UCWjEMxRJYdfvxPhVOn-8g_g\",\"https:\/\/web.facebook.com\/IILOLubin\/\"],\"logo\":{\"@type\":\"ImageObject\",\"inLanguage\":\"pl-PL\",\"@id\":\"https:\/\/2liceum.eu\/#\/schema\/logo\/image\/\",\"url\":\"https:\/\/2liceum.eu\/wp-content\/uploads\/2018\/01\/pobrane.jpg\",\"contentUrl\":\"https:\/\/2liceum.eu\/wp-content\/uploads\/2018\/01\/pobrane.jpg\",\"width\":184,\"height\":183,\"caption\":\"II Liceum Og\u00f3lnokszta\u0142c\u0105ce w Lubinie\"},\"image\":{\"@id\":\"https:\/\/2liceum.eu\/#\/schema\/logo\/image\/\"}},{\"@type\":\"WebSite\",\"@id\":\"https:\/\/2liceum.eu\/#website\",\"url\":\"https:\/\/2liceum.eu\/\",\"name\":\"II Liceum Og\u00f3lnokszta\u0142c\u0105ce w Lubinie\",\"description\":\"Oficjalny portal II LO w Lubinie. Informacje o szkole, kadrze, zaj\u0119ciach dydaktycznych, ko\u0142ach zainteresowa\u0144, wolontariacie. Aktualno\u015bci. Galeria zdj\u0119\u0107.\",\"publisher\":{\"@id\":\"https:\/\/2liceum.eu\/#organization\"},\"potentialAction\":[{\"@type\":\"SearchAction\",\"target\":{\"@type\":\"EntryPoint\",\"urlTemplate\":\"https:\/\/2liceum.eu\/?s={search_term_string}\"},\"query-input\":\"required name=search_term_string\"}],\"inLanguage\":\"pl-PL\"},{\"@type\":\"WebPage\",\"@id\":\"https:\/\/2liceum.eu\/index.php\/2022\/06\/13\/bezpieczne-wakacje\/\",\"url\":\"https:\/\/2liceum.eu\/index.php\/2022\/06\/13\/bezpieczne-wakacje\/\",\"name\":\"Bezpieczne wakacje! - II Liceum Og\u00f3lnokszta\u0142c\u0105ce w Lubinie\",\"isPartOf\":{\"@id\":\"https:\/\/2liceum.eu\/#website\"},\"datePublished\":\"2022-06-13T10:58:58+00:00\",\"dateModified\":\"2022-06-13T10:58:59+00:00\",\"breadcrumb\":{\"@id\":\"https:\/\/2liceum.eu\/index.php\/2022\/06\/13\/bezpieczne-wakacje\/#breadcrumb\"},\"inLanguage\":\"pl-PL\",\"potentialAction\":[{\"@type\":\"ReadAction\",\"target\":[\"https:\/\/2liceum.eu\/index.php\/2022\/06\/13\/bezpieczne-wakacje\/\"]}]},{\"@type\":\"BreadcrumbList\",\"@id\":\"https:\/\/2liceum.eu\/index.php\/2022\/06\/13\/bezpieczne-wakacje\/#breadcrumb\",\"itemListElement\":[{\"@type\":\"ListItem\",\"position\":1,\"name\":\"Strona g\u0142\u00f3wna\",\"item\":\"https:\/\/2liceum.eu\/\"},{\"@type\":\"ListItem\",\"position\":2,\"name\":\"Bezpieczne wakacje!\"}]},{\"@type\":\"Article\",\"@id\":\"https:\/\/2liceum.eu\/index.php\/2022\/06\/13\/bezpieczne-wakacje\/#article\",\"isPartOf\":{\"@id\":\"https:\/\/2liceum.eu\/index.php\/2022\/06\/13\/bezpieczne-wakacje\/\"},\"author\":{\"name\":\"Adam Dragan\",\"@id\":\"https:\/\/2liceum.eu\/#\/schema\/person\/1a52557bfdaf047be954a8b190648da5\"},\"headline\":\"Bezpieczne wakacje!\",\"datePublished\":\"2022-06-13T10:58:58+00:00\",\"dateModified\":\"2022-06-13T10:58:59+00:00\",\"mainEntityOfPage\":{\"@id\":\"https:\/\/2liceum.eu\/index.php\/2022\/06\/13\/bezpieczne-wakacje\/\"},\"wordCount\":610,\"commentCount\":0,\"publisher\":{\"@id\":\"https:\/\/2liceum.eu\/#organization\"},\"articleSection\":[\"Artyku\u0142y pedagoga\"],\"inLanguage\":\"pl-PL\",\"potentialAction\":[{\"@type\":\"CommentAction\",\"name\":\"Comment\",\"target\":[\"https:\/\/2liceum.eu\/index.php\/2022\/06\/13\/bezpieczne-wakacje\/#respond\"]}]},{\"@type\":\"Person\",\"@id\":\"https:\/\/2liceum.eu\/#\/schema\/person\/1a52557bfdaf047be954a8b190648da5\",\"name\":\"Adam Dragan\",\"image\":{\"@type\":\"ImageObject\",\"inLanguage\":\"pl-PL\",\"@id\":\"https:\/\/2liceum.eu\/#\/schema\/person\/image\/\",\"url\":\"https:\/\/secure.gravatar.com\/avatar\/3a2bee53698f47ac117505a8a054d1e47e9ee9593c4c77dc18374aa80472d80c?s=96&d=mm&r=g\",\"contentUrl\":\"https:\/\/secure.gravatar.com\/avatar\/3a2bee53698f47ac117505a8a054d1e47e9ee9593c4c77dc18374aa80472d80c?s=96&d=mm&r=g\",\"caption\":\"Adam Dragan\"},\"sameAs\":[\"http:\/\/2liceum.eu\"]}]}<\/script>\n<!-- \/ Yoast SEO plugin. -->","yoast_head_json":{"title":"Bezpieczne wakacje! - II Liceum Og\u00f3lnokszta\u0142c\u0105ce w Lubinie","robots":{"index":"index","follow":"follow","max-snippet":"max-snippet:-1","max-image-preview":"max-image-preview:large","max-video-preview":"max-video-preview:-1"},"canonical":"https:\/\/2liceum.eu\/index.php\/2022\/06\/13\/bezpieczne-wakacje\/","og_locale":"pl_PL","og_type":"article","og_title":"Bezpieczne wakacje! - II Liceum Og\u00f3lnokszta\u0142c\u0105ce w Lubinie","og_description":"Zbli\u017caj\u0105 si\u0119 wakacje. W tym czasie wielu m\u0142odych ludzi poszukuje pracy, r\u00f3wnie\u017c za granic\u0105.&nbsp; Takie osoby mog\u0105 by\u0107 szczeg\u00f3lnie zagro\u017cone, zw\u0142aszcza, \u017ce problem handlu lud\u017ami przybiera coraz bardziej zr\u00f3\u017cnicowane formy. W powszechnej \u015bwiadomo\u015bci jest on kojarzony g\u0142\u00f3wnie z&nbsp;wykorzystaniem kobiet do prostytucji. Jednak problem ten mo\u017ce dotyczy\u0107: zmuszania do pracy, niewolnictwa domowego, zmuszania do \u017cebrania lub\/i [&hellip;]","og_url":"https:\/\/2liceum.eu\/index.php\/2022\/06\/13\/bezpieczne-wakacje\/","og_site_name":"II Liceum Og\u00f3lnokszta\u0142c\u0105ce w Lubinie","article_publisher":"https:\/\/web.facebook.com\/IILOLubin\/","article_published_time":"2022-06-13T10:58:58+00:00","article_modified_time":"2022-06-13T10:58:59+00:00","author":"Adam Dragan","twitter_card":"summary_large_image","twitter_misc":{"Napisane przez":"Adam Dragan","Szacowany czas czytania":"3 minuty"},"schema":{"@context":"https:\/\/schema.org","@graph":[{"@type":"Organization","@id":"https:\/\/2liceum.eu\/#organization","name":"II Liceum Og\u00f3lnokszta\u0142c\u0105ce w Lubinie","url":"https:\/\/2liceum.eu\/","sameAs":["http:\/\/2lolubin","https:\/\/www.youtube.com\/channel\/UCWjEMxRJYdfvxPhVOn-8g_g","https:\/\/web.facebook.com\/IILOLubin\/"],"logo":{"@type":"ImageObject","inLanguage":"pl-PL","@id":"https:\/\/2liceum.eu\/#\/schema\/logo\/image\/","url":"https:\/\/2liceum.eu\/wp-content\/uploads\/2018\/01\/pobrane.jpg","contentUrl":"https:\/\/2liceum.eu\/wp-content\/uploads\/2018\/01\/pobrane.jpg","width":184,"height":183,"caption":"II Liceum Og\u00f3lnokszta\u0142c\u0105ce w Lubinie"},"image":{"@id":"https:\/\/2liceum.eu\/#\/schema\/logo\/image\/"}},{"@type":"WebSite","@id":"https:\/\/2liceum.eu\/#website","url":"https:\/\/2liceum.eu\/","name":"II Liceum Og\u00f3lnokszta\u0142c\u0105ce w Lubinie","description":"Oficjalny portal II LO w Lubinie. Informacje o szkole, kadrze, zaj\u0119ciach dydaktycznych, ko\u0142ach zainteresowa\u0144, wolontariacie. Aktualno\u015bci. Galeria zdj\u0119\u0107.","publisher":{"@id":"https:\/\/2liceum.eu\/#organization"},"potentialAction":[{"@type":"SearchAction","target":{"@type":"EntryPoint","urlTemplate":"https:\/\/2liceum.eu\/?s={search_term_string}"},"query-input":"required name=search_term_string"}],"inLanguage":"pl-PL"},{"@type":"WebPage","@id":"https:\/\/2liceum.eu\/index.php\/2022\/06\/13\/bezpieczne-wakacje\/","url":"https:\/\/2liceum.eu\/index.php\/2022\/06\/13\/bezpieczne-wakacje\/","name":"Bezpieczne wakacje! - II Liceum Og\u00f3lnokszta\u0142c\u0105ce w Lubinie","isPartOf":{"@id":"https:\/\/2liceum.eu\/#website"},"datePublished":"2022-06-13T10:58:58+00:00","dateModified":"2022-06-13T10:58:59+00:00","breadcrumb":{"@id":"https:\/\/2liceum.eu\/index.php\/2022\/06\/13\/bezpieczne-wakacje\/#breadcrumb"},"inLanguage":"pl-PL","potentialAction":[{"@type":"ReadAction","target":["https:\/\/2liceum.eu\/index.php\/2022\/06\/13\/bezpieczne-wakacje\/"]}]},{"@type":"BreadcrumbList","@id":"https:\/\/2liceum.eu\/index.php\/2022\/06\/13\/bezpieczne-wakacje\/#breadcrumb","itemListElement":[{"@type":"ListItem","position":1,"name":"Strona g\u0142\u00f3wna","item":"https:\/\/2liceum.eu\/"},{"@type":"ListItem","position":2,"name":"Bezpieczne wakacje!"}]},{"@type":"Article","@id":"https:\/\/2liceum.eu\/index.php\/2022\/06\/13\/bezpieczne-wakacje\/#article","isPartOf":{"@id":"https:\/\/2liceum.eu\/index.php\/2022\/06\/13\/bezpieczne-wakacje\/"},"author":{"name":"Adam Dragan","@id":"https:\/\/2liceum.eu\/#\/schema\/person\/1a52557bfdaf047be954a8b190648da5"},"headline":"Bezpieczne wakacje!","datePublished":"2022-06-13T10:58:58+00:00","dateModified":"2022-06-13T10:58:59+00:00","mainEntityOfPage":{"@id":"https:\/\/2liceum.eu\/index.php\/2022\/06\/13\/bezpieczne-wakacje\/"},"wordCount":610,"commentCount":0,"publisher":{"@id":"https:\/\/2liceum.eu\/#organization"},"articleSection":["Artyku\u0142y pedagoga"],"inLanguage":"pl-PL","potentialAction":[{"@type":"CommentAction","name":"Comment","target":["https:\/\/2liceum.eu\/index.php\/2022\/06\/13\/bezpieczne-wakacje\/#respond"]}]},{"@type":"Person","@id":"https:\/\/2liceum.eu\/#\/schema\/person\/1a52557bfdaf047be954a8b190648da5","name":"Adam Dragan","image":{"@type":"ImageObject","inLanguage":"pl-PL","@id":"https:\/\/2liceum.eu\/#\/schema\/person\/image\/","url":"https:\/\/secure.gravatar.com\/avatar\/3a2bee53698f47ac117505a8a054d1e47e9ee9593c4c77dc18374aa80472d80c?s=96&d=mm&r=g","contentUrl":"https:\/\/secure.gravatar.com\/avatar\/3a2bee53698f47ac117505a8a054d1e47e9ee9593c4c77dc18374aa80472d80c?s=96&d=mm&r=g","caption":"Adam Dragan"},"sameAs":["http:\/\/2liceum.eu"]}]}},"_links":{"self":[{"href":"https:\/\/2liceum.eu\/index.php\/wp-json\/wp\/v2\/posts\/7341","targetHints":{"allow":["GET"]}}],"collection":[{"href":"https:\/\/2liceum.eu\/index.php\/wp-json\/wp\/v2\/posts"}],"about":[{"href":"https:\/\/2liceum.eu\/index.php\/wp-json\/wp\/v2\/types\/post"}],"author":[{"embeddable":true,"href":"https:\/\/2liceum.eu\/index.php\/wp-json\/wp\/v2\/users\/2"}],"replies":[{"embeddable":true,"href":"https:\/\/2liceum.eu\/index.php\/wp-json\/wp\/v2\/comments?post=7341"}],"version-history":[{"count":1,"href":"https:\/\/2liceum.eu\/index.php\/wp-json\/wp\/v2\/posts\/7341\/revisions"}],"predecessor-version":[{"id":7342,"href":"https:\/\/2liceum.eu\/index.php\/wp-json\/wp\/v2\/posts\/7341\/revisions\/7342"}],"wp:attachment":[{"href":"https:\/\/2liceum.eu\/index.php\/wp-json\/wp\/v2\/media?parent=7341"}],"wp:term":[{"taxonomy":"category","embeddable":true,"href":"https:\/\/2liceum.eu\/index.php\/wp-json\/wp\/v2\/categories?post=7341"},{"taxonomy":"post_tag","embeddable":true,"href":"https:\/\/2liceum.eu\/index.php\/wp-json\/wp\/v2\/tags?post=7341"}],"curies":[{"name":"wp","href":"https:\/\/api.w.org\/{rel}","templated":true}]}}