{"id":7462,"date":"2022-09-07T12:12:58","date_gmt":"2022-09-07T10:12:58","guid":{"rendered":"https:\/\/2liceum.eu\/?p=7462"},"modified":"2022-09-07T12:15:47","modified_gmt":"2022-09-07T10:15:47","slug":"samobojstwom-mozna-zapobiegac","status":"publish","type":"post","link":"https:\/\/2liceum.eu\/index.php\/2022\/09\/07\/samobojstwom-mozna-zapobiegac\/","title":{"rendered":"Samob\u00f3jstwom mo\u017cna zapobiega\u0107!"},"content":{"rendered":"\n<div class=\"wp-block-group\"><div class=\"wp-block-group__inner-container is-layout-flow wp-block-group-is-layout-flow\">\n<p style=\"text-align: justify;\">Uczymy si\u0119, jak udziela\u0107 pierwszej pomocy przy wypadku samochodowym czy zawale, tak samo powinni\u015bmy uczy\u0107 si\u0119 udzielania pierwszej pomocy emocjonalnej. Ona te\u017c mo\u017ce uratowa\u0107 czyje\u015b \u017cycie!<\/p>\n<p style=\"text-align: justify;\">W 2021 roku 1496 dzieci i nastolatk\u00f3w podj\u0119\u0142o pr\u00f3b\u0119 samob\u00f3jcz\u0105, niestety 127 z tych pr\u00f3b zako\u0144czy\u0142o si\u0119 \u015bmierci\u0105. W por\u00f3wnaniu do roku 2020 widoczny jest 77% wzrost zachowa\u0144 samob\u00f3jczych w\u015br\u00f3d m\u0142odzie\u017cy.&nbsp;<em>(\u017ar\u00f3d\u0142o:<\/em><a href=\"https:\/\/backend.zwjr.pl\/media\/attachments\/Raport_za_lata_2012-2021_zachowania_samobojcze_mlodziezy_2_JVEHSu1.pdf\">Raport za lata 2012-2021 Zachowania samob\u00f3jcze w\u015br\u00f3d dzieci i m\u0142odzie\u017cy<\/a><em>)<\/em><\/p>\n<p style=\"text-align: justify;\"><strong>Dane dotycz\u0105ce zamach\u00f3w samob\u00f3jczych zako\u0144czonych zgonem w Polsce wed\u0142ug Komendy G\u0142\u00f3wnej Policji za&nbsp;rok 2021&nbsp;to&nbsp;5201 samob\u00f3jstw.<\/strong><\/p>\n<p style=\"text-align: justify;\"><strong>Sygna\u0142y zagro\u017cenia samob\u00f3jczego:<\/strong><\/p>\n<ul style=\"text-align: justify;\">\n<li>d\u0142ugotrwa\u0142a zmiana nastroju \u2013 przygn\u0119bienie, p\u0142aczliwo\u015b\u0107, niepok\u00f3j, rozdra\u017cnienie;<\/li>\n<li>wyra\u017ane zmiany sposobu od\u017cywiania si\u0119, zaburzenia snu;<\/li>\n<li>trudno\u015bci z koncentracj\u0105, rozkojarzenie przypominaj\u0105ce nieobecno\u015b\u0107;<\/li>\n<li>niech\u0119\u0107 do rozm\u00f3w, spotka\u0144, wycofanie si\u0119 z kontakt\u00f3w z innymi;<\/li>\n<li>utrata zainteresowania sprawami, kt\u00f3re by\u0142y wa\u017cne;<\/li>\n<li>si\u0119ganie po substancje psychoaktywne;<\/li>\n<li>odrzucanie pomocy, poczucie osamotnienia, opuszczenia przez innych;<\/li>\n<li>poczucie bezradno\u015bci i braku wiary w mo\u017cliwo\u015b\u0107 rozwi\u0105zania problem\u00f3w;<\/li>\n<li>poczucie winy, bycia z\u0142ym cz\u0142owiekiem i ci\u0119\u017carem dla innych;<\/li>\n<li>skargi na nieustanne zm\u0119czenie i towarzysz\u0105ce im poczucie braku energii i niemocy;<\/li>\n<li>wypowiadanie komunikat\u00f3w o beznadziejno\u015bci, bezsensie \u017cycia, o planach samob\u00f3jczych;<\/li>\n<li>poszukiwanie informacji jak odebra\u0107 sobie \u017cycie;<\/li>\n<li>gromadzenie lek\u00f3w, przedmiot\u00f3w do odebrania sobie \u017cycia;<\/li>\n<li>po\u017cegnania, przygotowanie list\u00f3w, sporz\u0105dzenie testamentu, domykanie spraw.<\/li>\n<\/ul>\n<p style=\"text-align: justify;\"><strong>Je\u015bli&nbsp;dostrzegasz u kogo\u015b bliskiego lub osoby z Twojego otoczenia niepokoj\u0105ce sygna\u0142y, chcesz pom\u00f3c a nie wiesz jak, <\/strong>s<strong>korzystaj z bezp\u0142atnych porad i konsultacji specjalist\u00f3w O\u015brodka Interwencji Kryzysowej przy Powiatowym Centrum Pomocy Rodzinie <br>w Lubinie.<\/strong><\/p>\n<p style=\"text-align: justify;\">O\u015brodek Interwencji Kryzysowej Powiatowego Centrum Pomocy Rodzinie w Lubinie<\/p>\n<ol style=\"text-align: justify;\">\n<li>Sk\u0142adowa 3, Lubin<\/li>\n<\/ol>\n<p style=\"text-align: justify;\">tel: 76 847 96 91, 76 847 96 92<\/p>\n<p style=\"text-align: justify;\">e-mail: pcpr@powiat-lubin.pl lub interwencja@pcpr.powiat-lubin.pl<\/p>\n<p style=\"text-align: justify;\"><strong>Wi\u0119cej informacji uzyskasz na stronach:<\/strong><\/p>\n<ul style=\"text-align: justify;\">\n<li>https:\/\/www.ore.edu.pl\/wp-content\/plugins\/download-attachments\/includes\/download.php?id=27550&nbsp;<em>(poradnik dla rodzic\u00f3w),<\/em><\/li>\n<li>https:\/\/www.ore.edu.pl\/wp-content\/plugins\/download-attachments\/includes\/download.php?id=6992&nbsp;<em>(poradnik dla pracownik\u00f3w szk\u00f3\u0142&nbsp;i plac\u00f3wek o\u015bwiatowych oraz dla rodzic\u00f3w),<\/em><\/li>\n<li>https:\/\/www.ore.edu.pl\/wp-content\/plugins\/download-attachments\/includes\/download.php?id=27549&nbsp;<em>(poradnik dla nauczycieli).<\/em><\/li>\n<\/ul>\n<p style=\"text-align: justify;\"><strong>(materia\u0142y przygotowane przez biuro ds. Zapobiegania Zachowaniom Samob\u00f3jczym przy Instytucie Psychiatrii i Neurologii w Warszawie)<\/strong><\/p>\n<p style=\"text-align: justify;\"><strong>Wsparcie i pomoc otrzymasz r\u00f3wnie\u017c dzwoni\u0105c na numery telefon\u00f3w:<\/strong><\/p>\n<ul>\n<li style=\"text-align: justify;\"><strong>800 70 22 22<\/strong>&nbsp;\u2013 Centrum Wsparcia dla Os\u00f3b Doros\u0142ych w Kryzysie Psychicznym,<\/li>\n<li style=\"text-align: justify;\"><strong>800 12 12 12<\/strong>&nbsp;\u2013 Wsparcie psychologiczne w sytuacji kryzysowej \u2013 infolinia dla dzieci, m\u0142odzie\u017cy i opiekun\u00f3w,<\/li>\n<li style=\"text-align: justify;\"><strong>116 111<\/strong>&nbsp;\u2013 Telefon Zaufania dla Dzieci i M\u0142odzie\u017cy,<\/li>\n<li style=\"text-align: justify;\"><strong>112<\/strong>&nbsp;\u2013 W razie bezpo\u015bredniego zagro\u017cenia \u017cycia lub zdrowia.<\/li>\n<\/ul>\n<\/div><\/div>\n","protected":false},"excerpt":{"rendered":"<p>Uczymy si\u0119, jak udziela\u0107 pierwszej pomocy przy wypadku samochodowym czy zawale, tak samo powinni\u015bmy uczy\u0107 si\u0119 udzielania pierwszej pomocy emocjonalnej. Ona te\u017c mo\u017ce uratowa\u0107 czyje\u015b \u017cycie! W 2021 roku 1496 dzieci i nastolatk\u00f3w podj\u0119\u0142o pr\u00f3b\u0119 samob\u00f3jcz\u0105, niestety 127 z tych pr\u00f3b zako\u0144czy\u0142o si\u0119 \u015bmierci\u0105. W por\u00f3wnaniu do roku 2020 widoczny jest 77% wzrost zachowa\u0144 samob\u00f3jczych [&hellip;]<\/p>\n","protected":false},"author":2,"featured_media":0,"comment_status":"open","ping_status":"open","sticky":false,"template":"","format":"standard","meta":{"ngg_post_thumbnail":0,"footnotes":""},"categories":[36],"tags":[],"class_list":["post-7462","post","type-post","status-publish","format-standard","hentry","category-artykuly-pedagoga"],"yoast_head":"<!-- This site is optimized with the Yoast SEO plugin v19.4 - https:\/\/yoast.com\/wordpress\/plugins\/seo\/ -->\n<title>Samob\u00f3jstwom mo\u017cna zapobiega\u0107! - II Liceum Og\u00f3lnokszta\u0142c\u0105ce w Lubinie<\/title>\n<meta name=\"robots\" content=\"index, follow, max-snippet:-1, max-image-preview:large, max-video-preview:-1\" \/>\n<link rel=\"canonical\" href=\"https:\/\/2liceum.eu\/index.php\/2022\/09\/07\/samobojstwom-mozna-zapobiegac\/\" \/>\n<meta property=\"og:locale\" content=\"pl_PL\" \/>\n<meta property=\"og:type\" content=\"article\" \/>\n<meta property=\"og:title\" content=\"Samob\u00f3jstwom mo\u017cna zapobiega\u0107! - II Liceum Og\u00f3lnokszta\u0142c\u0105ce w Lubinie\" \/>\n<meta property=\"og:description\" content=\"Uczymy si\u0119, jak udziela\u0107 pierwszej pomocy przy wypadku samochodowym czy zawale, tak samo powinni\u015bmy uczy\u0107 si\u0119 udzielania pierwszej pomocy emocjonalnej. Ona te\u017c mo\u017ce uratowa\u0107 czyje\u015b \u017cycie! W 2021 roku 1496 dzieci i nastolatk\u00f3w podj\u0119\u0142o pr\u00f3b\u0119 samob\u00f3jcz\u0105, niestety 127 z tych pr\u00f3b zako\u0144czy\u0142o si\u0119 \u015bmierci\u0105. W por\u00f3wnaniu do roku 2020 widoczny jest 77% wzrost zachowa\u0144 samob\u00f3jczych [&hellip;]\" \/>\n<meta property=\"og:url\" content=\"https:\/\/2liceum.eu\/index.php\/2022\/09\/07\/samobojstwom-mozna-zapobiegac\/\" \/>\n<meta property=\"og:site_name\" content=\"II Liceum Og\u00f3lnokszta\u0142c\u0105ce w Lubinie\" \/>\n<meta property=\"article:publisher\" content=\"https:\/\/web.facebook.com\/IILOLubin\/\" \/>\n<meta property=\"article:published_time\" content=\"2022-09-07T10:12:58+00:00\" \/>\n<meta property=\"article:modified_time\" content=\"2022-09-07T10:15:47+00:00\" \/>\n<meta name=\"author\" content=\"Adam Dragan\" \/>\n<meta name=\"twitter:card\" content=\"summary_large_image\" \/>\n<meta name=\"twitter:label1\" content=\"Napisane przez\" \/>\n\t<meta name=\"twitter:data1\" content=\"Adam Dragan\" \/>\n\t<meta name=\"twitter:label2\" content=\"Szacowany czas czytania\" \/>\n\t<meta name=\"twitter:data2\" content=\"3 minuty\" \/>\n<script type=\"application\/ld+json\" class=\"yoast-schema-graph\">{\"@context\":\"https:\/\/schema.org\",\"@graph\":[{\"@type\":\"Organization\",\"@id\":\"https:\/\/2liceum.eu\/#organization\",\"name\":\"II Liceum Og\u00f3lnokszta\u0142c\u0105ce w Lubinie\",\"url\":\"https:\/\/2liceum.eu\/\",\"sameAs\":[\"http:\/\/2lolubin\",\"https:\/\/www.youtube.com\/channel\/UCWjEMxRJYdfvxPhVOn-8g_g\",\"https:\/\/web.facebook.com\/IILOLubin\/\"],\"logo\":{\"@type\":\"ImageObject\",\"inLanguage\":\"pl-PL\",\"@id\":\"https:\/\/2liceum.eu\/#\/schema\/logo\/image\/\",\"url\":\"https:\/\/2liceum.eu\/wp-content\/uploads\/2018\/01\/pobrane.jpg\",\"contentUrl\":\"https:\/\/2liceum.eu\/wp-content\/uploads\/2018\/01\/pobrane.jpg\",\"width\":184,\"height\":183,\"caption\":\"II Liceum Og\u00f3lnokszta\u0142c\u0105ce w Lubinie\"},\"image\":{\"@id\":\"https:\/\/2liceum.eu\/#\/schema\/logo\/image\/\"}},{\"@type\":\"WebSite\",\"@id\":\"https:\/\/2liceum.eu\/#website\",\"url\":\"https:\/\/2liceum.eu\/\",\"name\":\"II Liceum Og\u00f3lnokszta\u0142c\u0105ce w Lubinie\",\"description\":\"Oficjalny portal II LO w Lubinie. Informacje o szkole, kadrze, zaj\u0119ciach dydaktycznych, ko\u0142ach zainteresowa\u0144, wolontariacie. Aktualno\u015bci. Galeria zdj\u0119\u0107.\",\"publisher\":{\"@id\":\"https:\/\/2liceum.eu\/#organization\"},\"potentialAction\":[{\"@type\":\"SearchAction\",\"target\":{\"@type\":\"EntryPoint\",\"urlTemplate\":\"https:\/\/2liceum.eu\/?s={search_term_string}\"},\"query-input\":\"required name=search_term_string\"}],\"inLanguage\":\"pl-PL\"},{\"@type\":\"WebPage\",\"@id\":\"https:\/\/2liceum.eu\/index.php\/2022\/09\/07\/samobojstwom-mozna-zapobiegac\/\",\"url\":\"https:\/\/2liceum.eu\/index.php\/2022\/09\/07\/samobojstwom-mozna-zapobiegac\/\",\"name\":\"Samob\u00f3jstwom mo\u017cna zapobiega\u0107! - II Liceum Og\u00f3lnokszta\u0142c\u0105ce w Lubinie\",\"isPartOf\":{\"@id\":\"https:\/\/2liceum.eu\/#website\"},\"datePublished\":\"2022-09-07T10:12:58+00:00\",\"dateModified\":\"2022-09-07T10:15:47+00:00\",\"breadcrumb\":{\"@id\":\"https:\/\/2liceum.eu\/index.php\/2022\/09\/07\/samobojstwom-mozna-zapobiegac\/#breadcrumb\"},\"inLanguage\":\"pl-PL\",\"potentialAction\":[{\"@type\":\"ReadAction\",\"target\":[\"https:\/\/2liceum.eu\/index.php\/2022\/09\/07\/samobojstwom-mozna-zapobiegac\/\"]}]},{\"@type\":\"BreadcrumbList\",\"@id\":\"https:\/\/2liceum.eu\/index.php\/2022\/09\/07\/samobojstwom-mozna-zapobiegac\/#breadcrumb\",\"itemListElement\":[{\"@type\":\"ListItem\",\"position\":1,\"name\":\"Strona g\u0142\u00f3wna\",\"item\":\"https:\/\/2liceum.eu\/\"},{\"@type\":\"ListItem\",\"position\":2,\"name\":\"Samob\u00f3jstwom mo\u017cna zapobiega\u0107!\"}]},{\"@type\":\"Article\",\"@id\":\"https:\/\/2liceum.eu\/index.php\/2022\/09\/07\/samobojstwom-mozna-zapobiegac\/#article\",\"isPartOf\":{\"@id\":\"https:\/\/2liceum.eu\/index.php\/2022\/09\/07\/samobojstwom-mozna-zapobiegac\/\"},\"author\":{\"name\":\"Adam Dragan\",\"@id\":\"https:\/\/2liceum.eu\/#\/schema\/person\/1a52557bfdaf047be954a8b190648da5\"},\"headline\":\"Samob\u00f3jstwom mo\u017cna zapobiega\u0107!\",\"datePublished\":\"2022-09-07T10:12:58+00:00\",\"dateModified\":\"2022-09-07T10:15:47+00:00\",\"mainEntityOfPage\":{\"@id\":\"https:\/\/2liceum.eu\/index.php\/2022\/09\/07\/samobojstwom-mozna-zapobiegac\/\"},\"wordCount\":469,\"commentCount\":0,\"publisher\":{\"@id\":\"https:\/\/2liceum.eu\/#organization\"},\"articleSection\":[\"Artyku\u0142y pedagoga\"],\"inLanguage\":\"pl-PL\",\"potentialAction\":[{\"@type\":\"CommentAction\",\"name\":\"Comment\",\"target\":[\"https:\/\/2liceum.eu\/index.php\/2022\/09\/07\/samobojstwom-mozna-zapobiegac\/#respond\"]}]},{\"@type\":\"Person\",\"@id\":\"https:\/\/2liceum.eu\/#\/schema\/person\/1a52557bfdaf047be954a8b190648da5\",\"name\":\"Adam Dragan\",\"image\":{\"@type\":\"ImageObject\",\"inLanguage\":\"pl-PL\",\"@id\":\"https:\/\/2liceum.eu\/#\/schema\/person\/image\/\",\"url\":\"https:\/\/secure.gravatar.com\/avatar\/3a2bee53698f47ac117505a8a054d1e47e9ee9593c4c77dc18374aa80472d80c?s=96&d=mm&r=g\",\"contentUrl\":\"https:\/\/secure.gravatar.com\/avatar\/3a2bee53698f47ac117505a8a054d1e47e9ee9593c4c77dc18374aa80472d80c?s=96&d=mm&r=g\",\"caption\":\"Adam Dragan\"},\"sameAs\":[\"http:\/\/2liceum.eu\"]}]}<\/script>\n<!-- \/ Yoast SEO plugin. -->","yoast_head_json":{"title":"Samob\u00f3jstwom mo\u017cna zapobiega\u0107! - II Liceum Og\u00f3lnokszta\u0142c\u0105ce w Lubinie","robots":{"index":"index","follow":"follow","max-snippet":"max-snippet:-1","max-image-preview":"max-image-preview:large","max-video-preview":"max-video-preview:-1"},"canonical":"https:\/\/2liceum.eu\/index.php\/2022\/09\/07\/samobojstwom-mozna-zapobiegac\/","og_locale":"pl_PL","og_type":"article","og_title":"Samob\u00f3jstwom mo\u017cna zapobiega\u0107! - II Liceum Og\u00f3lnokszta\u0142c\u0105ce w Lubinie","og_description":"Uczymy si\u0119, jak udziela\u0107 pierwszej pomocy przy wypadku samochodowym czy zawale, tak samo powinni\u015bmy uczy\u0107 si\u0119 udzielania pierwszej pomocy emocjonalnej. Ona te\u017c mo\u017ce uratowa\u0107 czyje\u015b \u017cycie! W 2021 roku 1496 dzieci i nastolatk\u00f3w podj\u0119\u0142o pr\u00f3b\u0119 samob\u00f3jcz\u0105, niestety 127 z tych pr\u00f3b zako\u0144czy\u0142o si\u0119 \u015bmierci\u0105. W por\u00f3wnaniu do roku 2020 widoczny jest 77% wzrost zachowa\u0144 samob\u00f3jczych [&hellip;]","og_url":"https:\/\/2liceum.eu\/index.php\/2022\/09\/07\/samobojstwom-mozna-zapobiegac\/","og_site_name":"II Liceum Og\u00f3lnokszta\u0142c\u0105ce w Lubinie","article_publisher":"https:\/\/web.facebook.com\/IILOLubin\/","article_published_time":"2022-09-07T10:12:58+00:00","article_modified_time":"2022-09-07T10:15:47+00:00","author":"Adam Dragan","twitter_card":"summary_large_image","twitter_misc":{"Napisane przez":"Adam Dragan","Szacowany czas czytania":"3 minuty"},"schema":{"@context":"https:\/\/schema.org","@graph":[{"@type":"Organization","@id":"https:\/\/2liceum.eu\/#organization","name":"II Liceum Og\u00f3lnokszta\u0142c\u0105ce w Lubinie","url":"https:\/\/2liceum.eu\/","sameAs":["http:\/\/2lolubin","https:\/\/www.youtube.com\/channel\/UCWjEMxRJYdfvxPhVOn-8g_g","https:\/\/web.facebook.com\/IILOLubin\/"],"logo":{"@type":"ImageObject","inLanguage":"pl-PL","@id":"https:\/\/2liceum.eu\/#\/schema\/logo\/image\/","url":"https:\/\/2liceum.eu\/wp-content\/uploads\/2018\/01\/pobrane.jpg","contentUrl":"https:\/\/2liceum.eu\/wp-content\/uploads\/2018\/01\/pobrane.jpg","width":184,"height":183,"caption":"II Liceum Og\u00f3lnokszta\u0142c\u0105ce w Lubinie"},"image":{"@id":"https:\/\/2liceum.eu\/#\/schema\/logo\/image\/"}},{"@type":"WebSite","@id":"https:\/\/2liceum.eu\/#website","url":"https:\/\/2liceum.eu\/","name":"II Liceum Og\u00f3lnokszta\u0142c\u0105ce w Lubinie","description":"Oficjalny portal II LO w Lubinie. Informacje o szkole, kadrze, zaj\u0119ciach dydaktycznych, ko\u0142ach zainteresowa\u0144, wolontariacie. Aktualno\u015bci. Galeria zdj\u0119\u0107.","publisher":{"@id":"https:\/\/2liceum.eu\/#organization"},"potentialAction":[{"@type":"SearchAction","target":{"@type":"EntryPoint","urlTemplate":"https:\/\/2liceum.eu\/?s={search_term_string}"},"query-input":"required name=search_term_string"}],"inLanguage":"pl-PL"},{"@type":"WebPage","@id":"https:\/\/2liceum.eu\/index.php\/2022\/09\/07\/samobojstwom-mozna-zapobiegac\/","url":"https:\/\/2liceum.eu\/index.php\/2022\/09\/07\/samobojstwom-mozna-zapobiegac\/","name":"Samob\u00f3jstwom mo\u017cna zapobiega\u0107! - II Liceum Og\u00f3lnokszta\u0142c\u0105ce w Lubinie","isPartOf":{"@id":"https:\/\/2liceum.eu\/#website"},"datePublished":"2022-09-07T10:12:58+00:00","dateModified":"2022-09-07T10:15:47+00:00","breadcrumb":{"@id":"https:\/\/2liceum.eu\/index.php\/2022\/09\/07\/samobojstwom-mozna-zapobiegac\/#breadcrumb"},"inLanguage":"pl-PL","potentialAction":[{"@type":"ReadAction","target":["https:\/\/2liceum.eu\/index.php\/2022\/09\/07\/samobojstwom-mozna-zapobiegac\/"]}]},{"@type":"BreadcrumbList","@id":"https:\/\/2liceum.eu\/index.php\/2022\/09\/07\/samobojstwom-mozna-zapobiegac\/#breadcrumb","itemListElement":[{"@type":"ListItem","position":1,"name":"Strona g\u0142\u00f3wna","item":"https:\/\/2liceum.eu\/"},{"@type":"ListItem","position":2,"name":"Samob\u00f3jstwom mo\u017cna zapobiega\u0107!"}]},{"@type":"Article","@id":"https:\/\/2liceum.eu\/index.php\/2022\/09\/07\/samobojstwom-mozna-zapobiegac\/#article","isPartOf":{"@id":"https:\/\/2liceum.eu\/index.php\/2022\/09\/07\/samobojstwom-mozna-zapobiegac\/"},"author":{"name":"Adam Dragan","@id":"https:\/\/2liceum.eu\/#\/schema\/person\/1a52557bfdaf047be954a8b190648da5"},"headline":"Samob\u00f3jstwom mo\u017cna zapobiega\u0107!","datePublished":"2022-09-07T10:12:58+00:00","dateModified":"2022-09-07T10:15:47+00:00","mainEntityOfPage":{"@id":"https:\/\/2liceum.eu\/index.php\/2022\/09\/07\/samobojstwom-mozna-zapobiegac\/"},"wordCount":469,"commentCount":0,"publisher":{"@id":"https:\/\/2liceum.eu\/#organization"},"articleSection":["Artyku\u0142y pedagoga"],"inLanguage":"pl-PL","potentialAction":[{"@type":"CommentAction","name":"Comment","target":["https:\/\/2liceum.eu\/index.php\/2022\/09\/07\/samobojstwom-mozna-zapobiegac\/#respond"]}]},{"@type":"Person","@id":"https:\/\/2liceum.eu\/#\/schema\/person\/1a52557bfdaf047be954a8b190648da5","name":"Adam Dragan","image":{"@type":"ImageObject","inLanguage":"pl-PL","@id":"https:\/\/2liceum.eu\/#\/schema\/person\/image\/","url":"https:\/\/secure.gravatar.com\/avatar\/3a2bee53698f47ac117505a8a054d1e47e9ee9593c4c77dc18374aa80472d80c?s=96&d=mm&r=g","contentUrl":"https:\/\/secure.gravatar.com\/avatar\/3a2bee53698f47ac117505a8a054d1e47e9ee9593c4c77dc18374aa80472d80c?s=96&d=mm&r=g","caption":"Adam Dragan"},"sameAs":["http:\/\/2liceum.eu"]}]}},"_links":{"self":[{"href":"https:\/\/2liceum.eu\/index.php\/wp-json\/wp\/v2\/posts\/7462","targetHints":{"allow":["GET"]}}],"collection":[{"href":"https:\/\/2liceum.eu\/index.php\/wp-json\/wp\/v2\/posts"}],"about":[{"href":"https:\/\/2liceum.eu\/index.php\/wp-json\/wp\/v2\/types\/post"}],"author":[{"embeddable":true,"href":"https:\/\/2liceum.eu\/index.php\/wp-json\/wp\/v2\/users\/2"}],"replies":[{"embeddable":true,"href":"https:\/\/2liceum.eu\/index.php\/wp-json\/wp\/v2\/comments?post=7462"}],"version-history":[{"count":4,"href":"https:\/\/2liceum.eu\/index.php\/wp-json\/wp\/v2\/posts\/7462\/revisions"}],"predecessor-version":[{"id":7466,"href":"https:\/\/2liceum.eu\/index.php\/wp-json\/wp\/v2\/posts\/7462\/revisions\/7466"}],"wp:attachment":[{"href":"https:\/\/2liceum.eu\/index.php\/wp-json\/wp\/v2\/media?parent=7462"}],"wp:term":[{"taxonomy":"category","embeddable":true,"href":"https:\/\/2liceum.eu\/index.php\/wp-json\/wp\/v2\/categories?post=7462"},{"taxonomy":"post_tag","embeddable":true,"href":"https:\/\/2liceum.eu\/index.php\/wp-json\/wp\/v2\/tags?post=7462"}],"curies":[{"name":"wp","href":"https:\/\/api.w.org\/{rel}","templated":true}]}}