{"id":7536,"date":"2022-09-20T13:07:23","date_gmt":"2022-09-20T11:07:23","guid":{"rendered":"https:\/\/2liceum.eu\/?p=7536"},"modified":"2022-09-20T13:07:25","modified_gmt":"2022-09-20T11:07:25","slug":"charytatywny-popcorn","status":"publish","type":"post","link":"https:\/\/2liceum.eu\/index.php\/2022\/09\/20\/charytatywny-popcorn\/","title":{"rendered":"&#8222;Charytatywny Popcorn&#8221;!"},"content":{"rendered":"\n<div>&nbsp;<\/div>\n<div style=\"text-align: center;\"><img loading=\"lazy\" decoding=\"async\" class=\"alignnone  wp-image-7537\" src=\"https:\/\/2liceum.eu\/wp-content\/uploads\/2022\/09\/306710373_2017236158665291_3396838164572443543_n-768x1024.jpg\" alt=\"\" width=\"182\" height=\"243\" srcset=\"https:\/\/2liceum.eu\/wp-content\/uploads\/2022\/09\/306710373_2017236158665291_3396838164572443543_n-768x1024.jpg 768w, https:\/\/2liceum.eu\/wp-content\/uploads\/2022\/09\/306710373_2017236158665291_3396838164572443543_n-225x300.jpg 225w, https:\/\/2liceum.eu\/wp-content\/uploads\/2022\/09\/306710373_2017236158665291_3396838164572443543_n-1152x1536.jpg 1152w, https:\/\/2liceum.eu\/wp-content\/uploads\/2022\/09\/306710373_2017236158665291_3396838164572443543_n.jpg 1536w\" sizes=\"auto, (max-width: 182px) 100vw, 182px\" \/><img loading=\"lazy\" decoding=\"async\" class=\"alignnone  wp-image-7528\" src=\"https:\/\/2liceum.eu\/wp-content\/uploads\/2022\/09\/Wolontariat-infografiki-1024x858.png\" alt=\"\" width=\"292\" height=\"245\" srcset=\"https:\/\/2liceum.eu\/wp-content\/uploads\/2022\/09\/Wolontariat-infografiki-1024x858.png 1024w, https:\/\/2liceum.eu\/wp-content\/uploads\/2022\/09\/Wolontariat-infografiki-300x251.png 300w, https:\/\/2liceum.eu\/wp-content\/uploads\/2022\/09\/Wolontariat-infografiki-768x644.png 768w, https:\/\/2liceum.eu\/wp-content\/uploads\/2022\/09\/Wolontariat-infografiki-1536x1288.png 1536w, https:\/\/2liceum.eu\/wp-content\/uploads\/2022\/09\/Wolontariat-infografiki.png 1880w\" sizes=\"auto, (max-width: 292px) 100vw, 292px\" \/><\/div>\n<div>&nbsp;<\/div>\n<div>&nbsp;<\/div>\n<div class=\"gwpfdde7954_gmail_default\" style=\"text-align: justify;\">W ramach poniedzia\u0142kowej<span style=\"color: #008000;\"><strong> akcji &#8222;Charytatywnego Popcornu&#8221;<\/strong> <\/span>uda\u0142o si\u0119 zebra\u0107 na rehabilitacj\u0119 dla Blanki 1130,38 z\u0142 i&nbsp;1 \u20ac w got\u00f3wce oraz&nbsp;166,69 z\u0142 z BLIKa. Fundusze zosta\u0142y przekazane bezpo\u015brednio do Taty Blanki.&nbsp;<\/div>\n<div class=\"gwpfdde7954_gmail_default\">&nbsp;<\/div>\n<div class=\"gwpfdde7954_gmail_default\" style=\"text-align: justify;\">Serdecznie dzi\u0119kujemy wszystkim, kt\u00f3rzy w\u0142\u0105czyli si\u0119 w organizacj\u0119 zbi\u00f3rki oraz wsparli j\u0105 materialne.<\/div>\n<div>&nbsp;<\/div>\n<div class=\"gwpfdde7954_gmail_default\" style=\"text-align: justify;\">Ca\u0142ej rodzinie Blanki \u017cyczymy wielu si\u0142!<\/div>\n<div class=\"gwpfdde7954_gmail_default\">&nbsp;<\/div>\n<div>&nbsp;<\/div>\n<div class=\"gwpfdde7954_gmail_default\" style=\"text-align: right;\">Wolontariat 2LO<\/div>\n","protected":false},"excerpt":{"rendered":"<p>&nbsp; &nbsp; &nbsp; W ramach poniedzia\u0142kowej akcji &#8222;Charytatywnego Popcornu&#8221; uda\u0142o si\u0119 zebra\u0107 na rehabilitacj\u0119 dla Blanki 1130,38 z\u0142 i&nbsp;1 \u20ac w got\u00f3wce oraz&nbsp;166,69 z\u0142 z BLIKa. Fundusze zosta\u0142y przekazane bezpo\u015brednio do Taty Blanki.&nbsp; &nbsp; Serdecznie dzi\u0119kujemy wszystkim, kt\u00f3rzy w\u0142\u0105czyli si\u0119 w organizacj\u0119 zbi\u00f3rki oraz wsparli j\u0105 materialne. &nbsp; Ca\u0142ej rodzinie Blanki \u017cyczymy wielu si\u0142! &nbsp; [&hellip;]<\/p>\n","protected":false},"author":2,"featured_media":0,"comment_status":"open","ping_status":"open","sticky":false,"template":"","format":"standard","meta":{"ngg_post_thumbnail":0,"footnotes":""},"categories":[1],"tags":[],"class_list":["post-7536","post","type-post","status-publish","format-standard","hentry","category-aktualnosci"],"yoast_head":"<!-- This site is optimized with the Yoast SEO plugin v19.4 - https:\/\/yoast.com\/wordpress\/plugins\/seo\/ -->\n<title>&quot;Charytatywny Popcorn&quot;! - II Liceum Og\u00f3lnokszta\u0142c\u0105ce w Lubinie<\/title>\n<meta name=\"robots\" content=\"index, follow, max-snippet:-1, max-image-preview:large, max-video-preview:-1\" \/>\n<link rel=\"canonical\" href=\"https:\/\/2liceum.eu\/index.php\/2022\/09\/20\/charytatywny-popcorn\/\" \/>\n<meta property=\"og:locale\" content=\"pl_PL\" \/>\n<meta property=\"og:type\" content=\"article\" \/>\n<meta property=\"og:title\" content=\"&quot;Charytatywny Popcorn&quot;! - II Liceum Og\u00f3lnokszta\u0142c\u0105ce w Lubinie\" \/>\n<meta property=\"og:description\" content=\"&nbsp; &nbsp; &nbsp; W ramach poniedzia\u0142kowej akcji &#8222;Charytatywnego Popcornu&#8221; uda\u0142o si\u0119 zebra\u0107 na rehabilitacj\u0119 dla Blanki 1130,38 z\u0142 i&nbsp;1 \u20ac w got\u00f3wce oraz&nbsp;166,69 z\u0142 z BLIKa. Fundusze zosta\u0142y przekazane bezpo\u015brednio do Taty Blanki.&nbsp; &nbsp; Serdecznie dzi\u0119kujemy wszystkim, kt\u00f3rzy w\u0142\u0105czyli si\u0119 w organizacj\u0119 zbi\u00f3rki oraz wsparli j\u0105 materialne. &nbsp; Ca\u0142ej rodzinie Blanki \u017cyczymy wielu si\u0142! &nbsp; [&hellip;]\" \/>\n<meta property=\"og:url\" content=\"https:\/\/2liceum.eu\/index.php\/2022\/09\/20\/charytatywny-popcorn\/\" \/>\n<meta property=\"og:site_name\" content=\"II Liceum Og\u00f3lnokszta\u0142c\u0105ce w Lubinie\" \/>\n<meta property=\"article:publisher\" content=\"https:\/\/web.facebook.com\/IILOLubin\/\" \/>\n<meta property=\"article:published_time\" content=\"2022-09-20T11:07:23+00:00\" \/>\n<meta property=\"article:modified_time\" content=\"2022-09-20T11:07:25+00:00\" \/>\n<meta property=\"og:image\" content=\"https:\/\/2liceum.eu\/wp-content\/uploads\/2022\/09\/306710373_2017236158665291_3396838164572443543_n-768x1024.jpg\" \/>\n<meta name=\"author\" content=\"Adam Dragan\" \/>\n<meta name=\"twitter:card\" content=\"summary_large_image\" \/>\n<meta name=\"twitter:label1\" content=\"Napisane przez\" \/>\n\t<meta name=\"twitter:data1\" content=\"Adam Dragan\" \/>\n\t<meta name=\"twitter:label2\" content=\"Szacowany czas czytania\" \/>\n\t<meta name=\"twitter:data2\" content=\"1 minuta\" \/>\n<script type=\"application\/ld+json\" class=\"yoast-schema-graph\">{\"@context\":\"https:\/\/schema.org\",\"@graph\":[{\"@type\":\"Organization\",\"@id\":\"https:\/\/2liceum.eu\/#organization\",\"name\":\"II Liceum Og\u00f3lnokszta\u0142c\u0105ce w Lubinie\",\"url\":\"https:\/\/2liceum.eu\/\",\"sameAs\":[\"http:\/\/2lolubin\",\"https:\/\/www.youtube.com\/channel\/UCWjEMxRJYdfvxPhVOn-8g_g\",\"https:\/\/web.facebook.com\/IILOLubin\/\"],\"logo\":{\"@type\":\"ImageObject\",\"inLanguage\":\"pl-PL\",\"@id\":\"https:\/\/2liceum.eu\/#\/schema\/logo\/image\/\",\"url\":\"https:\/\/2liceum.eu\/wp-content\/uploads\/2018\/01\/pobrane.jpg\",\"contentUrl\":\"https:\/\/2liceum.eu\/wp-content\/uploads\/2018\/01\/pobrane.jpg\",\"width\":184,\"height\":183,\"caption\":\"II Liceum Og\u00f3lnokszta\u0142c\u0105ce w Lubinie\"},\"image\":{\"@id\":\"https:\/\/2liceum.eu\/#\/schema\/logo\/image\/\"}},{\"@type\":\"WebSite\",\"@id\":\"https:\/\/2liceum.eu\/#website\",\"url\":\"https:\/\/2liceum.eu\/\",\"name\":\"II Liceum Og\u00f3lnokszta\u0142c\u0105ce w Lubinie\",\"description\":\"Oficjalny portal II LO w Lubinie. Informacje o szkole, kadrze, zaj\u0119ciach dydaktycznych, ko\u0142ach zainteresowa\u0144, wolontariacie. Aktualno\u015bci. Galeria zdj\u0119\u0107.\",\"publisher\":{\"@id\":\"https:\/\/2liceum.eu\/#organization\"},\"potentialAction\":[{\"@type\":\"SearchAction\",\"target\":{\"@type\":\"EntryPoint\",\"urlTemplate\":\"https:\/\/2liceum.eu\/?s={search_term_string}\"},\"query-input\":\"required name=search_term_string\"}],\"inLanguage\":\"pl-PL\"},{\"@type\":\"WebPage\",\"@id\":\"https:\/\/2liceum.eu\/index.php\/2022\/09\/20\/charytatywny-popcorn\/\",\"url\":\"https:\/\/2liceum.eu\/index.php\/2022\/09\/20\/charytatywny-popcorn\/\",\"name\":\"\\\"Charytatywny Popcorn\\\"! - II Liceum Og\u00f3lnokszta\u0142c\u0105ce w Lubinie\",\"isPartOf\":{\"@id\":\"https:\/\/2liceum.eu\/#website\"},\"datePublished\":\"2022-09-20T11:07:23+00:00\",\"dateModified\":\"2022-09-20T11:07:25+00:00\",\"breadcrumb\":{\"@id\":\"https:\/\/2liceum.eu\/index.php\/2022\/09\/20\/charytatywny-popcorn\/#breadcrumb\"},\"inLanguage\":\"pl-PL\",\"potentialAction\":[{\"@type\":\"ReadAction\",\"target\":[\"https:\/\/2liceum.eu\/index.php\/2022\/09\/20\/charytatywny-popcorn\/\"]}]},{\"@type\":\"BreadcrumbList\",\"@id\":\"https:\/\/2liceum.eu\/index.php\/2022\/09\/20\/charytatywny-popcorn\/#breadcrumb\",\"itemListElement\":[{\"@type\":\"ListItem\",\"position\":1,\"name\":\"Strona g\u0142\u00f3wna\",\"item\":\"https:\/\/2liceum.eu\/\"},{\"@type\":\"ListItem\",\"position\":2,\"name\":\"&#8222;Charytatywny Popcorn&#8221;!\"}]},{\"@type\":\"Article\",\"@id\":\"https:\/\/2liceum.eu\/index.php\/2022\/09\/20\/charytatywny-popcorn\/#article\",\"isPartOf\":{\"@id\":\"https:\/\/2liceum.eu\/index.php\/2022\/09\/20\/charytatywny-popcorn\/\"},\"author\":{\"name\":\"Adam Dragan\",\"@id\":\"https:\/\/2liceum.eu\/#\/schema\/person\/1a52557bfdaf047be954a8b190648da5\"},\"headline\":\"&#8222;Charytatywny Popcorn&#8221;!\",\"datePublished\":\"2022-09-20T11:07:23+00:00\",\"dateModified\":\"2022-09-20T11:07:25+00:00\",\"mainEntityOfPage\":{\"@id\":\"https:\/\/2liceum.eu\/index.php\/2022\/09\/20\/charytatywny-popcorn\/\"},\"wordCount\":71,\"commentCount\":0,\"publisher\":{\"@id\":\"https:\/\/2liceum.eu\/#organization\"},\"articleSection\":[\"Aktualno\u015bci\"],\"inLanguage\":\"pl-PL\",\"potentialAction\":[{\"@type\":\"CommentAction\",\"name\":\"Comment\",\"target\":[\"https:\/\/2liceum.eu\/index.php\/2022\/09\/20\/charytatywny-popcorn\/#respond\"]}]},{\"@type\":\"Person\",\"@id\":\"https:\/\/2liceum.eu\/#\/schema\/person\/1a52557bfdaf047be954a8b190648da5\",\"name\":\"Adam Dragan\",\"image\":{\"@type\":\"ImageObject\",\"inLanguage\":\"pl-PL\",\"@id\":\"https:\/\/2liceum.eu\/#\/schema\/person\/image\/\",\"url\":\"https:\/\/secure.gravatar.com\/avatar\/3a2bee53698f47ac117505a8a054d1e47e9ee9593c4c77dc18374aa80472d80c?s=96&d=mm&r=g\",\"contentUrl\":\"https:\/\/secure.gravatar.com\/avatar\/3a2bee53698f47ac117505a8a054d1e47e9ee9593c4c77dc18374aa80472d80c?s=96&d=mm&r=g\",\"caption\":\"Adam Dragan\"},\"sameAs\":[\"http:\/\/2liceum.eu\"]}]}<\/script>\n<!-- \/ Yoast SEO plugin. -->","yoast_head_json":{"title":"\"Charytatywny Popcorn\"! - II Liceum Og\u00f3lnokszta\u0142c\u0105ce w Lubinie","robots":{"index":"index","follow":"follow","max-snippet":"max-snippet:-1","max-image-preview":"max-image-preview:large","max-video-preview":"max-video-preview:-1"},"canonical":"https:\/\/2liceum.eu\/index.php\/2022\/09\/20\/charytatywny-popcorn\/","og_locale":"pl_PL","og_type":"article","og_title":"\"Charytatywny Popcorn\"! - II Liceum Og\u00f3lnokszta\u0142c\u0105ce w Lubinie","og_description":"&nbsp; &nbsp; &nbsp; W ramach poniedzia\u0142kowej akcji &#8222;Charytatywnego Popcornu&#8221; uda\u0142o si\u0119 zebra\u0107 na rehabilitacj\u0119 dla Blanki 1130,38 z\u0142 i&nbsp;1 \u20ac w got\u00f3wce oraz&nbsp;166,69 z\u0142 z BLIKa. Fundusze zosta\u0142y przekazane bezpo\u015brednio do Taty Blanki.&nbsp; &nbsp; Serdecznie dzi\u0119kujemy wszystkim, kt\u00f3rzy w\u0142\u0105czyli si\u0119 w organizacj\u0119 zbi\u00f3rki oraz wsparli j\u0105 materialne. &nbsp; Ca\u0142ej rodzinie Blanki \u017cyczymy wielu si\u0142! &nbsp; [&hellip;]","og_url":"https:\/\/2liceum.eu\/index.php\/2022\/09\/20\/charytatywny-popcorn\/","og_site_name":"II Liceum Og\u00f3lnokszta\u0142c\u0105ce w Lubinie","article_publisher":"https:\/\/web.facebook.com\/IILOLubin\/","article_published_time":"2022-09-20T11:07:23+00:00","article_modified_time":"2022-09-20T11:07:25+00:00","og_image":[{"url":"https:\/\/2liceum.eu\/wp-content\/uploads\/2022\/09\/306710373_2017236158665291_3396838164572443543_n-768x1024.jpg"}],"author":"Adam Dragan","twitter_card":"summary_large_image","twitter_misc":{"Napisane przez":"Adam Dragan","Szacowany czas czytania":"1 minuta"},"schema":{"@context":"https:\/\/schema.org","@graph":[{"@type":"Organization","@id":"https:\/\/2liceum.eu\/#organization","name":"II Liceum Og\u00f3lnokszta\u0142c\u0105ce w Lubinie","url":"https:\/\/2liceum.eu\/","sameAs":["http:\/\/2lolubin","https:\/\/www.youtube.com\/channel\/UCWjEMxRJYdfvxPhVOn-8g_g","https:\/\/web.facebook.com\/IILOLubin\/"],"logo":{"@type":"ImageObject","inLanguage":"pl-PL","@id":"https:\/\/2liceum.eu\/#\/schema\/logo\/image\/","url":"https:\/\/2liceum.eu\/wp-content\/uploads\/2018\/01\/pobrane.jpg","contentUrl":"https:\/\/2liceum.eu\/wp-content\/uploads\/2018\/01\/pobrane.jpg","width":184,"height":183,"caption":"II Liceum Og\u00f3lnokszta\u0142c\u0105ce w Lubinie"},"image":{"@id":"https:\/\/2liceum.eu\/#\/schema\/logo\/image\/"}},{"@type":"WebSite","@id":"https:\/\/2liceum.eu\/#website","url":"https:\/\/2liceum.eu\/","name":"II Liceum Og\u00f3lnokszta\u0142c\u0105ce w Lubinie","description":"Oficjalny portal II LO w Lubinie. Informacje o szkole, kadrze, zaj\u0119ciach dydaktycznych, ko\u0142ach zainteresowa\u0144, wolontariacie. Aktualno\u015bci. Galeria zdj\u0119\u0107.","publisher":{"@id":"https:\/\/2liceum.eu\/#organization"},"potentialAction":[{"@type":"SearchAction","target":{"@type":"EntryPoint","urlTemplate":"https:\/\/2liceum.eu\/?s={search_term_string}"},"query-input":"required name=search_term_string"}],"inLanguage":"pl-PL"},{"@type":"WebPage","@id":"https:\/\/2liceum.eu\/index.php\/2022\/09\/20\/charytatywny-popcorn\/","url":"https:\/\/2liceum.eu\/index.php\/2022\/09\/20\/charytatywny-popcorn\/","name":"\"Charytatywny Popcorn\"! - II Liceum Og\u00f3lnokszta\u0142c\u0105ce w Lubinie","isPartOf":{"@id":"https:\/\/2liceum.eu\/#website"},"datePublished":"2022-09-20T11:07:23+00:00","dateModified":"2022-09-20T11:07:25+00:00","breadcrumb":{"@id":"https:\/\/2liceum.eu\/index.php\/2022\/09\/20\/charytatywny-popcorn\/#breadcrumb"},"inLanguage":"pl-PL","potentialAction":[{"@type":"ReadAction","target":["https:\/\/2liceum.eu\/index.php\/2022\/09\/20\/charytatywny-popcorn\/"]}]},{"@type":"BreadcrumbList","@id":"https:\/\/2liceum.eu\/index.php\/2022\/09\/20\/charytatywny-popcorn\/#breadcrumb","itemListElement":[{"@type":"ListItem","position":1,"name":"Strona g\u0142\u00f3wna","item":"https:\/\/2liceum.eu\/"},{"@type":"ListItem","position":2,"name":"&#8222;Charytatywny Popcorn&#8221;!"}]},{"@type":"Article","@id":"https:\/\/2liceum.eu\/index.php\/2022\/09\/20\/charytatywny-popcorn\/#article","isPartOf":{"@id":"https:\/\/2liceum.eu\/index.php\/2022\/09\/20\/charytatywny-popcorn\/"},"author":{"name":"Adam Dragan","@id":"https:\/\/2liceum.eu\/#\/schema\/person\/1a52557bfdaf047be954a8b190648da5"},"headline":"&#8222;Charytatywny Popcorn&#8221;!","datePublished":"2022-09-20T11:07:23+00:00","dateModified":"2022-09-20T11:07:25+00:00","mainEntityOfPage":{"@id":"https:\/\/2liceum.eu\/index.php\/2022\/09\/20\/charytatywny-popcorn\/"},"wordCount":71,"commentCount":0,"publisher":{"@id":"https:\/\/2liceum.eu\/#organization"},"articleSection":["Aktualno\u015bci"],"inLanguage":"pl-PL","potentialAction":[{"@type":"CommentAction","name":"Comment","target":["https:\/\/2liceum.eu\/index.php\/2022\/09\/20\/charytatywny-popcorn\/#respond"]}]},{"@type":"Person","@id":"https:\/\/2liceum.eu\/#\/schema\/person\/1a52557bfdaf047be954a8b190648da5","name":"Adam Dragan","image":{"@type":"ImageObject","inLanguage":"pl-PL","@id":"https:\/\/2liceum.eu\/#\/schema\/person\/image\/","url":"https:\/\/secure.gravatar.com\/avatar\/3a2bee53698f47ac117505a8a054d1e47e9ee9593c4c77dc18374aa80472d80c?s=96&d=mm&r=g","contentUrl":"https:\/\/secure.gravatar.com\/avatar\/3a2bee53698f47ac117505a8a054d1e47e9ee9593c4c77dc18374aa80472d80c?s=96&d=mm&r=g","caption":"Adam Dragan"},"sameAs":["http:\/\/2liceum.eu"]}]}},"_links":{"self":[{"href":"https:\/\/2liceum.eu\/index.php\/wp-json\/wp\/v2\/posts\/7536","targetHints":{"allow":["GET"]}}],"collection":[{"href":"https:\/\/2liceum.eu\/index.php\/wp-json\/wp\/v2\/posts"}],"about":[{"href":"https:\/\/2liceum.eu\/index.php\/wp-json\/wp\/v2\/types\/post"}],"author":[{"embeddable":true,"href":"https:\/\/2liceum.eu\/index.php\/wp-json\/wp\/v2\/users\/2"}],"replies":[{"embeddable":true,"href":"https:\/\/2liceum.eu\/index.php\/wp-json\/wp\/v2\/comments?post=7536"}],"version-history":[{"count":1,"href":"https:\/\/2liceum.eu\/index.php\/wp-json\/wp\/v2\/posts\/7536\/revisions"}],"predecessor-version":[{"id":7538,"href":"https:\/\/2liceum.eu\/index.php\/wp-json\/wp\/v2\/posts\/7536\/revisions\/7538"}],"wp:attachment":[{"href":"https:\/\/2liceum.eu\/index.php\/wp-json\/wp\/v2\/media?parent=7536"}],"wp:term":[{"taxonomy":"category","embeddable":true,"href":"https:\/\/2liceum.eu\/index.php\/wp-json\/wp\/v2\/categories?post=7536"},{"taxonomy":"post_tag","embeddable":true,"href":"https:\/\/2liceum.eu\/index.php\/wp-json\/wp\/v2\/tags?post=7536"}],"curies":[{"name":"wp","href":"https:\/\/api.w.org\/{rel}","templated":true}]}}