{"id":8496,"date":"2023-06-02T14:20:53","date_gmt":"2023-06-02T12:20:53","guid":{"rendered":"https:\/\/2liceum.eu\/?p=8496"},"modified":"2023-06-02T14:20:54","modified_gmt":"2023-06-02T12:20:54","slug":"kolejny-pobyt-naszych-uczniow-na-uniwersytecie-wroclawskim","status":"publish","type":"post","link":"https:\/\/2liceum.eu\/index.php\/2023\/06\/02\/kolejny-pobyt-naszych-uczniow-na-uniwersytecie-wroclawskim\/","title":{"rendered":"KOLEJNY POBYT NASZYCH UCZNI\u00d3W NA UNIWERSYTECIE WROC\u0141AWSKIM!"},"content":{"rendered":"\n<div class=\"xdj266r x11i5rnm xat24cr x1mh8g0r x1vvkbs x126k92a\">\n<div dir=\"auto\" style=\"text-align: center;\"><img loading=\"lazy\" decoding=\"async\" class=\"alignnone size-full\" src=\"https:\/\/2liceum.eu\/wp-content\/uploads\/sites\/1\/nggallery\/wydzial-wpaie\/IMG20230523103152-Kopiowanie.jpg\" width=\"1440\" height=\"1080\"><\/div>\n<div dir=\"auto\">&nbsp;<\/div>\n<div dir=\"auto\" style=\"text-align: justify;\"><span style=\"text-align: justify; color: initial;\">Dnia <strong>23.05.2023 o godzinie 7:15 uczniowie z klas 2f oraz 3d,<\/strong> wyjechali wraz z nauczycielami Panem Ryszardem Techma\u0144skim, Pani\u0105 Jolant\u0105 Grodek-Kabat, Panem Andrzejem Kami\u0144skim i Pani\u0105 pedagog Olg\u0105 St\u0119pie\u0144 na <strong>Uniwersytet Wroc\u0142awski na <span style=\"color: #008000;\">Wydzia\u0142 Prawa, Administracji i Ekonomii.<\/span><\/strong><\/span><\/div>\n<\/div>\n<div class=\"x11i5rnm xat24cr x1mh8g0r x1vvkbs xtlvy1s x126k92a\">\n<div dir=\"auto\">&nbsp;<\/div>\n<\/div>\n<div class=\"x11i5rnm xat24cr x1mh8g0r x1vvkbs xtlvy1s x126k92a\">\n<div dir=\"auto\" style=\"text-align: justify;\">Na wst\u0119pie dziekan WPAiE Pan profesor Jacek Przygodzki serdecznie nas powita\u0142 oraz opowiedzia\u0142 nam o uczelni. Nast\u0119pnie Pan doktor Rafa\u0142 Cie\u015bla zapozna\u0142 nas z przebiegiem rekrutacji i ofercie wydzia\u0142u oraz opowiedzia\u0142 i przedstawi\u0142 kilka fakt\u00f3w o kryminalistyce.<\/div>\n<div dir=\"auto\">&nbsp;<\/div>\n<\/div>\n<div class=\"x11i5rnm xat24cr x1mh8g0r x1vvkbs xtlvy1s x126k92a\">\n<div dir=\"auto\" style=\"text-align: justify;\">Po kr\u00f3tkich wyk\u0142adach nadszed\u0142 czas na zwiedzanie Uniwersytetu. Byli\u015bmy w czytelni i bibliotece WPAiE, gdzie Pan Tadeusz Juchniewicz opowiedzia\u0142 o zasadach korzystania z tych miejsc oraz o pot\u0119\u017cnych zbiorach na tym wydziale. Pani Agata Mitek z Dzia\u0142u Komunikacji UWr pokaza\u0142a i oprowadzi\u0142a naszych uczni\u00f3w po Oratorium Marianum. Zwiedzili\u015bmy tak\u017ce Aul\u0119 Leopoldina oraz Wie\u017c\u0119 Matematyczn\u0105.<\/div>\n<div dir=\"auto\">&nbsp;<\/div>\n<\/div>\n<div class=\"x11i5rnm xat24cr x1mh8g0r x1vvkbs xtlvy1s x126k92a\">\n<div dir=\"auto\" style=\"text-align: justify;\">Pobyt na Uniwersytecie Wroc\u0142awskim by\u0142 niezwykle interesuj\u0105cy i jeste\u015bmy wdzi\u0119czni wszystkim, kt\u00f3rzy przyczynili si\u0119 do zorganizowania tego wyjazdu. Uczniowie mieli mo\u017cliwo\u015b\u0107 bezpo\u015bredniego kontaktu z kadr\u0105 uczelni oraz uczestniczenia w wyk\u0142adzie.<\/div>\n<div dir=\"auto\">&nbsp;<\/div>\n<\/div>\n<div class=\"x11i5rnm xat24cr x1mh8g0r x1vvkbs xtlvy1s x126k92a\">\n<div dir=\"auto\" style=\"text-align: justify;\">Po tych wspania\u0142ych prze\u017cyciach m\u0142odzie\u017c z naszej szko\u0142y wyruszy\u0142a na samodzielne zwiedzanie pi\u0119knego miasta Wroc\u0142aw. O godzinie 14:15 wyjechali\u015bmy w drog\u0119 powrotn\u0105 do Lubina.<\/div>\n<\/div>\n<div class=\"x11i5rnm xat24cr x1mh8g0r x1vvkbs xtlvy1s x126k92a\">\n<div dir=\"auto\" style=\"text-align: justify;\">&nbsp;<\/div>\n<\/div>\n<div class=\"x11i5rnm xat24cr x1mh8g0r x1vvkbs xtlvy1s x126k92a\">\n<div dir=\"auto\" style=\"text-align: right;\">Uczniowie II LO<\/div>\n<\/div>\n<div dir=\"auto\">&nbsp;<\/div>\n<div dir=\"auto\" style=\"text-align: center;\">&nbsp;<\/div>\n\n\n<div class=\"wp-block-image\">\n<figure class=\"aligncenter size-full is-resized\"><a href=\"https:\/\/2liceum.eu\/index.php\/rok-szkolny-2022-2023\/nggallery\/rok-szkolny-2022-2023\/wydzial-wpaie\"><img loading=\"lazy\" decoding=\"async\" src=\"https:\/\/2liceum.eu\/wp-content\/uploads\/2019\/12\/galeria.jpg\" alt=\"\" class=\"wp-image-4616\" width=\"119\" height=\"26\"\/><\/a><\/figure>\n<\/div>","protected":false},"excerpt":{"rendered":"<p>&nbsp; Dnia 23.05.2023 o godzinie 7:15 uczniowie z klas 2f oraz 3d, wyjechali wraz z nauczycielami Panem Ryszardem Techma\u0144skim, Pani\u0105 Jolant\u0105 Grodek-Kabat, Panem Andrzejem Kami\u0144skim i Pani\u0105 pedagog Olg\u0105 St\u0119pie\u0144 na Uniwersytet Wroc\u0142awski na Wydzia\u0142 Prawa, Administracji i Ekonomii. &nbsp; Na wst\u0119pie dziekan WPAiE Pan profesor Jacek Przygodzki serdecznie nas powita\u0142 oraz opowiedzia\u0142 nam o [&hellip;]<\/p>\n","protected":false},"author":2,"featured_media":0,"comment_status":"open","ping_status":"open","sticky":false,"template":"","format":"standard","meta":{"ngg_post_thumbnail":0,"footnotes":""},"categories":[1],"tags":[],"class_list":["post-8496","post","type-post","status-publish","format-standard","hentry","category-aktualnosci"],"yoast_head":"<!-- This site is optimized with the Yoast SEO plugin v19.4 - https:\/\/yoast.com\/wordpress\/plugins\/seo\/ -->\n<title>KOLEJNY POBYT NASZYCH UCZNI\u00d3W NA UNIWERSYTECIE WROC\u0141AWSKIM! - II Liceum Og\u00f3lnokszta\u0142c\u0105ce w Lubinie<\/title>\n<meta name=\"robots\" content=\"index, follow, max-snippet:-1, max-image-preview:large, max-video-preview:-1\" \/>\n<link rel=\"canonical\" href=\"https:\/\/2liceum.eu\/index.php\/2023\/06\/02\/kolejny-pobyt-naszych-uczniow-na-uniwersytecie-wroclawskim\/\" \/>\n<meta property=\"og:locale\" content=\"pl_PL\" \/>\n<meta property=\"og:type\" content=\"article\" \/>\n<meta property=\"og:title\" content=\"KOLEJNY POBYT NASZYCH UCZNI\u00d3W NA UNIWERSYTECIE WROC\u0141AWSKIM! - II Liceum Og\u00f3lnokszta\u0142c\u0105ce w Lubinie\" \/>\n<meta property=\"og:description\" content=\"&nbsp; Dnia 23.05.2023 o godzinie 7:15 uczniowie z klas 2f oraz 3d, wyjechali wraz z nauczycielami Panem Ryszardem Techma\u0144skim, Pani\u0105 Jolant\u0105 Grodek-Kabat, Panem Andrzejem Kami\u0144skim i Pani\u0105 pedagog Olg\u0105 St\u0119pie\u0144 na Uniwersytet Wroc\u0142awski na Wydzia\u0142 Prawa, Administracji i Ekonomii. &nbsp; Na wst\u0119pie dziekan WPAiE Pan profesor Jacek Przygodzki serdecznie nas powita\u0142 oraz opowiedzia\u0142 nam o [&hellip;]\" \/>\n<meta property=\"og:url\" content=\"https:\/\/2liceum.eu\/index.php\/2023\/06\/02\/kolejny-pobyt-naszych-uczniow-na-uniwersytecie-wroclawskim\/\" \/>\n<meta property=\"og:site_name\" content=\"II Liceum Og\u00f3lnokszta\u0142c\u0105ce w Lubinie\" \/>\n<meta property=\"article:publisher\" content=\"https:\/\/web.facebook.com\/IILOLubin\/\" \/>\n<meta property=\"article:published_time\" content=\"2023-06-02T12:20:53+00:00\" \/>\n<meta property=\"article:modified_time\" content=\"2023-06-02T12:20:54+00:00\" \/>\n<meta property=\"og:image\" content=\"https:\/\/2liceum.eu\/wp-content\/uploads\/sites\/1\/nggallery\/wydzial-wpaie\/IMG20230523103152-Kopiowanie.jpg\" \/>\n<meta name=\"author\" content=\"Adam Dragan\" \/>\n<meta name=\"twitter:card\" content=\"summary_large_image\" \/>\n<meta name=\"twitter:label1\" content=\"Napisane przez\" \/>\n\t<meta name=\"twitter:data1\" content=\"Adam Dragan\" \/>\n\t<meta name=\"twitter:label2\" content=\"Szacowany czas czytania\" \/>\n\t<meta name=\"twitter:data2\" content=\"1 minuta\" \/>\n<script type=\"application\/ld+json\" class=\"yoast-schema-graph\">{\"@context\":\"https:\/\/schema.org\",\"@graph\":[{\"@type\":\"Organization\",\"@id\":\"https:\/\/2liceum.eu\/#organization\",\"name\":\"II Liceum Og\u00f3lnokszta\u0142c\u0105ce w Lubinie\",\"url\":\"https:\/\/2liceum.eu\/\",\"sameAs\":[\"http:\/\/2lolubin\",\"https:\/\/www.youtube.com\/channel\/UCWjEMxRJYdfvxPhVOn-8g_g\",\"https:\/\/web.facebook.com\/IILOLubin\/\"],\"logo\":{\"@type\":\"ImageObject\",\"inLanguage\":\"pl-PL\",\"@id\":\"https:\/\/2liceum.eu\/#\/schema\/logo\/image\/\",\"url\":\"https:\/\/2liceum.eu\/wp-content\/uploads\/2018\/01\/pobrane.jpg\",\"contentUrl\":\"https:\/\/2liceum.eu\/wp-content\/uploads\/2018\/01\/pobrane.jpg\",\"width\":184,\"height\":183,\"caption\":\"II Liceum Og\u00f3lnokszta\u0142c\u0105ce w Lubinie\"},\"image\":{\"@id\":\"https:\/\/2liceum.eu\/#\/schema\/logo\/image\/\"}},{\"@type\":\"WebSite\",\"@id\":\"https:\/\/2liceum.eu\/#website\",\"url\":\"https:\/\/2liceum.eu\/\",\"name\":\"II Liceum Og\u00f3lnokszta\u0142c\u0105ce w Lubinie\",\"description\":\"Oficjalny portal II LO w Lubinie. Informacje o szkole, kadrze, zaj\u0119ciach dydaktycznych, ko\u0142ach zainteresowa\u0144, wolontariacie. Aktualno\u015bci. Galeria zdj\u0119\u0107.\",\"publisher\":{\"@id\":\"https:\/\/2liceum.eu\/#organization\"},\"potentialAction\":[{\"@type\":\"SearchAction\",\"target\":{\"@type\":\"EntryPoint\",\"urlTemplate\":\"https:\/\/2liceum.eu\/?s={search_term_string}\"},\"query-input\":\"required name=search_term_string\"}],\"inLanguage\":\"pl-PL\"},{\"@type\":\"WebPage\",\"@id\":\"https:\/\/2liceum.eu\/index.php\/2023\/06\/02\/kolejny-pobyt-naszych-uczniow-na-uniwersytecie-wroclawskim\/\",\"url\":\"https:\/\/2liceum.eu\/index.php\/2023\/06\/02\/kolejny-pobyt-naszych-uczniow-na-uniwersytecie-wroclawskim\/\",\"name\":\"KOLEJNY POBYT NASZYCH UCZNI\u00d3W NA UNIWERSYTECIE WROC\u0141AWSKIM! - II Liceum Og\u00f3lnokszta\u0142c\u0105ce w Lubinie\",\"isPartOf\":{\"@id\":\"https:\/\/2liceum.eu\/#website\"},\"datePublished\":\"2023-06-02T12:20:53+00:00\",\"dateModified\":\"2023-06-02T12:20:54+00:00\",\"breadcrumb\":{\"@id\":\"https:\/\/2liceum.eu\/index.php\/2023\/06\/02\/kolejny-pobyt-naszych-uczniow-na-uniwersytecie-wroclawskim\/#breadcrumb\"},\"inLanguage\":\"pl-PL\",\"potentialAction\":[{\"@type\":\"ReadAction\",\"target\":[\"https:\/\/2liceum.eu\/index.php\/2023\/06\/02\/kolejny-pobyt-naszych-uczniow-na-uniwersytecie-wroclawskim\/\"]}]},{\"@type\":\"BreadcrumbList\",\"@id\":\"https:\/\/2liceum.eu\/index.php\/2023\/06\/02\/kolejny-pobyt-naszych-uczniow-na-uniwersytecie-wroclawskim\/#breadcrumb\",\"itemListElement\":[{\"@type\":\"ListItem\",\"position\":1,\"name\":\"Strona g\u0142\u00f3wna\",\"item\":\"https:\/\/2liceum.eu\/\"},{\"@type\":\"ListItem\",\"position\":2,\"name\":\"KOLEJNY POBYT NASZYCH UCZNI\u00d3W NA UNIWERSYTECIE WROC\u0141AWSKIM!\"}]},{\"@type\":\"Article\",\"@id\":\"https:\/\/2liceum.eu\/index.php\/2023\/06\/02\/kolejny-pobyt-naszych-uczniow-na-uniwersytecie-wroclawskim\/#article\",\"isPartOf\":{\"@id\":\"https:\/\/2liceum.eu\/index.php\/2023\/06\/02\/kolejny-pobyt-naszych-uczniow-na-uniwersytecie-wroclawskim\/\"},\"author\":{\"name\":\"Adam Dragan\",\"@id\":\"https:\/\/2liceum.eu\/#\/schema\/person\/1a52557bfdaf047be954a8b190648da5\"},\"headline\":\"KOLEJNY POBYT NASZYCH UCZNI\u00d3W NA UNIWERSYTECIE WROC\u0141AWSKIM!\",\"datePublished\":\"2023-06-02T12:20:53+00:00\",\"dateModified\":\"2023-06-02T12:20:54+00:00\",\"mainEntityOfPage\":{\"@id\":\"https:\/\/2liceum.eu\/index.php\/2023\/06\/02\/kolejny-pobyt-naszych-uczniow-na-uniwersytecie-wroclawskim\/\"},\"wordCount\":235,\"commentCount\":0,\"publisher\":{\"@id\":\"https:\/\/2liceum.eu\/#organization\"},\"articleSection\":[\"Aktualno\u015bci\"],\"inLanguage\":\"pl-PL\",\"potentialAction\":[{\"@type\":\"CommentAction\",\"name\":\"Comment\",\"target\":[\"https:\/\/2liceum.eu\/index.php\/2023\/06\/02\/kolejny-pobyt-naszych-uczniow-na-uniwersytecie-wroclawskim\/#respond\"]}]},{\"@type\":\"Person\",\"@id\":\"https:\/\/2liceum.eu\/#\/schema\/person\/1a52557bfdaf047be954a8b190648da5\",\"name\":\"Adam Dragan\",\"image\":{\"@type\":\"ImageObject\",\"inLanguage\":\"pl-PL\",\"@id\":\"https:\/\/2liceum.eu\/#\/schema\/person\/image\/\",\"url\":\"https:\/\/secure.gravatar.com\/avatar\/3a2bee53698f47ac117505a8a054d1e47e9ee9593c4c77dc18374aa80472d80c?s=96&d=mm&r=g\",\"contentUrl\":\"https:\/\/secure.gravatar.com\/avatar\/3a2bee53698f47ac117505a8a054d1e47e9ee9593c4c77dc18374aa80472d80c?s=96&d=mm&r=g\",\"caption\":\"Adam Dragan\"},\"sameAs\":[\"http:\/\/2liceum.eu\"]}]}<\/script>\n<!-- \/ Yoast SEO plugin. -->","yoast_head_json":{"title":"KOLEJNY POBYT NASZYCH UCZNI\u00d3W NA UNIWERSYTECIE WROC\u0141AWSKIM! - II Liceum Og\u00f3lnokszta\u0142c\u0105ce w Lubinie","robots":{"index":"index","follow":"follow","max-snippet":"max-snippet:-1","max-image-preview":"max-image-preview:large","max-video-preview":"max-video-preview:-1"},"canonical":"https:\/\/2liceum.eu\/index.php\/2023\/06\/02\/kolejny-pobyt-naszych-uczniow-na-uniwersytecie-wroclawskim\/","og_locale":"pl_PL","og_type":"article","og_title":"KOLEJNY POBYT NASZYCH UCZNI\u00d3W NA UNIWERSYTECIE WROC\u0141AWSKIM! - II Liceum Og\u00f3lnokszta\u0142c\u0105ce w Lubinie","og_description":"&nbsp; Dnia 23.05.2023 o godzinie 7:15 uczniowie z klas 2f oraz 3d, wyjechali wraz z nauczycielami Panem Ryszardem Techma\u0144skim, Pani\u0105 Jolant\u0105 Grodek-Kabat, Panem Andrzejem Kami\u0144skim i Pani\u0105 pedagog Olg\u0105 St\u0119pie\u0144 na Uniwersytet Wroc\u0142awski na Wydzia\u0142 Prawa, Administracji i Ekonomii. &nbsp; Na wst\u0119pie dziekan WPAiE Pan profesor Jacek Przygodzki serdecznie nas powita\u0142 oraz opowiedzia\u0142 nam o [&hellip;]","og_url":"https:\/\/2liceum.eu\/index.php\/2023\/06\/02\/kolejny-pobyt-naszych-uczniow-na-uniwersytecie-wroclawskim\/","og_site_name":"II Liceum Og\u00f3lnokszta\u0142c\u0105ce w Lubinie","article_publisher":"https:\/\/web.facebook.com\/IILOLubin\/","article_published_time":"2023-06-02T12:20:53+00:00","article_modified_time":"2023-06-02T12:20:54+00:00","og_image":[{"url":"https:\/\/2liceum.eu\/wp-content\/uploads\/sites\/1\/nggallery\/wydzial-wpaie\/IMG20230523103152-Kopiowanie.jpg"}],"author":"Adam Dragan","twitter_card":"summary_large_image","twitter_misc":{"Napisane przez":"Adam Dragan","Szacowany czas czytania":"1 minuta"},"schema":{"@context":"https:\/\/schema.org","@graph":[{"@type":"Organization","@id":"https:\/\/2liceum.eu\/#organization","name":"II Liceum Og\u00f3lnokszta\u0142c\u0105ce w Lubinie","url":"https:\/\/2liceum.eu\/","sameAs":["http:\/\/2lolubin","https:\/\/www.youtube.com\/channel\/UCWjEMxRJYdfvxPhVOn-8g_g","https:\/\/web.facebook.com\/IILOLubin\/"],"logo":{"@type":"ImageObject","inLanguage":"pl-PL","@id":"https:\/\/2liceum.eu\/#\/schema\/logo\/image\/","url":"https:\/\/2liceum.eu\/wp-content\/uploads\/2018\/01\/pobrane.jpg","contentUrl":"https:\/\/2liceum.eu\/wp-content\/uploads\/2018\/01\/pobrane.jpg","width":184,"height":183,"caption":"II Liceum Og\u00f3lnokszta\u0142c\u0105ce w Lubinie"},"image":{"@id":"https:\/\/2liceum.eu\/#\/schema\/logo\/image\/"}},{"@type":"WebSite","@id":"https:\/\/2liceum.eu\/#website","url":"https:\/\/2liceum.eu\/","name":"II Liceum Og\u00f3lnokszta\u0142c\u0105ce w Lubinie","description":"Oficjalny portal II LO w Lubinie. Informacje o szkole, kadrze, zaj\u0119ciach dydaktycznych, ko\u0142ach zainteresowa\u0144, wolontariacie. Aktualno\u015bci. Galeria zdj\u0119\u0107.","publisher":{"@id":"https:\/\/2liceum.eu\/#organization"},"potentialAction":[{"@type":"SearchAction","target":{"@type":"EntryPoint","urlTemplate":"https:\/\/2liceum.eu\/?s={search_term_string}"},"query-input":"required name=search_term_string"}],"inLanguage":"pl-PL"},{"@type":"WebPage","@id":"https:\/\/2liceum.eu\/index.php\/2023\/06\/02\/kolejny-pobyt-naszych-uczniow-na-uniwersytecie-wroclawskim\/","url":"https:\/\/2liceum.eu\/index.php\/2023\/06\/02\/kolejny-pobyt-naszych-uczniow-na-uniwersytecie-wroclawskim\/","name":"KOLEJNY POBYT NASZYCH UCZNI\u00d3W NA UNIWERSYTECIE WROC\u0141AWSKIM! - II Liceum Og\u00f3lnokszta\u0142c\u0105ce w Lubinie","isPartOf":{"@id":"https:\/\/2liceum.eu\/#website"},"datePublished":"2023-06-02T12:20:53+00:00","dateModified":"2023-06-02T12:20:54+00:00","breadcrumb":{"@id":"https:\/\/2liceum.eu\/index.php\/2023\/06\/02\/kolejny-pobyt-naszych-uczniow-na-uniwersytecie-wroclawskim\/#breadcrumb"},"inLanguage":"pl-PL","potentialAction":[{"@type":"ReadAction","target":["https:\/\/2liceum.eu\/index.php\/2023\/06\/02\/kolejny-pobyt-naszych-uczniow-na-uniwersytecie-wroclawskim\/"]}]},{"@type":"BreadcrumbList","@id":"https:\/\/2liceum.eu\/index.php\/2023\/06\/02\/kolejny-pobyt-naszych-uczniow-na-uniwersytecie-wroclawskim\/#breadcrumb","itemListElement":[{"@type":"ListItem","position":1,"name":"Strona g\u0142\u00f3wna","item":"https:\/\/2liceum.eu\/"},{"@type":"ListItem","position":2,"name":"KOLEJNY POBYT NASZYCH UCZNI\u00d3W NA UNIWERSYTECIE WROC\u0141AWSKIM!"}]},{"@type":"Article","@id":"https:\/\/2liceum.eu\/index.php\/2023\/06\/02\/kolejny-pobyt-naszych-uczniow-na-uniwersytecie-wroclawskim\/#article","isPartOf":{"@id":"https:\/\/2liceum.eu\/index.php\/2023\/06\/02\/kolejny-pobyt-naszych-uczniow-na-uniwersytecie-wroclawskim\/"},"author":{"name":"Adam Dragan","@id":"https:\/\/2liceum.eu\/#\/schema\/person\/1a52557bfdaf047be954a8b190648da5"},"headline":"KOLEJNY POBYT NASZYCH UCZNI\u00d3W NA UNIWERSYTECIE WROC\u0141AWSKIM!","datePublished":"2023-06-02T12:20:53+00:00","dateModified":"2023-06-02T12:20:54+00:00","mainEntityOfPage":{"@id":"https:\/\/2liceum.eu\/index.php\/2023\/06\/02\/kolejny-pobyt-naszych-uczniow-na-uniwersytecie-wroclawskim\/"},"wordCount":235,"commentCount":0,"publisher":{"@id":"https:\/\/2liceum.eu\/#organization"},"articleSection":["Aktualno\u015bci"],"inLanguage":"pl-PL","potentialAction":[{"@type":"CommentAction","name":"Comment","target":["https:\/\/2liceum.eu\/index.php\/2023\/06\/02\/kolejny-pobyt-naszych-uczniow-na-uniwersytecie-wroclawskim\/#respond"]}]},{"@type":"Person","@id":"https:\/\/2liceum.eu\/#\/schema\/person\/1a52557bfdaf047be954a8b190648da5","name":"Adam Dragan","image":{"@type":"ImageObject","inLanguage":"pl-PL","@id":"https:\/\/2liceum.eu\/#\/schema\/person\/image\/","url":"https:\/\/secure.gravatar.com\/avatar\/3a2bee53698f47ac117505a8a054d1e47e9ee9593c4c77dc18374aa80472d80c?s=96&d=mm&r=g","contentUrl":"https:\/\/secure.gravatar.com\/avatar\/3a2bee53698f47ac117505a8a054d1e47e9ee9593c4c77dc18374aa80472d80c?s=96&d=mm&r=g","caption":"Adam Dragan"},"sameAs":["http:\/\/2liceum.eu"]}]}},"_links":{"self":[{"href":"https:\/\/2liceum.eu\/index.php\/wp-json\/wp\/v2\/posts\/8496","targetHints":{"allow":["GET"]}}],"collection":[{"href":"https:\/\/2liceum.eu\/index.php\/wp-json\/wp\/v2\/posts"}],"about":[{"href":"https:\/\/2liceum.eu\/index.php\/wp-json\/wp\/v2\/types\/post"}],"author":[{"embeddable":true,"href":"https:\/\/2liceum.eu\/index.php\/wp-json\/wp\/v2\/users\/2"}],"replies":[{"embeddable":true,"href":"https:\/\/2liceum.eu\/index.php\/wp-json\/wp\/v2\/comments?post=8496"}],"version-history":[{"count":1,"href":"https:\/\/2liceum.eu\/index.php\/wp-json\/wp\/v2\/posts\/8496\/revisions"}],"predecessor-version":[{"id":8497,"href":"https:\/\/2liceum.eu\/index.php\/wp-json\/wp\/v2\/posts\/8496\/revisions\/8497"}],"wp:attachment":[{"href":"https:\/\/2liceum.eu\/index.php\/wp-json\/wp\/v2\/media?parent=8496"}],"wp:term":[{"taxonomy":"category","embeddable":true,"href":"https:\/\/2liceum.eu\/index.php\/wp-json\/wp\/v2\/categories?post=8496"},{"taxonomy":"post_tag","embeddable":true,"href":"https:\/\/2liceum.eu\/index.php\/wp-json\/wp\/v2\/tags?post=8496"}],"curies":[{"name":"wp","href":"https:\/\/api.w.org\/{rel}","templated":true}]}}