{"id":8708,"date":"2023-09-21T11:05:02","date_gmt":"2023-09-21T09:05:02","guid":{"rendered":"https:\/\/2liceum.eu\/?p=8708"},"modified":"2023-09-21T11:05:03","modified_gmt":"2023-09-21T09:05:03","slug":"wybory-organy-samorzadu-uczniowskiego","status":"publish","type":"post","link":"https:\/\/2liceum.eu\/index.php\/2023\/09\/21\/wybory-organy-samorzadu-uczniowskiego\/","title":{"rendered":"WYBORY \u2013 ORGANY SAMORZ\u0104DU UCZNIOWSKIEGO!"},"content":{"rendered":"\n<p><br>W dniach <strong><span style=\"color: #008000;\">28-29 wrze\u015bnia 2023 r.<\/span> odb\u0119d\u0105 si\u0119 <span style=\"color: #008000;\">wybory do organ\u00f3w Samorz\u0105du Uczniowskiego:<\/span><\/strong><br>&nbsp; &nbsp; \u2022 Przewodnicz\u0105cego SU<br>&nbsp; &nbsp; \u2022 Zast\u0119pcy Przewodnicz\u0105cego SU<br>&nbsp; &nbsp; \u2022 Sekretarza SU<br>&nbsp; &nbsp; \u2022 Skarbnika SU<\/p>\n<p><br>Termin zg\u0142aszania kandydat\u00f3w: &nbsp;<strong>25 wrze\u015bnia 2023 r. (poniedzia\u0142ek)<\/strong><\/p>\n<p><br>Miejsce zg\u0142aszania kandydat\u00f3w: <strong>sala 105 &nbsp;(P. Andrzej Kami\u0144ski \u2013 opiekun SU)<\/strong><\/p>\n<p><br>Szczeg\u00f3\u0142owe informacje dotycz\u0105ce zasad przeprowadzania wybor\u00f3w<strong> u opiekuna Samorz\u0105du Uczniowskiego (sala 105).<\/strong><\/p>\n","protected":false},"excerpt":{"rendered":"<p>W dniach 28-29 wrze\u015bnia 2023 r. odb\u0119d\u0105 si\u0119 wybory do organ\u00f3w Samorz\u0105du Uczniowskiego:&nbsp; &nbsp; \u2022 Przewodnicz\u0105cego SU&nbsp; &nbsp; \u2022 Zast\u0119pcy Przewodnicz\u0105cego SU&nbsp; &nbsp; \u2022 Sekretarza SU&nbsp; &nbsp; \u2022 Skarbnika SU Termin zg\u0142aszania kandydat\u00f3w: &nbsp;25 wrze\u015bnia 2023 r. (poniedzia\u0142ek) Miejsce zg\u0142aszania kandydat\u00f3w: sala 105 &nbsp;(P. Andrzej Kami\u0144ski \u2013 opiekun SU) Szczeg\u00f3\u0142owe informacje dotycz\u0105ce zasad przeprowadzania wybor\u00f3w [&hellip;]<\/p>\n","protected":false},"author":2,"featured_media":0,"comment_status":"open","ping_status":"open","sticky":false,"template":"","format":"standard","meta":{"ngg_post_thumbnail":0,"footnotes":""},"categories":[1],"tags":[],"class_list":["post-8708","post","type-post","status-publish","format-standard","hentry","category-aktualnosci"],"yoast_head":"<!-- This site is optimized with the Yoast SEO plugin v19.4 - https:\/\/yoast.com\/wordpress\/plugins\/seo\/ -->\n<title>WYBORY \u2013 ORGANY SAMORZ\u0104DU UCZNIOWSKIEGO! - II Liceum Og\u00f3lnokszta\u0142c\u0105ce w Lubinie<\/title>\n<meta name=\"robots\" content=\"index, follow, max-snippet:-1, max-image-preview:large, max-video-preview:-1\" \/>\n<link rel=\"canonical\" href=\"https:\/\/2liceum.eu\/index.php\/2023\/09\/21\/wybory-organy-samorzadu-uczniowskiego\/\" \/>\n<meta property=\"og:locale\" content=\"pl_PL\" \/>\n<meta property=\"og:type\" content=\"article\" \/>\n<meta property=\"og:title\" content=\"WYBORY \u2013 ORGANY SAMORZ\u0104DU UCZNIOWSKIEGO! - II Liceum Og\u00f3lnokszta\u0142c\u0105ce w Lubinie\" \/>\n<meta property=\"og:description\" content=\"W dniach 28-29 wrze\u015bnia 2023 r. odb\u0119d\u0105 si\u0119 wybory do organ\u00f3w Samorz\u0105du Uczniowskiego:&nbsp; &nbsp; \u2022 Przewodnicz\u0105cego SU&nbsp; &nbsp; \u2022 Zast\u0119pcy Przewodnicz\u0105cego SU&nbsp; &nbsp; \u2022 Sekretarza SU&nbsp; &nbsp; \u2022 Skarbnika SU Termin zg\u0142aszania kandydat\u00f3w: &nbsp;25 wrze\u015bnia 2023 r. (poniedzia\u0142ek) Miejsce zg\u0142aszania kandydat\u00f3w: sala 105 &nbsp;(P. Andrzej Kami\u0144ski \u2013 opiekun SU) Szczeg\u00f3\u0142owe informacje dotycz\u0105ce zasad przeprowadzania wybor\u00f3w [&hellip;]\" \/>\n<meta property=\"og:url\" content=\"https:\/\/2liceum.eu\/index.php\/2023\/09\/21\/wybory-organy-samorzadu-uczniowskiego\/\" \/>\n<meta property=\"og:site_name\" content=\"II Liceum Og\u00f3lnokszta\u0142c\u0105ce w Lubinie\" \/>\n<meta property=\"article:publisher\" content=\"https:\/\/web.facebook.com\/IILOLubin\/\" \/>\n<meta property=\"article:published_time\" content=\"2023-09-21T09:05:02+00:00\" \/>\n<meta property=\"article:modified_time\" content=\"2023-09-21T09:05:03+00:00\" \/>\n<meta name=\"author\" content=\"Adam Dragan\" \/>\n<meta name=\"twitter:card\" content=\"summary_large_image\" \/>\n<meta name=\"twitter:label1\" content=\"Napisane przez\" \/>\n\t<meta name=\"twitter:data1\" content=\"Adam Dragan\" \/>\n<script type=\"application\/ld+json\" class=\"yoast-schema-graph\">{\"@context\":\"https:\/\/schema.org\",\"@graph\":[{\"@type\":\"Organization\",\"@id\":\"https:\/\/2liceum.eu\/#organization\",\"name\":\"II Liceum Og\u00f3lnokszta\u0142c\u0105ce w Lubinie\",\"url\":\"https:\/\/2liceum.eu\/\",\"sameAs\":[\"http:\/\/2lolubin\",\"https:\/\/www.youtube.com\/channel\/UCWjEMxRJYdfvxPhVOn-8g_g\",\"https:\/\/web.facebook.com\/IILOLubin\/\"],\"logo\":{\"@type\":\"ImageObject\",\"inLanguage\":\"pl-PL\",\"@id\":\"https:\/\/2liceum.eu\/#\/schema\/logo\/image\/\",\"url\":\"https:\/\/2liceum.eu\/wp-content\/uploads\/2018\/01\/pobrane.jpg\",\"contentUrl\":\"https:\/\/2liceum.eu\/wp-content\/uploads\/2018\/01\/pobrane.jpg\",\"width\":184,\"height\":183,\"caption\":\"II Liceum Og\u00f3lnokszta\u0142c\u0105ce w Lubinie\"},\"image\":{\"@id\":\"https:\/\/2liceum.eu\/#\/schema\/logo\/image\/\"}},{\"@type\":\"WebSite\",\"@id\":\"https:\/\/2liceum.eu\/#website\",\"url\":\"https:\/\/2liceum.eu\/\",\"name\":\"II Liceum Og\u00f3lnokszta\u0142c\u0105ce w Lubinie\",\"description\":\"Oficjalny portal II LO w Lubinie. Informacje o szkole, kadrze, zaj\u0119ciach dydaktycznych, ko\u0142ach zainteresowa\u0144, wolontariacie. Aktualno\u015bci. Galeria zdj\u0119\u0107.\",\"publisher\":{\"@id\":\"https:\/\/2liceum.eu\/#organization\"},\"potentialAction\":[{\"@type\":\"SearchAction\",\"target\":{\"@type\":\"EntryPoint\",\"urlTemplate\":\"https:\/\/2liceum.eu\/?s={search_term_string}\"},\"query-input\":\"required name=search_term_string\"}],\"inLanguage\":\"pl-PL\"},{\"@type\":\"WebPage\",\"@id\":\"https:\/\/2liceum.eu\/index.php\/2023\/09\/21\/wybory-organy-samorzadu-uczniowskiego\/\",\"url\":\"https:\/\/2liceum.eu\/index.php\/2023\/09\/21\/wybory-organy-samorzadu-uczniowskiego\/\",\"name\":\"WYBORY \u2013 ORGANY SAMORZ\u0104DU UCZNIOWSKIEGO! - II Liceum Og\u00f3lnokszta\u0142c\u0105ce w Lubinie\",\"isPartOf\":{\"@id\":\"https:\/\/2liceum.eu\/#website\"},\"datePublished\":\"2023-09-21T09:05:02+00:00\",\"dateModified\":\"2023-09-21T09:05:03+00:00\",\"breadcrumb\":{\"@id\":\"https:\/\/2liceum.eu\/index.php\/2023\/09\/21\/wybory-organy-samorzadu-uczniowskiego\/#breadcrumb\"},\"inLanguage\":\"pl-PL\",\"potentialAction\":[{\"@type\":\"ReadAction\",\"target\":[\"https:\/\/2liceum.eu\/index.php\/2023\/09\/21\/wybory-organy-samorzadu-uczniowskiego\/\"]}]},{\"@type\":\"BreadcrumbList\",\"@id\":\"https:\/\/2liceum.eu\/index.php\/2023\/09\/21\/wybory-organy-samorzadu-uczniowskiego\/#breadcrumb\",\"itemListElement\":[{\"@type\":\"ListItem\",\"position\":1,\"name\":\"Strona g\u0142\u00f3wna\",\"item\":\"https:\/\/2liceum.eu\/\"},{\"@type\":\"ListItem\",\"position\":2,\"name\":\"WYBORY \u2013 ORGANY SAMORZ\u0104DU UCZNIOWSKIEGO!\"}]},{\"@type\":\"Article\",\"@id\":\"https:\/\/2liceum.eu\/index.php\/2023\/09\/21\/wybory-organy-samorzadu-uczniowskiego\/#article\",\"isPartOf\":{\"@id\":\"https:\/\/2liceum.eu\/index.php\/2023\/09\/21\/wybory-organy-samorzadu-uczniowskiego\/\"},\"author\":{\"name\":\"Adam Dragan\",\"@id\":\"https:\/\/2liceum.eu\/#\/schema\/person\/1a52557bfdaf047be954a8b190648da5\"},\"headline\":\"WYBORY \u2013 ORGANY SAMORZ\u0104DU UCZNIOWSKIEGO!\",\"datePublished\":\"2023-09-21T09:05:02+00:00\",\"dateModified\":\"2023-09-21T09:05:03+00:00\",\"mainEntityOfPage\":{\"@id\":\"https:\/\/2liceum.eu\/index.php\/2023\/09\/21\/wybory-organy-samorzadu-uczniowskiego\/\"},\"wordCount\":80,\"commentCount\":0,\"publisher\":{\"@id\":\"https:\/\/2liceum.eu\/#organization\"},\"articleSection\":[\"Aktualno\u015bci\"],\"inLanguage\":\"pl-PL\",\"potentialAction\":[{\"@type\":\"CommentAction\",\"name\":\"Comment\",\"target\":[\"https:\/\/2liceum.eu\/index.php\/2023\/09\/21\/wybory-organy-samorzadu-uczniowskiego\/#respond\"]}]},{\"@type\":\"Person\",\"@id\":\"https:\/\/2liceum.eu\/#\/schema\/person\/1a52557bfdaf047be954a8b190648da5\",\"name\":\"Adam Dragan\",\"image\":{\"@type\":\"ImageObject\",\"inLanguage\":\"pl-PL\",\"@id\":\"https:\/\/2liceum.eu\/#\/schema\/person\/image\/\",\"url\":\"https:\/\/secure.gravatar.com\/avatar\/3a2bee53698f47ac117505a8a054d1e47e9ee9593c4c77dc18374aa80472d80c?s=96&d=mm&r=g\",\"contentUrl\":\"https:\/\/secure.gravatar.com\/avatar\/3a2bee53698f47ac117505a8a054d1e47e9ee9593c4c77dc18374aa80472d80c?s=96&d=mm&r=g\",\"caption\":\"Adam Dragan\"},\"sameAs\":[\"http:\/\/2liceum.eu\"]}]}<\/script>\n<!-- \/ Yoast SEO plugin. -->","yoast_head_json":{"title":"WYBORY \u2013 ORGANY SAMORZ\u0104DU UCZNIOWSKIEGO! - II Liceum Og\u00f3lnokszta\u0142c\u0105ce w Lubinie","robots":{"index":"index","follow":"follow","max-snippet":"max-snippet:-1","max-image-preview":"max-image-preview:large","max-video-preview":"max-video-preview:-1"},"canonical":"https:\/\/2liceum.eu\/index.php\/2023\/09\/21\/wybory-organy-samorzadu-uczniowskiego\/","og_locale":"pl_PL","og_type":"article","og_title":"WYBORY \u2013 ORGANY SAMORZ\u0104DU UCZNIOWSKIEGO! - II Liceum Og\u00f3lnokszta\u0142c\u0105ce w Lubinie","og_description":"W dniach 28-29 wrze\u015bnia 2023 r. odb\u0119d\u0105 si\u0119 wybory do organ\u00f3w Samorz\u0105du Uczniowskiego:&nbsp; &nbsp; \u2022 Przewodnicz\u0105cego SU&nbsp; &nbsp; \u2022 Zast\u0119pcy Przewodnicz\u0105cego SU&nbsp; &nbsp; \u2022 Sekretarza SU&nbsp; &nbsp; \u2022 Skarbnika SU Termin zg\u0142aszania kandydat\u00f3w: &nbsp;25 wrze\u015bnia 2023 r. (poniedzia\u0142ek) Miejsce zg\u0142aszania kandydat\u00f3w: sala 105 &nbsp;(P. Andrzej Kami\u0144ski \u2013 opiekun SU) Szczeg\u00f3\u0142owe informacje dotycz\u0105ce zasad przeprowadzania wybor\u00f3w [&hellip;]","og_url":"https:\/\/2liceum.eu\/index.php\/2023\/09\/21\/wybory-organy-samorzadu-uczniowskiego\/","og_site_name":"II Liceum Og\u00f3lnokszta\u0142c\u0105ce w Lubinie","article_publisher":"https:\/\/web.facebook.com\/IILOLubin\/","article_published_time":"2023-09-21T09:05:02+00:00","article_modified_time":"2023-09-21T09:05:03+00:00","author":"Adam Dragan","twitter_card":"summary_large_image","twitter_misc":{"Napisane przez":"Adam Dragan"},"schema":{"@context":"https:\/\/schema.org","@graph":[{"@type":"Organization","@id":"https:\/\/2liceum.eu\/#organization","name":"II Liceum Og\u00f3lnokszta\u0142c\u0105ce w Lubinie","url":"https:\/\/2liceum.eu\/","sameAs":["http:\/\/2lolubin","https:\/\/www.youtube.com\/channel\/UCWjEMxRJYdfvxPhVOn-8g_g","https:\/\/web.facebook.com\/IILOLubin\/"],"logo":{"@type":"ImageObject","inLanguage":"pl-PL","@id":"https:\/\/2liceum.eu\/#\/schema\/logo\/image\/","url":"https:\/\/2liceum.eu\/wp-content\/uploads\/2018\/01\/pobrane.jpg","contentUrl":"https:\/\/2liceum.eu\/wp-content\/uploads\/2018\/01\/pobrane.jpg","width":184,"height":183,"caption":"II Liceum Og\u00f3lnokszta\u0142c\u0105ce w Lubinie"},"image":{"@id":"https:\/\/2liceum.eu\/#\/schema\/logo\/image\/"}},{"@type":"WebSite","@id":"https:\/\/2liceum.eu\/#website","url":"https:\/\/2liceum.eu\/","name":"II Liceum Og\u00f3lnokszta\u0142c\u0105ce w Lubinie","description":"Oficjalny portal II LO w Lubinie. Informacje o szkole, kadrze, zaj\u0119ciach dydaktycznych, ko\u0142ach zainteresowa\u0144, wolontariacie. Aktualno\u015bci. Galeria zdj\u0119\u0107.","publisher":{"@id":"https:\/\/2liceum.eu\/#organization"},"potentialAction":[{"@type":"SearchAction","target":{"@type":"EntryPoint","urlTemplate":"https:\/\/2liceum.eu\/?s={search_term_string}"},"query-input":"required name=search_term_string"}],"inLanguage":"pl-PL"},{"@type":"WebPage","@id":"https:\/\/2liceum.eu\/index.php\/2023\/09\/21\/wybory-organy-samorzadu-uczniowskiego\/","url":"https:\/\/2liceum.eu\/index.php\/2023\/09\/21\/wybory-organy-samorzadu-uczniowskiego\/","name":"WYBORY \u2013 ORGANY SAMORZ\u0104DU UCZNIOWSKIEGO! - II Liceum Og\u00f3lnokszta\u0142c\u0105ce w Lubinie","isPartOf":{"@id":"https:\/\/2liceum.eu\/#website"},"datePublished":"2023-09-21T09:05:02+00:00","dateModified":"2023-09-21T09:05:03+00:00","breadcrumb":{"@id":"https:\/\/2liceum.eu\/index.php\/2023\/09\/21\/wybory-organy-samorzadu-uczniowskiego\/#breadcrumb"},"inLanguage":"pl-PL","potentialAction":[{"@type":"ReadAction","target":["https:\/\/2liceum.eu\/index.php\/2023\/09\/21\/wybory-organy-samorzadu-uczniowskiego\/"]}]},{"@type":"BreadcrumbList","@id":"https:\/\/2liceum.eu\/index.php\/2023\/09\/21\/wybory-organy-samorzadu-uczniowskiego\/#breadcrumb","itemListElement":[{"@type":"ListItem","position":1,"name":"Strona g\u0142\u00f3wna","item":"https:\/\/2liceum.eu\/"},{"@type":"ListItem","position":2,"name":"WYBORY \u2013 ORGANY SAMORZ\u0104DU UCZNIOWSKIEGO!"}]},{"@type":"Article","@id":"https:\/\/2liceum.eu\/index.php\/2023\/09\/21\/wybory-organy-samorzadu-uczniowskiego\/#article","isPartOf":{"@id":"https:\/\/2liceum.eu\/index.php\/2023\/09\/21\/wybory-organy-samorzadu-uczniowskiego\/"},"author":{"name":"Adam Dragan","@id":"https:\/\/2liceum.eu\/#\/schema\/person\/1a52557bfdaf047be954a8b190648da5"},"headline":"WYBORY \u2013 ORGANY SAMORZ\u0104DU UCZNIOWSKIEGO!","datePublished":"2023-09-21T09:05:02+00:00","dateModified":"2023-09-21T09:05:03+00:00","mainEntityOfPage":{"@id":"https:\/\/2liceum.eu\/index.php\/2023\/09\/21\/wybory-organy-samorzadu-uczniowskiego\/"},"wordCount":80,"commentCount":0,"publisher":{"@id":"https:\/\/2liceum.eu\/#organization"},"articleSection":["Aktualno\u015bci"],"inLanguage":"pl-PL","potentialAction":[{"@type":"CommentAction","name":"Comment","target":["https:\/\/2liceum.eu\/index.php\/2023\/09\/21\/wybory-organy-samorzadu-uczniowskiego\/#respond"]}]},{"@type":"Person","@id":"https:\/\/2liceum.eu\/#\/schema\/person\/1a52557bfdaf047be954a8b190648da5","name":"Adam Dragan","image":{"@type":"ImageObject","inLanguage":"pl-PL","@id":"https:\/\/2liceum.eu\/#\/schema\/person\/image\/","url":"https:\/\/secure.gravatar.com\/avatar\/3a2bee53698f47ac117505a8a054d1e47e9ee9593c4c77dc18374aa80472d80c?s=96&d=mm&r=g","contentUrl":"https:\/\/secure.gravatar.com\/avatar\/3a2bee53698f47ac117505a8a054d1e47e9ee9593c4c77dc18374aa80472d80c?s=96&d=mm&r=g","caption":"Adam Dragan"},"sameAs":["http:\/\/2liceum.eu"]}]}},"_links":{"self":[{"href":"https:\/\/2liceum.eu\/index.php\/wp-json\/wp\/v2\/posts\/8708","targetHints":{"allow":["GET"]}}],"collection":[{"href":"https:\/\/2liceum.eu\/index.php\/wp-json\/wp\/v2\/posts"}],"about":[{"href":"https:\/\/2liceum.eu\/index.php\/wp-json\/wp\/v2\/types\/post"}],"author":[{"embeddable":true,"href":"https:\/\/2liceum.eu\/index.php\/wp-json\/wp\/v2\/users\/2"}],"replies":[{"embeddable":true,"href":"https:\/\/2liceum.eu\/index.php\/wp-json\/wp\/v2\/comments?post=8708"}],"version-history":[{"count":1,"href":"https:\/\/2liceum.eu\/index.php\/wp-json\/wp\/v2\/posts\/8708\/revisions"}],"predecessor-version":[{"id":8709,"href":"https:\/\/2liceum.eu\/index.php\/wp-json\/wp\/v2\/posts\/8708\/revisions\/8709"}],"wp:attachment":[{"href":"https:\/\/2liceum.eu\/index.php\/wp-json\/wp\/v2\/media?parent=8708"}],"wp:term":[{"taxonomy":"category","embeddable":true,"href":"https:\/\/2liceum.eu\/index.php\/wp-json\/wp\/v2\/categories?post=8708"},{"taxonomy":"post_tag","embeddable":true,"href":"https:\/\/2liceum.eu\/index.php\/wp-json\/wp\/v2\/tags?post=8708"}],"curies":[{"name":"wp","href":"https:\/\/api.w.org\/{rel}","templated":true}]}}