{"id":8736,"date":"2023-10-05T12:38:45","date_gmt":"2023-10-05T10:38:45","guid":{"rendered":"https:\/\/2liceum.eu\/?p=8736"},"modified":"2023-10-05T12:39:42","modified_gmt":"2023-10-05T10:39:42","slug":"sztafetowe-biegi-przelajowe-sukces","status":"publish","type":"post","link":"https:\/\/2liceum.eu\/index.php\/2023\/10\/05\/sztafetowe-biegi-przelajowe-sukces\/","title":{"rendered":"Sztafetowe biegi prze\u0142ajowe &#8211; sukces!"},"content":{"rendered":"\n<div class=\"xdj266r x11i5rnm xat24cr x1mh8g0r x1vvkbs x126k92a\">\n<div dir=\"auto\" style=\"text-align: center;\"><img loading=\"lazy\" decoding=\"async\" class=\"alignnone \" src=\"https:\/\/2liceum.eu\/wp-content\/uploads\/sites\/1\/nggallery\/sztafetowe-biegi-przelajowe-1\/IMG_8504-1.jpeg\" width=\"533\" height=\"400\"><\/div>\n<div dir=\"auto\">&nbsp;<\/div>\n<div dir=\"auto\" style=\"text-align: justify;\"><strong>3 pa\u017adziernika<\/strong> reprezentacja <span style=\"color: #008000;\"><strong>II Liceum Og\u00f3lnokszta\u0142c\u0105cego<\/strong><\/span> bra\u0142a udzia\u0142 w <strong>Mistrzostwach Powiatu w sztafetowych biegach prze\u0142ajowych.<\/strong><\/div>\n<div dir=\"auto\">&nbsp;<\/div>\n<\/div>\n<div class=\"x11i5rnm xat24cr x1mh8g0r x1vvkbs xtlvy1s x126k92a\">\n<div dir=\"auto\"><strong>Zesp\u00f3\u0142 dziewcz\u0105t po wspania\u0142ej walce zdoby\u0142 <span style=\"color: #ff0000;\">2 miejsce!<\/span><\/strong><\/div>\n<div dir=\"auto\">&nbsp;<\/div>\n<\/div>\n<div class=\"x11i5rnm xat24cr x1mh8g0r x1vvkbs xtlvy1s x126k92a\">\n<div dir=\"auto\">Reprezentacja dziewcz\u0105t:<\/div>\n<\/div>\n<div class=\"x11i5rnm xat24cr x1mh8g0r x1vvkbs xtlvy1s x126k92a\">\n<div dir=\"auto\">Barcikowska Paulina<\/div>\n<\/div>\n<div class=\"x11i5rnm xat24cr x1mh8g0r x1vvkbs xtlvy1s x126k92a\">\n<div dir=\"auto\">Marczak Pola<\/div>\n<\/div>\n<div class=\"x11i5rnm xat24cr x1mh8g0r x1vvkbs xtlvy1s x126k92a\">\n<div dir=\"auto\">Gaber Zuzanna<\/div>\n<\/div>\n<div class=\"x11i5rnm xat24cr x1mh8g0r x1vvkbs xtlvy1s x126k92a\">\n<div dir=\"auto\">Duszy\u0144ska Julia<\/div>\n<\/div>\n<div class=\"x11i5rnm xat24cr x1mh8g0r x1vvkbs xtlvy1s x126k92a\">\n<div dir=\"auto\">Pisarska Oliwia<\/div>\n<\/div>\n<div class=\"x11i5rnm xat24cr x1mh8g0r x1vvkbs xtlvy1s x126k92a\">\n<div dir=\"auto\">Strzelczyk Patrycja<\/div>\n<\/div>\n<div class=\"x11i5rnm xat24cr x1mh8g0r x1vvkbs xtlvy1s x126k92a\">\n<div dir=\"auto\">Postro\u017cny Alicja<\/div>\n<div dir=\"auto\">&nbsp;<\/div>\n<\/div>\n<div class=\"x11i5rnm xat24cr x1mh8g0r x1vvkbs xtlvy1s x126k92a\">\n<div dir=\"auto\"><strong>Reprezentacja ch\u0142opc\u00f3w wywalczy\u0142a <span style=\"color: #ff0000;\">2 miejsce!<\/span><\/strong><\/div>\n<div dir=\"auto\">&nbsp;<\/div>\n<\/div>\n<div class=\"x11i5rnm xat24cr x1mh8g0r x1vvkbs xtlvy1s x126k92a\">\n<div dir=\"auto\">Sk\u0142ad sztafety ch\u0142opc\u00f3w:<\/div>\n<\/div>\n<div class=\"x11i5rnm xat24cr x1mh8g0r x1vvkbs xtlvy1s x126k92a\">\n<div dir=\"auto\">Cierlik Marcel<\/div>\n<\/div>\n<div class=\"x11i5rnm xat24cr x1mh8g0r x1vvkbs xtlvy1s x126k92a\">\n<div dir=\"auto\">Cierlik Oskar<\/div>\n<\/div>\n<div class=\"x11i5rnm xat24cr x1mh8g0r x1vvkbs xtlvy1s x126k92a\">\n<div dir=\"auto\">Bednarek Marcel<\/div>\n<\/div>\n<div class=\"x11i5rnm xat24cr x1mh8g0r x1vvkbs xtlvy1s x126k92a\">\n<div dir=\"auto\">Bednarek Mi\u0142osz<\/div>\n<\/div>\n<div class=\"x11i5rnm xat24cr x1mh8g0r x1vvkbs xtlvy1s x126k92a\">\n<div dir=\"auto\">Drozda Antoni<\/div>\n<\/div>\n<div class=\"x11i5rnm xat24cr x1mh8g0r x1vvkbs xtlvy1s x126k92a\">\n<div dir=\"auto\">Opali\u0144ski Amadeusz<\/div>\n<\/div>\n<div class=\"x11i5rnm xat24cr x1mh8g0r x1vvkbs xtlvy1s x126k92a\">\n<div dir=\"auto\">Pawelski Jakub<\/div>\n<\/div>\n<div class=\"x11i5rnm xat24cr x1mh8g0r x1vvkbs xtlvy1s x126k92a\">\n<div dir=\"auto\">Side\u0142ko Karol<\/div>\n<\/div>\n<div class=\"x11i5rnm xat24cr x1mh8g0r x1vvkbs xtlvy1s x126k92a\">\n<div dir=\"auto\">Stasiszyn Aleksander<\/div>\n<\/div>\n<div class=\"x11i5rnm xat24cr x1mh8g0r x1vvkbs xtlvy1s x126k92a\">\n<div dir=\"auto\">Ziemkiewicz Piotr<\/div>\n<\/div>\n<div class=\"x11i5rnm xat24cr x1mh8g0r x1vvkbs xtlvy1s x126k92a\">\n<div dir=\"auto\">Rejda Patryk<\/div>\n<\/div>\n<div dir=\"auto\">&nbsp;<\/div>\n<div dir=\"auto\">&nbsp;<\/div>\n<div dir=\"auto\">&nbsp;<\/div>\n\n\n<div class=\"wp-block-image\">\n<figure class=\"aligncenter size-full\"><a href=\"https:\/\/2liceum.eu\/index.php\/rok-szkolny-2023-2024\/nggallery\/rok-szkolny-2023-2024\/sztafetowe-biegi-przelajowe-2\"><img loading=\"lazy\" decoding=\"async\" width=\"119\" height=\"26\" src=\"https:\/\/2liceum.eu\/wp-content\/uploads\/2019\/12\/galeria.jpg\" alt=\"\" class=\"wp-image-4616\"\/><\/a><\/figure>\n<\/div>","protected":false},"excerpt":{"rendered":"<p>&nbsp; 3 pa\u017adziernika reprezentacja II Liceum Og\u00f3lnokszta\u0142c\u0105cego bra\u0142a udzia\u0142 w Mistrzostwach Powiatu w sztafetowych biegach prze\u0142ajowych. &nbsp; Zesp\u00f3\u0142 dziewcz\u0105t po wspania\u0142ej walce zdoby\u0142 2 miejsce! &nbsp; Reprezentacja dziewcz\u0105t: Barcikowska Paulina Marczak Pola Gaber Zuzanna Duszy\u0144ska Julia Pisarska Oliwia Strzelczyk Patrycja Postro\u017cny Alicja &nbsp; Reprezentacja ch\u0142opc\u00f3w wywalczy\u0142a 2 miejsce! &nbsp; Sk\u0142ad sztafety ch\u0142opc\u00f3w: Cierlik Marcel Cierlik [&hellip;]<\/p>\n","protected":false},"author":2,"featured_media":0,"comment_status":"open","ping_status":"open","sticky":false,"template":"","format":"standard","meta":{"ngg_post_thumbnail":0,"footnotes":""},"categories":[1,40],"tags":[],"class_list":["post-8736","post","type-post","status-publish","format-standard","hentry","category-aktualnosci","category-osiagniecia-sportowe-2023-2024"],"yoast_head":"<!-- This site is optimized with the Yoast SEO plugin v19.4 - https:\/\/yoast.com\/wordpress\/plugins\/seo\/ -->\n<title>Sztafetowe biegi prze\u0142ajowe - sukces! - II Liceum Og\u00f3lnokszta\u0142c\u0105ce w Lubinie<\/title>\n<meta name=\"robots\" content=\"index, follow, max-snippet:-1, max-image-preview:large, max-video-preview:-1\" \/>\n<link rel=\"canonical\" href=\"https:\/\/2liceum.eu\/index.php\/2023\/10\/05\/sztafetowe-biegi-przelajowe-sukces\/\" \/>\n<meta property=\"og:locale\" content=\"pl_PL\" \/>\n<meta property=\"og:type\" content=\"article\" \/>\n<meta property=\"og:title\" content=\"Sztafetowe biegi prze\u0142ajowe - sukces! - II Liceum Og\u00f3lnokszta\u0142c\u0105ce w Lubinie\" \/>\n<meta property=\"og:description\" content=\"&nbsp; 3 pa\u017adziernika reprezentacja II Liceum Og\u00f3lnokszta\u0142c\u0105cego bra\u0142a udzia\u0142 w Mistrzostwach Powiatu w sztafetowych biegach prze\u0142ajowych. &nbsp; Zesp\u00f3\u0142 dziewcz\u0105t po wspania\u0142ej walce zdoby\u0142 2 miejsce! &nbsp; Reprezentacja dziewcz\u0105t: Barcikowska Paulina Marczak Pola Gaber Zuzanna Duszy\u0144ska Julia Pisarska Oliwia Strzelczyk Patrycja Postro\u017cny Alicja &nbsp; Reprezentacja ch\u0142opc\u00f3w wywalczy\u0142a 2 miejsce! &nbsp; Sk\u0142ad sztafety ch\u0142opc\u00f3w: Cierlik Marcel Cierlik [&hellip;]\" \/>\n<meta property=\"og:url\" content=\"https:\/\/2liceum.eu\/index.php\/2023\/10\/05\/sztafetowe-biegi-przelajowe-sukces\/\" \/>\n<meta property=\"og:site_name\" content=\"II Liceum Og\u00f3lnokszta\u0142c\u0105ce w Lubinie\" \/>\n<meta property=\"article:publisher\" content=\"https:\/\/web.facebook.com\/IILOLubin\/\" \/>\n<meta property=\"article:published_time\" content=\"2023-10-05T10:38:45+00:00\" \/>\n<meta property=\"article:modified_time\" content=\"2023-10-05T10:39:42+00:00\" \/>\n<meta property=\"og:image\" content=\"https:\/\/2liceum.eu\/wp-content\/uploads\/sites\/1\/nggallery\/sztafetowe-biegi-przelajowe-1\/IMG_8504-1.jpeg\" \/>\n<meta name=\"author\" content=\"Adam Dragan\" \/>\n<meta name=\"twitter:card\" content=\"summary_large_image\" \/>\n<meta name=\"twitter:label1\" content=\"Napisane przez\" \/>\n\t<meta name=\"twitter:data1\" content=\"Adam Dragan\" \/>\n<script type=\"application\/ld+json\" class=\"yoast-schema-graph\">{\"@context\":\"https:\/\/schema.org\",\"@graph\":[{\"@type\":\"Organization\",\"@id\":\"https:\/\/2liceum.eu\/#organization\",\"name\":\"II Liceum Og\u00f3lnokszta\u0142c\u0105ce w Lubinie\",\"url\":\"https:\/\/2liceum.eu\/\",\"sameAs\":[\"http:\/\/2lolubin\",\"https:\/\/www.youtube.com\/channel\/UCWjEMxRJYdfvxPhVOn-8g_g\",\"https:\/\/web.facebook.com\/IILOLubin\/\"],\"logo\":{\"@type\":\"ImageObject\",\"inLanguage\":\"pl-PL\",\"@id\":\"https:\/\/2liceum.eu\/#\/schema\/logo\/image\/\",\"url\":\"https:\/\/2liceum.eu\/wp-content\/uploads\/2018\/01\/pobrane.jpg\",\"contentUrl\":\"https:\/\/2liceum.eu\/wp-content\/uploads\/2018\/01\/pobrane.jpg\",\"width\":184,\"height\":183,\"caption\":\"II Liceum Og\u00f3lnokszta\u0142c\u0105ce w Lubinie\"},\"image\":{\"@id\":\"https:\/\/2liceum.eu\/#\/schema\/logo\/image\/\"}},{\"@type\":\"WebSite\",\"@id\":\"https:\/\/2liceum.eu\/#website\",\"url\":\"https:\/\/2liceum.eu\/\",\"name\":\"II Liceum Og\u00f3lnokszta\u0142c\u0105ce w Lubinie\",\"description\":\"Oficjalny portal II LO w Lubinie. Informacje o szkole, kadrze, zaj\u0119ciach dydaktycznych, ko\u0142ach zainteresowa\u0144, wolontariacie. Aktualno\u015bci. Galeria zdj\u0119\u0107.\",\"publisher\":{\"@id\":\"https:\/\/2liceum.eu\/#organization\"},\"potentialAction\":[{\"@type\":\"SearchAction\",\"target\":{\"@type\":\"EntryPoint\",\"urlTemplate\":\"https:\/\/2liceum.eu\/?s={search_term_string}\"},\"query-input\":\"required name=search_term_string\"}],\"inLanguage\":\"pl-PL\"},{\"@type\":\"WebPage\",\"@id\":\"https:\/\/2liceum.eu\/index.php\/2023\/10\/05\/sztafetowe-biegi-przelajowe-sukces\/\",\"url\":\"https:\/\/2liceum.eu\/index.php\/2023\/10\/05\/sztafetowe-biegi-przelajowe-sukces\/\",\"name\":\"Sztafetowe biegi prze\u0142ajowe - sukces! - II Liceum Og\u00f3lnokszta\u0142c\u0105ce w Lubinie\",\"isPartOf\":{\"@id\":\"https:\/\/2liceum.eu\/#website\"},\"datePublished\":\"2023-10-05T10:38:45+00:00\",\"dateModified\":\"2023-10-05T10:39:42+00:00\",\"breadcrumb\":{\"@id\":\"https:\/\/2liceum.eu\/index.php\/2023\/10\/05\/sztafetowe-biegi-przelajowe-sukces\/#breadcrumb\"},\"inLanguage\":\"pl-PL\",\"potentialAction\":[{\"@type\":\"ReadAction\",\"target\":[\"https:\/\/2liceum.eu\/index.php\/2023\/10\/05\/sztafetowe-biegi-przelajowe-sukces\/\"]}]},{\"@type\":\"BreadcrumbList\",\"@id\":\"https:\/\/2liceum.eu\/index.php\/2023\/10\/05\/sztafetowe-biegi-przelajowe-sukces\/#breadcrumb\",\"itemListElement\":[{\"@type\":\"ListItem\",\"position\":1,\"name\":\"Strona g\u0142\u00f3wna\",\"item\":\"https:\/\/2liceum.eu\/\"},{\"@type\":\"ListItem\",\"position\":2,\"name\":\"Sztafetowe biegi prze\u0142ajowe &#8211; sukces!\"}]},{\"@type\":\"Article\",\"@id\":\"https:\/\/2liceum.eu\/index.php\/2023\/10\/05\/sztafetowe-biegi-przelajowe-sukces\/#article\",\"isPartOf\":{\"@id\":\"https:\/\/2liceum.eu\/index.php\/2023\/10\/05\/sztafetowe-biegi-przelajowe-sukces\/\"},\"author\":{\"name\":\"Adam Dragan\",\"@id\":\"https:\/\/2liceum.eu\/#\/schema\/person\/1a52557bfdaf047be954a8b190648da5\"},\"headline\":\"Sztafetowe biegi prze\u0142ajowe &#8211; sukces!\",\"datePublished\":\"2023-10-05T10:38:45+00:00\",\"dateModified\":\"2023-10-05T10:39:42+00:00\",\"mainEntityOfPage\":{\"@id\":\"https:\/\/2liceum.eu\/index.php\/2023\/10\/05\/sztafetowe-biegi-przelajowe-sukces\/\"},\"wordCount\":100,\"commentCount\":0,\"publisher\":{\"@id\":\"https:\/\/2liceum.eu\/#organization\"},\"articleSection\":[\"Aktualno\u015bci\",\"Osi\u0105gni\u0119cia sportowe 2023\/2024!\"],\"inLanguage\":\"pl-PL\",\"potentialAction\":[{\"@type\":\"CommentAction\",\"name\":\"Comment\",\"target\":[\"https:\/\/2liceum.eu\/index.php\/2023\/10\/05\/sztafetowe-biegi-przelajowe-sukces\/#respond\"]}]},{\"@type\":\"Person\",\"@id\":\"https:\/\/2liceum.eu\/#\/schema\/person\/1a52557bfdaf047be954a8b190648da5\",\"name\":\"Adam Dragan\",\"image\":{\"@type\":\"ImageObject\",\"inLanguage\":\"pl-PL\",\"@id\":\"https:\/\/2liceum.eu\/#\/schema\/person\/image\/\",\"url\":\"https:\/\/secure.gravatar.com\/avatar\/3a2bee53698f47ac117505a8a054d1e47e9ee9593c4c77dc18374aa80472d80c?s=96&d=mm&r=g\",\"contentUrl\":\"https:\/\/secure.gravatar.com\/avatar\/3a2bee53698f47ac117505a8a054d1e47e9ee9593c4c77dc18374aa80472d80c?s=96&d=mm&r=g\",\"caption\":\"Adam Dragan\"},\"sameAs\":[\"http:\/\/2liceum.eu\"]}]}<\/script>\n<!-- \/ Yoast SEO plugin. -->","yoast_head_json":{"title":"Sztafetowe biegi prze\u0142ajowe - sukces! - II Liceum Og\u00f3lnokszta\u0142c\u0105ce w Lubinie","robots":{"index":"index","follow":"follow","max-snippet":"max-snippet:-1","max-image-preview":"max-image-preview:large","max-video-preview":"max-video-preview:-1"},"canonical":"https:\/\/2liceum.eu\/index.php\/2023\/10\/05\/sztafetowe-biegi-przelajowe-sukces\/","og_locale":"pl_PL","og_type":"article","og_title":"Sztafetowe biegi prze\u0142ajowe - sukces! - II Liceum Og\u00f3lnokszta\u0142c\u0105ce w Lubinie","og_description":"&nbsp; 3 pa\u017adziernika reprezentacja II Liceum Og\u00f3lnokszta\u0142c\u0105cego bra\u0142a udzia\u0142 w Mistrzostwach Powiatu w sztafetowych biegach prze\u0142ajowych. &nbsp; Zesp\u00f3\u0142 dziewcz\u0105t po wspania\u0142ej walce zdoby\u0142 2 miejsce! &nbsp; Reprezentacja dziewcz\u0105t: Barcikowska Paulina Marczak Pola Gaber Zuzanna Duszy\u0144ska Julia Pisarska Oliwia Strzelczyk Patrycja Postro\u017cny Alicja &nbsp; Reprezentacja ch\u0142opc\u00f3w wywalczy\u0142a 2 miejsce! &nbsp; Sk\u0142ad sztafety ch\u0142opc\u00f3w: Cierlik Marcel Cierlik [&hellip;]","og_url":"https:\/\/2liceum.eu\/index.php\/2023\/10\/05\/sztafetowe-biegi-przelajowe-sukces\/","og_site_name":"II Liceum Og\u00f3lnokszta\u0142c\u0105ce w Lubinie","article_publisher":"https:\/\/web.facebook.com\/IILOLubin\/","article_published_time":"2023-10-05T10:38:45+00:00","article_modified_time":"2023-10-05T10:39:42+00:00","og_image":[{"url":"https:\/\/2liceum.eu\/wp-content\/uploads\/sites\/1\/nggallery\/sztafetowe-biegi-przelajowe-1\/IMG_8504-1.jpeg"}],"author":"Adam Dragan","twitter_card":"summary_large_image","twitter_misc":{"Napisane przez":"Adam Dragan"},"schema":{"@context":"https:\/\/schema.org","@graph":[{"@type":"Organization","@id":"https:\/\/2liceum.eu\/#organization","name":"II Liceum Og\u00f3lnokszta\u0142c\u0105ce w Lubinie","url":"https:\/\/2liceum.eu\/","sameAs":["http:\/\/2lolubin","https:\/\/www.youtube.com\/channel\/UCWjEMxRJYdfvxPhVOn-8g_g","https:\/\/web.facebook.com\/IILOLubin\/"],"logo":{"@type":"ImageObject","inLanguage":"pl-PL","@id":"https:\/\/2liceum.eu\/#\/schema\/logo\/image\/","url":"https:\/\/2liceum.eu\/wp-content\/uploads\/2018\/01\/pobrane.jpg","contentUrl":"https:\/\/2liceum.eu\/wp-content\/uploads\/2018\/01\/pobrane.jpg","width":184,"height":183,"caption":"II Liceum Og\u00f3lnokszta\u0142c\u0105ce w Lubinie"},"image":{"@id":"https:\/\/2liceum.eu\/#\/schema\/logo\/image\/"}},{"@type":"WebSite","@id":"https:\/\/2liceum.eu\/#website","url":"https:\/\/2liceum.eu\/","name":"II Liceum Og\u00f3lnokszta\u0142c\u0105ce w Lubinie","description":"Oficjalny portal II LO w Lubinie. Informacje o szkole, kadrze, zaj\u0119ciach dydaktycznych, ko\u0142ach zainteresowa\u0144, wolontariacie. Aktualno\u015bci. Galeria zdj\u0119\u0107.","publisher":{"@id":"https:\/\/2liceum.eu\/#organization"},"potentialAction":[{"@type":"SearchAction","target":{"@type":"EntryPoint","urlTemplate":"https:\/\/2liceum.eu\/?s={search_term_string}"},"query-input":"required name=search_term_string"}],"inLanguage":"pl-PL"},{"@type":"WebPage","@id":"https:\/\/2liceum.eu\/index.php\/2023\/10\/05\/sztafetowe-biegi-przelajowe-sukces\/","url":"https:\/\/2liceum.eu\/index.php\/2023\/10\/05\/sztafetowe-biegi-przelajowe-sukces\/","name":"Sztafetowe biegi prze\u0142ajowe - sukces! - II Liceum Og\u00f3lnokszta\u0142c\u0105ce w Lubinie","isPartOf":{"@id":"https:\/\/2liceum.eu\/#website"},"datePublished":"2023-10-05T10:38:45+00:00","dateModified":"2023-10-05T10:39:42+00:00","breadcrumb":{"@id":"https:\/\/2liceum.eu\/index.php\/2023\/10\/05\/sztafetowe-biegi-przelajowe-sukces\/#breadcrumb"},"inLanguage":"pl-PL","potentialAction":[{"@type":"ReadAction","target":["https:\/\/2liceum.eu\/index.php\/2023\/10\/05\/sztafetowe-biegi-przelajowe-sukces\/"]}]},{"@type":"BreadcrumbList","@id":"https:\/\/2liceum.eu\/index.php\/2023\/10\/05\/sztafetowe-biegi-przelajowe-sukces\/#breadcrumb","itemListElement":[{"@type":"ListItem","position":1,"name":"Strona g\u0142\u00f3wna","item":"https:\/\/2liceum.eu\/"},{"@type":"ListItem","position":2,"name":"Sztafetowe biegi prze\u0142ajowe &#8211; sukces!"}]},{"@type":"Article","@id":"https:\/\/2liceum.eu\/index.php\/2023\/10\/05\/sztafetowe-biegi-przelajowe-sukces\/#article","isPartOf":{"@id":"https:\/\/2liceum.eu\/index.php\/2023\/10\/05\/sztafetowe-biegi-przelajowe-sukces\/"},"author":{"name":"Adam Dragan","@id":"https:\/\/2liceum.eu\/#\/schema\/person\/1a52557bfdaf047be954a8b190648da5"},"headline":"Sztafetowe biegi prze\u0142ajowe &#8211; sukces!","datePublished":"2023-10-05T10:38:45+00:00","dateModified":"2023-10-05T10:39:42+00:00","mainEntityOfPage":{"@id":"https:\/\/2liceum.eu\/index.php\/2023\/10\/05\/sztafetowe-biegi-przelajowe-sukces\/"},"wordCount":100,"commentCount":0,"publisher":{"@id":"https:\/\/2liceum.eu\/#organization"},"articleSection":["Aktualno\u015bci","Osi\u0105gni\u0119cia sportowe 2023\/2024!"],"inLanguage":"pl-PL","potentialAction":[{"@type":"CommentAction","name":"Comment","target":["https:\/\/2liceum.eu\/index.php\/2023\/10\/05\/sztafetowe-biegi-przelajowe-sukces\/#respond"]}]},{"@type":"Person","@id":"https:\/\/2liceum.eu\/#\/schema\/person\/1a52557bfdaf047be954a8b190648da5","name":"Adam Dragan","image":{"@type":"ImageObject","inLanguage":"pl-PL","@id":"https:\/\/2liceum.eu\/#\/schema\/person\/image\/","url":"https:\/\/secure.gravatar.com\/avatar\/3a2bee53698f47ac117505a8a054d1e47e9ee9593c4c77dc18374aa80472d80c?s=96&d=mm&r=g","contentUrl":"https:\/\/secure.gravatar.com\/avatar\/3a2bee53698f47ac117505a8a054d1e47e9ee9593c4c77dc18374aa80472d80c?s=96&d=mm&r=g","caption":"Adam Dragan"},"sameAs":["http:\/\/2liceum.eu"]}]}},"_links":{"self":[{"href":"https:\/\/2liceum.eu\/index.php\/wp-json\/wp\/v2\/posts\/8736","targetHints":{"allow":["GET"]}}],"collection":[{"href":"https:\/\/2liceum.eu\/index.php\/wp-json\/wp\/v2\/posts"}],"about":[{"href":"https:\/\/2liceum.eu\/index.php\/wp-json\/wp\/v2\/types\/post"}],"author":[{"embeddable":true,"href":"https:\/\/2liceum.eu\/index.php\/wp-json\/wp\/v2\/users\/2"}],"replies":[{"embeddable":true,"href":"https:\/\/2liceum.eu\/index.php\/wp-json\/wp\/v2\/comments?post=8736"}],"version-history":[{"count":1,"href":"https:\/\/2liceum.eu\/index.php\/wp-json\/wp\/v2\/posts\/8736\/revisions"}],"predecessor-version":[{"id":8737,"href":"https:\/\/2liceum.eu\/index.php\/wp-json\/wp\/v2\/posts\/8736\/revisions\/8737"}],"wp:attachment":[{"href":"https:\/\/2liceum.eu\/index.php\/wp-json\/wp\/v2\/media?parent=8736"}],"wp:term":[{"taxonomy":"category","embeddable":true,"href":"https:\/\/2liceum.eu\/index.php\/wp-json\/wp\/v2\/categories?post=8736"},{"taxonomy":"post_tag","embeddable":true,"href":"https:\/\/2liceum.eu\/index.php\/wp-json\/wp\/v2\/tags?post=8736"}],"curies":[{"name":"wp","href":"https:\/\/api.w.org\/{rel}","templated":true}]}}