{"id":8739,"date":"2023-10-05T14:40:09","date_gmt":"2023-10-05T12:40:09","guid":{"rendered":"https:\/\/2liceum.eu\/?p=8739"},"modified":"2023-10-05T14:40:14","modified_gmt":"2023-10-05T12:40:14","slug":"spotkanie-z-kuratorem-sadowym","status":"publish","type":"post","link":"https:\/\/2liceum.eu\/index.php\/2023\/10\/05\/spotkanie-z-kuratorem-sadowym\/","title":{"rendered":"Spotkanie z kuratorem s\u0105dowym!"},"content":{"rendered":"\n<div class=\"xdj266r x11i5rnm xat24cr x1mh8g0r x1vvkbs x126k92a\">\n<div dir=\"auto\" style=\"text-align: justify;\"><strong><img loading=\"lazy\" decoding=\"async\" class=\" wp-image-8740 alignright\" src=\"https:\/\/2liceum.eu\/wp-content\/uploads\/2023\/10\/IMG_20230920_095525-scaled.jpg\" alt=\"\" width=\"238\" height=\"107\" srcset=\"https:\/\/2liceum.eu\/wp-content\/uploads\/2023\/10\/IMG_20230920_095525-scaled.jpg 2560w, https:\/\/2liceum.eu\/wp-content\/uploads\/2023\/10\/IMG_20230920_095525-300x135.jpg 300w, https:\/\/2liceum.eu\/wp-content\/uploads\/2023\/10\/IMG_20230920_095525-1024x461.jpg 1024w, https:\/\/2liceum.eu\/wp-content\/uploads\/2023\/10\/IMG_20230920_095525-768x346.jpg 768w, https:\/\/2liceum.eu\/wp-content\/uploads\/2023\/10\/IMG_20230920_095525-1536x691.jpg 1536w, https:\/\/2liceum.eu\/wp-content\/uploads\/2023\/10\/IMG_20230920_095525-2048x922.jpg 2048w\" sizes=\"auto, (max-width: 238px) 100vw, 238px\" \/>W dniu 20.09.23 r.,<\/strong> mia\u0142o miejsce spotkanie z uczniami klas pierwszych. <strong>Wyk\u0142ad kuratora s\u0105dowego <span style=\"color: #008000;\">Waldemara Babarowskiego<\/span><\/strong> z II Zespo\u0142u Kuratorskiej S\u0142u\u017cby S\u0105dowej o Wykonywania Orzecze\u0144 w Sprawach Rodzinnych i Nieletnich S\u0105du Rejonowego w Lubinie do z demoralizacj\u0105, czyn\u00f3w karalnych oraz stosowania \u015brodk\u00f3w wychowawczych przewidzianych w Ustawie z dnia 9 czerwca 2022r. o wspieraniu i resocjalizacji nieletnich.<\/div>\n<div dir=\"auto\" style=\"text-align: justify;\">&nbsp;<\/div>\n<\/div>\n<div class=\"x11i5rnm xat24cr x1mh8g0r x1vvkbs xtlvy1s x126k92a\" style=\"text-align: justify;\">\n<div dir=\"auto\">Podczas prelekcji kurator s\u0105dowy zwr\u00f3ci\u0142 uwag\u0119 na konsekwencje prawne, spo\u0142eczne i zdrowotne stosowana substancji psychoaktywnych, u\u017cywania alkoholu, prezentowania okre\u015blonych tre\u015bci w Internecie, przemocy, wi\u0119kszo\u015bci zachowa\u0144 podczas, kt\u00f3rych dochodzi do \u0142amania norm spo\u0142ecznych i prawnych. M\u0142odzie\u017c uzyska\u0142a informacje odno\u015bnie podejmowanych przez kuratora s\u0105dowego mo\u017cliwych formach wsparcia m\u0142odego cz\u0142owieka w ramach odzia\u0142ywa\u0144 profilaktycznych, wychowawczych i resocjalizacyjnych. W trakcie spotkania istnia\u0142a mo\u017cliwo\u015b\u0107 zadawania pyta\u0144, swobodnej dyskusji.<\/div>\n<div dir=\"auto\">&nbsp;<\/div>\n<\/div>\n<div class=\"x11i5rnm xat24cr x1mh8g0r x1vvkbs xtlvy1s x126k92a\">\n<div dir=\"auto\" style=\"text-align: justify;\">Kurator zaprosi\u0142 m\u0142odzie\u017c do S\u0105du, gdzie urz\u0119duje we wtorki i pi\u0105tki od 7.30 do 15.30 (gab. 419). Jest otwarty na pomoc w r\u00f3\u017cnych sprawach zwi\u0105zanych z profilaktyk\u0105 i eliminowaniem zachowa\u0144 ryzykownych. Mo\u017cna si\u0119 r\u00f3wnie\u017c kontaktowa\u0107 telefonicznie pod numerem 693903271.<\/div>\n<\/div>\n<div dir=\"auto\">&nbsp;<\/div>\n","protected":false},"excerpt":{"rendered":"<p>W dniu 20.09.23 r., mia\u0142o miejsce spotkanie z uczniami klas pierwszych. Wyk\u0142ad kuratora s\u0105dowego Waldemara Babarowskiego z II Zespo\u0142u Kuratorskiej S\u0142u\u017cby S\u0105dowej o Wykonywania Orzecze\u0144 w Sprawach Rodzinnych i Nieletnich S\u0105du Rejonowego w Lubinie do z demoralizacj\u0105, czyn\u00f3w karalnych oraz stosowania \u015brodk\u00f3w wychowawczych przewidzianych w Ustawie z dnia 9 czerwca 2022r. o wspieraniu i resocjalizacji [&hellip;]<\/p>\n","protected":false},"author":2,"featured_media":0,"comment_status":"open","ping_status":"open","sticky":false,"template":"","format":"standard","meta":{"ngg_post_thumbnail":0,"footnotes":""},"categories":[1],"tags":[],"class_list":["post-8739","post","type-post","status-publish","format-standard","hentry","category-aktualnosci"],"yoast_head":"<!-- This site is optimized with the Yoast SEO plugin v19.4 - https:\/\/yoast.com\/wordpress\/plugins\/seo\/ -->\n<title>Spotkanie z kuratorem s\u0105dowym! - II Liceum Og\u00f3lnokszta\u0142c\u0105ce w Lubinie<\/title>\n<meta name=\"robots\" content=\"index, follow, max-snippet:-1, max-image-preview:large, max-video-preview:-1\" \/>\n<link rel=\"canonical\" href=\"https:\/\/2liceum.eu\/index.php\/2023\/10\/05\/spotkanie-z-kuratorem-sadowym\/\" \/>\n<meta property=\"og:locale\" content=\"pl_PL\" \/>\n<meta property=\"og:type\" content=\"article\" \/>\n<meta property=\"og:title\" content=\"Spotkanie z kuratorem s\u0105dowym! - II Liceum Og\u00f3lnokszta\u0142c\u0105ce w Lubinie\" \/>\n<meta property=\"og:description\" content=\"W dniu 20.09.23 r., mia\u0142o miejsce spotkanie z uczniami klas pierwszych. Wyk\u0142ad kuratora s\u0105dowego Waldemara Babarowskiego z II Zespo\u0142u Kuratorskiej S\u0142u\u017cby S\u0105dowej o Wykonywania Orzecze\u0144 w Sprawach Rodzinnych i Nieletnich S\u0105du Rejonowego w Lubinie do z demoralizacj\u0105, czyn\u00f3w karalnych oraz stosowania \u015brodk\u00f3w wychowawczych przewidzianych w Ustawie z dnia 9 czerwca 2022r. o wspieraniu i resocjalizacji [&hellip;]\" \/>\n<meta property=\"og:url\" content=\"https:\/\/2liceum.eu\/index.php\/2023\/10\/05\/spotkanie-z-kuratorem-sadowym\/\" \/>\n<meta property=\"og:site_name\" content=\"II Liceum Og\u00f3lnokszta\u0142c\u0105ce w Lubinie\" \/>\n<meta property=\"article:publisher\" content=\"https:\/\/web.facebook.com\/IILOLubin\/\" \/>\n<meta property=\"article:published_time\" content=\"2023-10-05T12:40:09+00:00\" \/>\n<meta property=\"article:modified_time\" content=\"2023-10-05T12:40:14+00:00\" \/>\n<meta property=\"og:image\" content=\"https:\/\/2liceum.eu\/wp-content\/uploads\/2023\/10\/IMG_20230920_095525-scaled.jpg\" \/>\n<meta name=\"author\" content=\"Adam Dragan\" \/>\n<meta name=\"twitter:card\" content=\"summary_large_image\" \/>\n<meta name=\"twitter:label1\" content=\"Napisane przez\" \/>\n\t<meta name=\"twitter:data1\" content=\"Adam Dragan\" \/>\n\t<meta name=\"twitter:label2\" content=\"Szacowany czas czytania\" \/>\n\t<meta name=\"twitter:data2\" content=\"1 minuta\" \/>\n<script type=\"application\/ld+json\" class=\"yoast-schema-graph\">{\"@context\":\"https:\/\/schema.org\",\"@graph\":[{\"@type\":\"Organization\",\"@id\":\"https:\/\/2liceum.eu\/#organization\",\"name\":\"II Liceum Og\u00f3lnokszta\u0142c\u0105ce w Lubinie\",\"url\":\"https:\/\/2liceum.eu\/\",\"sameAs\":[\"http:\/\/2lolubin\",\"https:\/\/www.youtube.com\/channel\/UCWjEMxRJYdfvxPhVOn-8g_g\",\"https:\/\/web.facebook.com\/IILOLubin\/\"],\"logo\":{\"@type\":\"ImageObject\",\"inLanguage\":\"pl-PL\",\"@id\":\"https:\/\/2liceum.eu\/#\/schema\/logo\/image\/\",\"url\":\"https:\/\/2liceum.eu\/wp-content\/uploads\/2018\/01\/pobrane.jpg\",\"contentUrl\":\"https:\/\/2liceum.eu\/wp-content\/uploads\/2018\/01\/pobrane.jpg\",\"width\":184,\"height\":183,\"caption\":\"II Liceum Og\u00f3lnokszta\u0142c\u0105ce w Lubinie\"},\"image\":{\"@id\":\"https:\/\/2liceum.eu\/#\/schema\/logo\/image\/\"}},{\"@type\":\"WebSite\",\"@id\":\"https:\/\/2liceum.eu\/#website\",\"url\":\"https:\/\/2liceum.eu\/\",\"name\":\"II Liceum Og\u00f3lnokszta\u0142c\u0105ce w Lubinie\",\"description\":\"Oficjalny portal II LO w Lubinie. Informacje o szkole, kadrze, zaj\u0119ciach dydaktycznych, ko\u0142ach zainteresowa\u0144, wolontariacie. Aktualno\u015bci. Galeria zdj\u0119\u0107.\",\"publisher\":{\"@id\":\"https:\/\/2liceum.eu\/#organization\"},\"potentialAction\":[{\"@type\":\"SearchAction\",\"target\":{\"@type\":\"EntryPoint\",\"urlTemplate\":\"https:\/\/2liceum.eu\/?s={search_term_string}\"},\"query-input\":\"required name=search_term_string\"}],\"inLanguage\":\"pl-PL\"},{\"@type\":\"WebPage\",\"@id\":\"https:\/\/2liceum.eu\/index.php\/2023\/10\/05\/spotkanie-z-kuratorem-sadowym\/\",\"url\":\"https:\/\/2liceum.eu\/index.php\/2023\/10\/05\/spotkanie-z-kuratorem-sadowym\/\",\"name\":\"Spotkanie z kuratorem s\u0105dowym! - II Liceum Og\u00f3lnokszta\u0142c\u0105ce w Lubinie\",\"isPartOf\":{\"@id\":\"https:\/\/2liceum.eu\/#website\"},\"datePublished\":\"2023-10-05T12:40:09+00:00\",\"dateModified\":\"2023-10-05T12:40:14+00:00\",\"breadcrumb\":{\"@id\":\"https:\/\/2liceum.eu\/index.php\/2023\/10\/05\/spotkanie-z-kuratorem-sadowym\/#breadcrumb\"},\"inLanguage\":\"pl-PL\",\"potentialAction\":[{\"@type\":\"ReadAction\",\"target\":[\"https:\/\/2liceum.eu\/index.php\/2023\/10\/05\/spotkanie-z-kuratorem-sadowym\/\"]}]},{\"@type\":\"BreadcrumbList\",\"@id\":\"https:\/\/2liceum.eu\/index.php\/2023\/10\/05\/spotkanie-z-kuratorem-sadowym\/#breadcrumb\",\"itemListElement\":[{\"@type\":\"ListItem\",\"position\":1,\"name\":\"Strona g\u0142\u00f3wna\",\"item\":\"https:\/\/2liceum.eu\/\"},{\"@type\":\"ListItem\",\"position\":2,\"name\":\"Spotkanie z kuratorem s\u0105dowym!\"}]},{\"@type\":\"Article\",\"@id\":\"https:\/\/2liceum.eu\/index.php\/2023\/10\/05\/spotkanie-z-kuratorem-sadowym\/#article\",\"isPartOf\":{\"@id\":\"https:\/\/2liceum.eu\/index.php\/2023\/10\/05\/spotkanie-z-kuratorem-sadowym\/\"},\"author\":{\"name\":\"Adam Dragan\",\"@id\":\"https:\/\/2liceum.eu\/#\/schema\/person\/1a52557bfdaf047be954a8b190648da5\"},\"headline\":\"Spotkanie z kuratorem s\u0105dowym!\",\"datePublished\":\"2023-10-05T12:40:09+00:00\",\"dateModified\":\"2023-10-05T12:40:14+00:00\",\"mainEntityOfPage\":{\"@id\":\"https:\/\/2liceum.eu\/index.php\/2023\/10\/05\/spotkanie-z-kuratorem-sadowym\/\"},\"wordCount\":198,\"commentCount\":0,\"publisher\":{\"@id\":\"https:\/\/2liceum.eu\/#organization\"},\"articleSection\":[\"Aktualno\u015bci\"],\"inLanguage\":\"pl-PL\",\"potentialAction\":[{\"@type\":\"CommentAction\",\"name\":\"Comment\",\"target\":[\"https:\/\/2liceum.eu\/index.php\/2023\/10\/05\/spotkanie-z-kuratorem-sadowym\/#respond\"]}]},{\"@type\":\"Person\",\"@id\":\"https:\/\/2liceum.eu\/#\/schema\/person\/1a52557bfdaf047be954a8b190648da5\",\"name\":\"Adam Dragan\",\"image\":{\"@type\":\"ImageObject\",\"inLanguage\":\"pl-PL\",\"@id\":\"https:\/\/2liceum.eu\/#\/schema\/person\/image\/\",\"url\":\"https:\/\/secure.gravatar.com\/avatar\/3a2bee53698f47ac117505a8a054d1e47e9ee9593c4c77dc18374aa80472d80c?s=96&d=mm&r=g\",\"contentUrl\":\"https:\/\/secure.gravatar.com\/avatar\/3a2bee53698f47ac117505a8a054d1e47e9ee9593c4c77dc18374aa80472d80c?s=96&d=mm&r=g\",\"caption\":\"Adam Dragan\"},\"sameAs\":[\"http:\/\/2liceum.eu\"]}]}<\/script>\n<!-- \/ Yoast SEO plugin. -->","yoast_head_json":{"title":"Spotkanie z kuratorem s\u0105dowym! - II Liceum Og\u00f3lnokszta\u0142c\u0105ce w Lubinie","robots":{"index":"index","follow":"follow","max-snippet":"max-snippet:-1","max-image-preview":"max-image-preview:large","max-video-preview":"max-video-preview:-1"},"canonical":"https:\/\/2liceum.eu\/index.php\/2023\/10\/05\/spotkanie-z-kuratorem-sadowym\/","og_locale":"pl_PL","og_type":"article","og_title":"Spotkanie z kuratorem s\u0105dowym! - II Liceum Og\u00f3lnokszta\u0142c\u0105ce w Lubinie","og_description":"W dniu 20.09.23 r., mia\u0142o miejsce spotkanie z uczniami klas pierwszych. Wyk\u0142ad kuratora s\u0105dowego Waldemara Babarowskiego z II Zespo\u0142u Kuratorskiej S\u0142u\u017cby S\u0105dowej o Wykonywania Orzecze\u0144 w Sprawach Rodzinnych i Nieletnich S\u0105du Rejonowego w Lubinie do z demoralizacj\u0105, czyn\u00f3w karalnych oraz stosowania \u015brodk\u00f3w wychowawczych przewidzianych w Ustawie z dnia 9 czerwca 2022r. o wspieraniu i resocjalizacji [&hellip;]","og_url":"https:\/\/2liceum.eu\/index.php\/2023\/10\/05\/spotkanie-z-kuratorem-sadowym\/","og_site_name":"II Liceum Og\u00f3lnokszta\u0142c\u0105ce w Lubinie","article_publisher":"https:\/\/web.facebook.com\/IILOLubin\/","article_published_time":"2023-10-05T12:40:09+00:00","article_modified_time":"2023-10-05T12:40:14+00:00","og_image":[{"url":"https:\/\/2liceum.eu\/wp-content\/uploads\/2023\/10\/IMG_20230920_095525-scaled.jpg"}],"author":"Adam Dragan","twitter_card":"summary_large_image","twitter_misc":{"Napisane przez":"Adam Dragan","Szacowany czas czytania":"1 minuta"},"schema":{"@context":"https:\/\/schema.org","@graph":[{"@type":"Organization","@id":"https:\/\/2liceum.eu\/#organization","name":"II Liceum Og\u00f3lnokszta\u0142c\u0105ce w Lubinie","url":"https:\/\/2liceum.eu\/","sameAs":["http:\/\/2lolubin","https:\/\/www.youtube.com\/channel\/UCWjEMxRJYdfvxPhVOn-8g_g","https:\/\/web.facebook.com\/IILOLubin\/"],"logo":{"@type":"ImageObject","inLanguage":"pl-PL","@id":"https:\/\/2liceum.eu\/#\/schema\/logo\/image\/","url":"https:\/\/2liceum.eu\/wp-content\/uploads\/2018\/01\/pobrane.jpg","contentUrl":"https:\/\/2liceum.eu\/wp-content\/uploads\/2018\/01\/pobrane.jpg","width":184,"height":183,"caption":"II Liceum Og\u00f3lnokszta\u0142c\u0105ce w Lubinie"},"image":{"@id":"https:\/\/2liceum.eu\/#\/schema\/logo\/image\/"}},{"@type":"WebSite","@id":"https:\/\/2liceum.eu\/#website","url":"https:\/\/2liceum.eu\/","name":"II Liceum Og\u00f3lnokszta\u0142c\u0105ce w Lubinie","description":"Oficjalny portal II LO w Lubinie. Informacje o szkole, kadrze, zaj\u0119ciach dydaktycznych, ko\u0142ach zainteresowa\u0144, wolontariacie. Aktualno\u015bci. Galeria zdj\u0119\u0107.","publisher":{"@id":"https:\/\/2liceum.eu\/#organization"},"potentialAction":[{"@type":"SearchAction","target":{"@type":"EntryPoint","urlTemplate":"https:\/\/2liceum.eu\/?s={search_term_string}"},"query-input":"required name=search_term_string"}],"inLanguage":"pl-PL"},{"@type":"WebPage","@id":"https:\/\/2liceum.eu\/index.php\/2023\/10\/05\/spotkanie-z-kuratorem-sadowym\/","url":"https:\/\/2liceum.eu\/index.php\/2023\/10\/05\/spotkanie-z-kuratorem-sadowym\/","name":"Spotkanie z kuratorem s\u0105dowym! - II Liceum Og\u00f3lnokszta\u0142c\u0105ce w Lubinie","isPartOf":{"@id":"https:\/\/2liceum.eu\/#website"},"datePublished":"2023-10-05T12:40:09+00:00","dateModified":"2023-10-05T12:40:14+00:00","breadcrumb":{"@id":"https:\/\/2liceum.eu\/index.php\/2023\/10\/05\/spotkanie-z-kuratorem-sadowym\/#breadcrumb"},"inLanguage":"pl-PL","potentialAction":[{"@type":"ReadAction","target":["https:\/\/2liceum.eu\/index.php\/2023\/10\/05\/spotkanie-z-kuratorem-sadowym\/"]}]},{"@type":"BreadcrumbList","@id":"https:\/\/2liceum.eu\/index.php\/2023\/10\/05\/spotkanie-z-kuratorem-sadowym\/#breadcrumb","itemListElement":[{"@type":"ListItem","position":1,"name":"Strona g\u0142\u00f3wna","item":"https:\/\/2liceum.eu\/"},{"@type":"ListItem","position":2,"name":"Spotkanie z kuratorem s\u0105dowym!"}]},{"@type":"Article","@id":"https:\/\/2liceum.eu\/index.php\/2023\/10\/05\/spotkanie-z-kuratorem-sadowym\/#article","isPartOf":{"@id":"https:\/\/2liceum.eu\/index.php\/2023\/10\/05\/spotkanie-z-kuratorem-sadowym\/"},"author":{"name":"Adam Dragan","@id":"https:\/\/2liceum.eu\/#\/schema\/person\/1a52557bfdaf047be954a8b190648da5"},"headline":"Spotkanie z kuratorem s\u0105dowym!","datePublished":"2023-10-05T12:40:09+00:00","dateModified":"2023-10-05T12:40:14+00:00","mainEntityOfPage":{"@id":"https:\/\/2liceum.eu\/index.php\/2023\/10\/05\/spotkanie-z-kuratorem-sadowym\/"},"wordCount":198,"commentCount":0,"publisher":{"@id":"https:\/\/2liceum.eu\/#organization"},"articleSection":["Aktualno\u015bci"],"inLanguage":"pl-PL","potentialAction":[{"@type":"CommentAction","name":"Comment","target":["https:\/\/2liceum.eu\/index.php\/2023\/10\/05\/spotkanie-z-kuratorem-sadowym\/#respond"]}]},{"@type":"Person","@id":"https:\/\/2liceum.eu\/#\/schema\/person\/1a52557bfdaf047be954a8b190648da5","name":"Adam Dragan","image":{"@type":"ImageObject","inLanguage":"pl-PL","@id":"https:\/\/2liceum.eu\/#\/schema\/person\/image\/","url":"https:\/\/secure.gravatar.com\/avatar\/3a2bee53698f47ac117505a8a054d1e47e9ee9593c4c77dc18374aa80472d80c?s=96&d=mm&r=g","contentUrl":"https:\/\/secure.gravatar.com\/avatar\/3a2bee53698f47ac117505a8a054d1e47e9ee9593c4c77dc18374aa80472d80c?s=96&d=mm&r=g","caption":"Adam Dragan"},"sameAs":["http:\/\/2liceum.eu"]}]}},"_links":{"self":[{"href":"https:\/\/2liceum.eu\/index.php\/wp-json\/wp\/v2\/posts\/8739","targetHints":{"allow":["GET"]}}],"collection":[{"href":"https:\/\/2liceum.eu\/index.php\/wp-json\/wp\/v2\/posts"}],"about":[{"href":"https:\/\/2liceum.eu\/index.php\/wp-json\/wp\/v2\/types\/post"}],"author":[{"embeddable":true,"href":"https:\/\/2liceum.eu\/index.php\/wp-json\/wp\/v2\/users\/2"}],"replies":[{"embeddable":true,"href":"https:\/\/2liceum.eu\/index.php\/wp-json\/wp\/v2\/comments?post=8739"}],"version-history":[{"count":2,"href":"https:\/\/2liceum.eu\/index.php\/wp-json\/wp\/v2\/posts\/8739\/revisions"}],"predecessor-version":[{"id":8742,"href":"https:\/\/2liceum.eu\/index.php\/wp-json\/wp\/v2\/posts\/8739\/revisions\/8742"}],"wp:attachment":[{"href":"https:\/\/2liceum.eu\/index.php\/wp-json\/wp\/v2\/media?parent=8739"}],"wp:term":[{"taxonomy":"category","embeddable":true,"href":"https:\/\/2liceum.eu\/index.php\/wp-json\/wp\/v2\/categories?post=8739"},{"taxonomy":"post_tag","embeddable":true,"href":"https:\/\/2liceum.eu\/index.php\/wp-json\/wp\/v2\/tags?post=8739"}],"curies":[{"name":"wp","href":"https:\/\/api.w.org\/{rel}","templated":true}]}}