{"id":8819,"date":"2023-10-20T15:16:13","date_gmt":"2023-10-20T13:16:13","guid":{"rendered":"https:\/\/2liceum.eu\/?p=8819"},"modified":"2023-10-20T15:16:15","modified_gmt":"2023-10-20T13:16:15","slug":"beyond-language-zakonczenie","status":"publish","type":"post","link":"https:\/\/2liceum.eu\/index.php\/2023\/10\/20\/beyond-language-zakonczenie\/","title":{"rendered":"\u201eBeyond language&#8221; &#8211; ZAKO\u0143CZENIE!"},"content":{"rendered":"\n<div class=\"xdj266r x11i5rnm xat24cr x1mh8g0r x1vvkbs x126k92a\">\n<div dir=\"auto\" style=\"text-align: center;\"><img loading=\"lazy\" decoding=\"async\" class=\"alignnone size-full wp-image-8820\" src=\"https:\/\/2liceum.eu\/wp-content\/uploads\/2023\/10\/BEYOND.png\" alt=\"\" width=\"679\" height=\"679\" srcset=\"https:\/\/2liceum.eu\/wp-content\/uploads\/2023\/10\/BEYOND.png 679w, https:\/\/2liceum.eu\/wp-content\/uploads\/2023\/10\/BEYOND-300x300.png 300w, https:\/\/2liceum.eu\/wp-content\/uploads\/2023\/10\/BEYOND-150x150.png 150w\" sizes=\"auto, (max-width: 679px) 100vw, 679px\" \/><\/div>\n<div dir=\"auto\">&nbsp;<\/div>\n<div dir=\"auto\" style=\"text-align: justify;\"><strong>W poniedzia\u0142ek 16.10.2023r. klasa III E zako\u0144czy\u0142a seri\u0119 wyk\u0142ad\u00f3w zatytu\u0142owanych<span style=\"color: #008000;\"> \u201eBeyond language \u2014 czyli rzecz o rozwoju i dezintegracji nauki, kultury, sztuki i j\u0119zyka\u201d<\/span><\/strong><span style=\"color: #008000;\">.<\/span> Pan<strong> prof. dr hab. Piotr Chruszczewski<\/strong> podczas serii wyk\u0142ad\u00f3w przybli\u017cy\u0142 nam <strong>zagadnienia dotycz\u0105ce teorii przek\u0142adu, t\u0142umaczenia czy odbioru tekstu.<\/strong> Ju\u017c wiemy, \u017ce j\u0119zyk staje si\u0119 sztuk\u0105, kiedy ma odbiorc\u0119. Zapoznali\u015bmy si\u0119 z interesuj\u0105cymi tekstami na poziomie uniwersyteckim. Ka\u017cdy z nas ju\u017c wie, \u017ce zas\u0142uguje na wysok\u0105 kultur\u0119, kt\u00f3r\u0105 mo\u017ce dookre\u015bli\u0107. Mieli\u015bmy przyjemno\u015b\u0107 dokonywa\u0107 t\u0142umacze\u0144 mi\u0119dzyj\u0119zykowych, jak i wewn\u0105trzj\u0119zykowych, co w szkole nie jest cz\u0119sto spotykane.<\/div>\n<div dir=\"auto\">&nbsp;<\/div>\n<div dir=\"auto\" style=\"text-align: justify;\"><span style=\"color: initial;\">Spotkania mia\u0142y charakter otwartej dyskusji, przez co ka\u017cdy z humanist\u00f3w m\u00f3g\u0142 wypowiedzie\u0107 si\u0119 za pomoc\u0105 serca i duszy, a nie oczywistego oczekiwanego schematu. To dla tak m\u0142odych i kreatywnych ludzi jest bardzo wa\u017cne i rozwijaj\u0105ce.<\/span><\/div>\n<\/div>\n<div class=\"x11i5rnm xat24cr x1mh8g0r x1vvkbs xtlvy1s x126k92a\" style=\"text-align: justify;\">\n<div dir=\"auto\">&nbsp;<\/div>\n<\/div>\n<div class=\"x11i5rnm xat24cr x1mh8g0r x1vvkbs xtlvy1s x126k92a\" style=\"text-align: justify;\">\n<div dir=\"auto\">,,Wyk\u0142ady, prowadzone z niesamowit\u0105 charyzm\u0105 i pasj\u0105, pozostawi\u0142y w nas wiele refleksji. Dzi\u0119ki Panu Profesorowi ka\u017cdy z nas do\u015bwiadczy\u0142 pierwiastka \u015bwiata wielkiego humanizmu i mia\u0142 okazj\u0119 rozwin\u0105\u0107 ten \u015bwiat w sobie.\u201d ,,Niecodzienna dla nas forma zaj\u0119\u0107 pozwoli\u0142a poczu\u0107 nam si\u0119 mile wyr\u00f3\u017cnionymi. Pytania przedstawione na wyk\u0142adach zmusza\u0142y nas do g\u0142\u0119bszych refleksji oraz my\u015blenia nieszablonowo, co by\u0142o nie lada wyzwaniem, ale tak\u017ce niezwykle cennym do\u015bwiadczeniem. Zyskali\u015bmy spor\u0105 dawk\u0119 wiedzy na interesuj\u0105ce tematy, a tak\u017ce \u015bwiadomo\u015b\u0107 z\u0142o\u017cono\u015bci pewnych zagadnie\u0144\u201d &#8211; skomentowa\u0142y uczennice III E.<\/div>\n<div dir=\"auto\">&nbsp;<\/div>\n<\/div>\n<div class=\"x11i5rnm xat24cr x1mh8g0r x1vvkbs xtlvy1s x126k92a\">\n<div dir=\"auto\" style=\"text-align: justify;\"><strong>Zaj\u0119cia z profesorem Chruszczewskim by\u0142y dla nas niezwykle inspiruj\u0105cym do\u015bwiadczeniem.<\/strong> Dzi\u0119kujemy za po\u015bwi\u0119cony nam czas i mo\u017cliwo\u015b\u0107 zorganizowania wyk\u0142ad\u00f3w. <strong>Dzi\u0119kujemy r\u00f3wnie\u017c Dyrekcji, Pani Joannie Zimnej oraz Pani Ewelinie Majerczak<\/strong> za umo\u017cliwienie nam takiej formy nauki.<\/div>\n<\/div>\n","protected":false},"excerpt":{"rendered":"<p>&nbsp; W poniedzia\u0142ek 16.10.2023r. klasa III E zako\u0144czy\u0142a seri\u0119 wyk\u0142ad\u00f3w zatytu\u0142owanych \u201eBeyond language \u2014 czyli rzecz o rozwoju i dezintegracji nauki, kultury, sztuki i j\u0119zyka\u201d. Pan prof. dr hab. Piotr Chruszczewski podczas serii wyk\u0142ad\u00f3w przybli\u017cy\u0142 nam zagadnienia dotycz\u0105ce teorii przek\u0142adu, t\u0142umaczenia czy odbioru tekstu. Ju\u017c wiemy, \u017ce j\u0119zyk staje si\u0119 sztuk\u0105, kiedy ma odbiorc\u0119. Zapoznali\u015bmy [&hellip;]<\/p>\n","protected":false},"author":2,"featured_media":0,"comment_status":"open","ping_status":"open","sticky":false,"template":"","format":"standard","meta":{"ngg_post_thumbnail":0,"footnotes":""},"categories":[1],"tags":[],"class_list":["post-8819","post","type-post","status-publish","format-standard","hentry","category-aktualnosci"],"yoast_head":"<!-- This site is optimized with the Yoast SEO plugin v19.4 - https:\/\/yoast.com\/wordpress\/plugins\/seo\/ -->\n<title>\u201eBeyond language&quot; - ZAKO\u0143CZENIE! - II Liceum Og\u00f3lnokszta\u0142c\u0105ce w Lubinie<\/title>\n<meta name=\"robots\" content=\"index, follow, max-snippet:-1, max-image-preview:large, max-video-preview:-1\" \/>\n<link rel=\"canonical\" href=\"https:\/\/2liceum.eu\/index.php\/2023\/10\/20\/beyond-language-zakonczenie\/\" \/>\n<meta property=\"og:locale\" content=\"pl_PL\" \/>\n<meta property=\"og:type\" content=\"article\" \/>\n<meta property=\"og:title\" content=\"\u201eBeyond language&quot; - ZAKO\u0143CZENIE! - II Liceum Og\u00f3lnokszta\u0142c\u0105ce w Lubinie\" \/>\n<meta property=\"og:description\" content=\"&nbsp; W poniedzia\u0142ek 16.10.2023r. klasa III E zako\u0144czy\u0142a seri\u0119 wyk\u0142ad\u00f3w zatytu\u0142owanych \u201eBeyond language \u2014 czyli rzecz o rozwoju i dezintegracji nauki, kultury, sztuki i j\u0119zyka\u201d. Pan prof. dr hab. Piotr Chruszczewski podczas serii wyk\u0142ad\u00f3w przybli\u017cy\u0142 nam zagadnienia dotycz\u0105ce teorii przek\u0142adu, t\u0142umaczenia czy odbioru tekstu. Ju\u017c wiemy, \u017ce j\u0119zyk staje si\u0119 sztuk\u0105, kiedy ma odbiorc\u0119. Zapoznali\u015bmy [&hellip;]\" \/>\n<meta property=\"og:url\" content=\"https:\/\/2liceum.eu\/index.php\/2023\/10\/20\/beyond-language-zakonczenie\/\" \/>\n<meta property=\"og:site_name\" content=\"II Liceum Og\u00f3lnokszta\u0142c\u0105ce w Lubinie\" \/>\n<meta property=\"article:publisher\" content=\"https:\/\/web.facebook.com\/IILOLubin\/\" \/>\n<meta property=\"article:published_time\" content=\"2023-10-20T13:16:13+00:00\" \/>\n<meta property=\"article:modified_time\" content=\"2023-10-20T13:16:15+00:00\" \/>\n<meta property=\"og:image\" content=\"https:\/\/2liceum.eu\/wp-content\/uploads\/2023\/10\/BEYOND.png\" \/>\n<meta name=\"author\" content=\"Adam Dragan\" \/>\n<meta name=\"twitter:card\" content=\"summary_large_image\" \/>\n<meta name=\"twitter:label1\" content=\"Napisane przez\" \/>\n\t<meta name=\"twitter:data1\" content=\"Adam Dragan\" \/>\n\t<meta name=\"twitter:label2\" content=\"Szacowany czas czytania\" \/>\n\t<meta name=\"twitter:data2\" content=\"2 minuty\" \/>\n<script type=\"application\/ld+json\" class=\"yoast-schema-graph\">{\"@context\":\"https:\/\/schema.org\",\"@graph\":[{\"@type\":\"Organization\",\"@id\":\"https:\/\/2liceum.eu\/#organization\",\"name\":\"II Liceum Og\u00f3lnokszta\u0142c\u0105ce w Lubinie\",\"url\":\"https:\/\/2liceum.eu\/\",\"sameAs\":[\"http:\/\/2lolubin\",\"https:\/\/www.youtube.com\/channel\/UCWjEMxRJYdfvxPhVOn-8g_g\",\"https:\/\/web.facebook.com\/IILOLubin\/\"],\"logo\":{\"@type\":\"ImageObject\",\"inLanguage\":\"pl-PL\",\"@id\":\"https:\/\/2liceum.eu\/#\/schema\/logo\/image\/\",\"url\":\"https:\/\/2liceum.eu\/wp-content\/uploads\/2018\/01\/pobrane.jpg\",\"contentUrl\":\"https:\/\/2liceum.eu\/wp-content\/uploads\/2018\/01\/pobrane.jpg\",\"width\":184,\"height\":183,\"caption\":\"II Liceum Og\u00f3lnokszta\u0142c\u0105ce w Lubinie\"},\"image\":{\"@id\":\"https:\/\/2liceum.eu\/#\/schema\/logo\/image\/\"}},{\"@type\":\"WebSite\",\"@id\":\"https:\/\/2liceum.eu\/#website\",\"url\":\"https:\/\/2liceum.eu\/\",\"name\":\"II Liceum Og\u00f3lnokszta\u0142c\u0105ce w Lubinie\",\"description\":\"Oficjalny portal II LO w Lubinie. Informacje o szkole, kadrze, zaj\u0119ciach dydaktycznych, ko\u0142ach zainteresowa\u0144, wolontariacie. Aktualno\u015bci. Galeria zdj\u0119\u0107.\",\"publisher\":{\"@id\":\"https:\/\/2liceum.eu\/#organization\"},\"potentialAction\":[{\"@type\":\"SearchAction\",\"target\":{\"@type\":\"EntryPoint\",\"urlTemplate\":\"https:\/\/2liceum.eu\/?s={search_term_string}\"},\"query-input\":\"required name=search_term_string\"}],\"inLanguage\":\"pl-PL\"},{\"@type\":\"WebPage\",\"@id\":\"https:\/\/2liceum.eu\/index.php\/2023\/10\/20\/beyond-language-zakonczenie\/\",\"url\":\"https:\/\/2liceum.eu\/index.php\/2023\/10\/20\/beyond-language-zakonczenie\/\",\"name\":\"\u201eBeyond language\\\" - ZAKO\u0143CZENIE! - II Liceum Og\u00f3lnokszta\u0142c\u0105ce w Lubinie\",\"isPartOf\":{\"@id\":\"https:\/\/2liceum.eu\/#website\"},\"datePublished\":\"2023-10-20T13:16:13+00:00\",\"dateModified\":\"2023-10-20T13:16:15+00:00\",\"breadcrumb\":{\"@id\":\"https:\/\/2liceum.eu\/index.php\/2023\/10\/20\/beyond-language-zakonczenie\/#breadcrumb\"},\"inLanguage\":\"pl-PL\",\"potentialAction\":[{\"@type\":\"ReadAction\",\"target\":[\"https:\/\/2liceum.eu\/index.php\/2023\/10\/20\/beyond-language-zakonczenie\/\"]}]},{\"@type\":\"BreadcrumbList\",\"@id\":\"https:\/\/2liceum.eu\/index.php\/2023\/10\/20\/beyond-language-zakonczenie\/#breadcrumb\",\"itemListElement\":[{\"@type\":\"ListItem\",\"position\":1,\"name\":\"Strona g\u0142\u00f3wna\",\"item\":\"https:\/\/2liceum.eu\/\"},{\"@type\":\"ListItem\",\"position\":2,\"name\":\"\u201eBeyond language&#8221; &#8211; ZAKO\u0143CZENIE!\"}]},{\"@type\":\"Article\",\"@id\":\"https:\/\/2liceum.eu\/index.php\/2023\/10\/20\/beyond-language-zakonczenie\/#article\",\"isPartOf\":{\"@id\":\"https:\/\/2liceum.eu\/index.php\/2023\/10\/20\/beyond-language-zakonczenie\/\"},\"author\":{\"name\":\"Adam Dragan\",\"@id\":\"https:\/\/2liceum.eu\/#\/schema\/person\/1a52557bfdaf047be954a8b190648da5\"},\"headline\":\"\u201eBeyond language&#8221; &#8211; ZAKO\u0143CZENIE!\",\"datePublished\":\"2023-10-20T13:16:13+00:00\",\"dateModified\":\"2023-10-20T13:16:15+00:00\",\"mainEntityOfPage\":{\"@id\":\"https:\/\/2liceum.eu\/index.php\/2023\/10\/20\/beyond-language-zakonczenie\/\"},\"wordCount\":318,\"commentCount\":0,\"publisher\":{\"@id\":\"https:\/\/2liceum.eu\/#organization\"},\"articleSection\":[\"Aktualno\u015bci\"],\"inLanguage\":\"pl-PL\",\"potentialAction\":[{\"@type\":\"CommentAction\",\"name\":\"Comment\",\"target\":[\"https:\/\/2liceum.eu\/index.php\/2023\/10\/20\/beyond-language-zakonczenie\/#respond\"]}]},{\"@type\":\"Person\",\"@id\":\"https:\/\/2liceum.eu\/#\/schema\/person\/1a52557bfdaf047be954a8b190648da5\",\"name\":\"Adam Dragan\",\"image\":{\"@type\":\"ImageObject\",\"inLanguage\":\"pl-PL\",\"@id\":\"https:\/\/2liceum.eu\/#\/schema\/person\/image\/\",\"url\":\"https:\/\/secure.gravatar.com\/avatar\/3a2bee53698f47ac117505a8a054d1e47e9ee9593c4c77dc18374aa80472d80c?s=96&d=mm&r=g\",\"contentUrl\":\"https:\/\/secure.gravatar.com\/avatar\/3a2bee53698f47ac117505a8a054d1e47e9ee9593c4c77dc18374aa80472d80c?s=96&d=mm&r=g\",\"caption\":\"Adam Dragan\"},\"sameAs\":[\"http:\/\/2liceum.eu\"]}]}<\/script>\n<!-- \/ Yoast SEO plugin. -->","yoast_head_json":{"title":"\u201eBeyond language\" - ZAKO\u0143CZENIE! - II Liceum Og\u00f3lnokszta\u0142c\u0105ce w Lubinie","robots":{"index":"index","follow":"follow","max-snippet":"max-snippet:-1","max-image-preview":"max-image-preview:large","max-video-preview":"max-video-preview:-1"},"canonical":"https:\/\/2liceum.eu\/index.php\/2023\/10\/20\/beyond-language-zakonczenie\/","og_locale":"pl_PL","og_type":"article","og_title":"\u201eBeyond language\" - ZAKO\u0143CZENIE! - II Liceum Og\u00f3lnokszta\u0142c\u0105ce w Lubinie","og_description":"&nbsp; W poniedzia\u0142ek 16.10.2023r. klasa III E zako\u0144czy\u0142a seri\u0119 wyk\u0142ad\u00f3w zatytu\u0142owanych \u201eBeyond language \u2014 czyli rzecz o rozwoju i dezintegracji nauki, kultury, sztuki i j\u0119zyka\u201d. Pan prof. dr hab. Piotr Chruszczewski podczas serii wyk\u0142ad\u00f3w przybli\u017cy\u0142 nam zagadnienia dotycz\u0105ce teorii przek\u0142adu, t\u0142umaczenia czy odbioru tekstu. Ju\u017c wiemy, \u017ce j\u0119zyk staje si\u0119 sztuk\u0105, kiedy ma odbiorc\u0119. Zapoznali\u015bmy [&hellip;]","og_url":"https:\/\/2liceum.eu\/index.php\/2023\/10\/20\/beyond-language-zakonczenie\/","og_site_name":"II Liceum Og\u00f3lnokszta\u0142c\u0105ce w Lubinie","article_publisher":"https:\/\/web.facebook.com\/IILOLubin\/","article_published_time":"2023-10-20T13:16:13+00:00","article_modified_time":"2023-10-20T13:16:15+00:00","og_image":[{"url":"https:\/\/2liceum.eu\/wp-content\/uploads\/2023\/10\/BEYOND.png"}],"author":"Adam Dragan","twitter_card":"summary_large_image","twitter_misc":{"Napisane przez":"Adam Dragan","Szacowany czas czytania":"2 minuty"},"schema":{"@context":"https:\/\/schema.org","@graph":[{"@type":"Organization","@id":"https:\/\/2liceum.eu\/#organization","name":"II Liceum Og\u00f3lnokszta\u0142c\u0105ce w Lubinie","url":"https:\/\/2liceum.eu\/","sameAs":["http:\/\/2lolubin","https:\/\/www.youtube.com\/channel\/UCWjEMxRJYdfvxPhVOn-8g_g","https:\/\/web.facebook.com\/IILOLubin\/"],"logo":{"@type":"ImageObject","inLanguage":"pl-PL","@id":"https:\/\/2liceum.eu\/#\/schema\/logo\/image\/","url":"https:\/\/2liceum.eu\/wp-content\/uploads\/2018\/01\/pobrane.jpg","contentUrl":"https:\/\/2liceum.eu\/wp-content\/uploads\/2018\/01\/pobrane.jpg","width":184,"height":183,"caption":"II Liceum Og\u00f3lnokszta\u0142c\u0105ce w Lubinie"},"image":{"@id":"https:\/\/2liceum.eu\/#\/schema\/logo\/image\/"}},{"@type":"WebSite","@id":"https:\/\/2liceum.eu\/#website","url":"https:\/\/2liceum.eu\/","name":"II Liceum Og\u00f3lnokszta\u0142c\u0105ce w Lubinie","description":"Oficjalny portal II LO w Lubinie. Informacje o szkole, kadrze, zaj\u0119ciach dydaktycznych, ko\u0142ach zainteresowa\u0144, wolontariacie. Aktualno\u015bci. Galeria zdj\u0119\u0107.","publisher":{"@id":"https:\/\/2liceum.eu\/#organization"},"potentialAction":[{"@type":"SearchAction","target":{"@type":"EntryPoint","urlTemplate":"https:\/\/2liceum.eu\/?s={search_term_string}"},"query-input":"required name=search_term_string"}],"inLanguage":"pl-PL"},{"@type":"WebPage","@id":"https:\/\/2liceum.eu\/index.php\/2023\/10\/20\/beyond-language-zakonczenie\/","url":"https:\/\/2liceum.eu\/index.php\/2023\/10\/20\/beyond-language-zakonczenie\/","name":"\u201eBeyond language\" - ZAKO\u0143CZENIE! - II Liceum Og\u00f3lnokszta\u0142c\u0105ce w Lubinie","isPartOf":{"@id":"https:\/\/2liceum.eu\/#website"},"datePublished":"2023-10-20T13:16:13+00:00","dateModified":"2023-10-20T13:16:15+00:00","breadcrumb":{"@id":"https:\/\/2liceum.eu\/index.php\/2023\/10\/20\/beyond-language-zakonczenie\/#breadcrumb"},"inLanguage":"pl-PL","potentialAction":[{"@type":"ReadAction","target":["https:\/\/2liceum.eu\/index.php\/2023\/10\/20\/beyond-language-zakonczenie\/"]}]},{"@type":"BreadcrumbList","@id":"https:\/\/2liceum.eu\/index.php\/2023\/10\/20\/beyond-language-zakonczenie\/#breadcrumb","itemListElement":[{"@type":"ListItem","position":1,"name":"Strona g\u0142\u00f3wna","item":"https:\/\/2liceum.eu\/"},{"@type":"ListItem","position":2,"name":"\u201eBeyond language&#8221; &#8211; ZAKO\u0143CZENIE!"}]},{"@type":"Article","@id":"https:\/\/2liceum.eu\/index.php\/2023\/10\/20\/beyond-language-zakonczenie\/#article","isPartOf":{"@id":"https:\/\/2liceum.eu\/index.php\/2023\/10\/20\/beyond-language-zakonczenie\/"},"author":{"name":"Adam Dragan","@id":"https:\/\/2liceum.eu\/#\/schema\/person\/1a52557bfdaf047be954a8b190648da5"},"headline":"\u201eBeyond language&#8221; &#8211; ZAKO\u0143CZENIE!","datePublished":"2023-10-20T13:16:13+00:00","dateModified":"2023-10-20T13:16:15+00:00","mainEntityOfPage":{"@id":"https:\/\/2liceum.eu\/index.php\/2023\/10\/20\/beyond-language-zakonczenie\/"},"wordCount":318,"commentCount":0,"publisher":{"@id":"https:\/\/2liceum.eu\/#organization"},"articleSection":["Aktualno\u015bci"],"inLanguage":"pl-PL","potentialAction":[{"@type":"CommentAction","name":"Comment","target":["https:\/\/2liceum.eu\/index.php\/2023\/10\/20\/beyond-language-zakonczenie\/#respond"]}]},{"@type":"Person","@id":"https:\/\/2liceum.eu\/#\/schema\/person\/1a52557bfdaf047be954a8b190648da5","name":"Adam Dragan","image":{"@type":"ImageObject","inLanguage":"pl-PL","@id":"https:\/\/2liceum.eu\/#\/schema\/person\/image\/","url":"https:\/\/secure.gravatar.com\/avatar\/3a2bee53698f47ac117505a8a054d1e47e9ee9593c4c77dc18374aa80472d80c?s=96&d=mm&r=g","contentUrl":"https:\/\/secure.gravatar.com\/avatar\/3a2bee53698f47ac117505a8a054d1e47e9ee9593c4c77dc18374aa80472d80c?s=96&d=mm&r=g","caption":"Adam Dragan"},"sameAs":["http:\/\/2liceum.eu"]}]}},"_links":{"self":[{"href":"https:\/\/2liceum.eu\/index.php\/wp-json\/wp\/v2\/posts\/8819","targetHints":{"allow":["GET"]}}],"collection":[{"href":"https:\/\/2liceum.eu\/index.php\/wp-json\/wp\/v2\/posts"}],"about":[{"href":"https:\/\/2liceum.eu\/index.php\/wp-json\/wp\/v2\/types\/post"}],"author":[{"embeddable":true,"href":"https:\/\/2liceum.eu\/index.php\/wp-json\/wp\/v2\/users\/2"}],"replies":[{"embeddable":true,"href":"https:\/\/2liceum.eu\/index.php\/wp-json\/wp\/v2\/comments?post=8819"}],"version-history":[{"count":1,"href":"https:\/\/2liceum.eu\/index.php\/wp-json\/wp\/v2\/posts\/8819\/revisions"}],"predecessor-version":[{"id":8821,"href":"https:\/\/2liceum.eu\/index.php\/wp-json\/wp\/v2\/posts\/8819\/revisions\/8821"}],"wp:attachment":[{"href":"https:\/\/2liceum.eu\/index.php\/wp-json\/wp\/v2\/media?parent=8819"}],"wp:term":[{"taxonomy":"category","embeddable":true,"href":"https:\/\/2liceum.eu\/index.php\/wp-json\/wp\/v2\/categories?post=8819"},{"taxonomy":"post_tag","embeddable":true,"href":"https:\/\/2liceum.eu\/index.php\/wp-json\/wp\/v2\/tags?post=8819"}],"curies":[{"name":"wp","href":"https:\/\/api.w.org\/{rel}","templated":true}]}}