{"id":8845,"date":"2023-10-31T11:27:37","date_gmt":"2023-10-31T10:27:37","guid":{"rendered":"https:\/\/2liceum.eu\/?p=8845"},"modified":"2023-10-31T11:27:54","modified_gmt":"2023-10-31T10:27:54","slug":"jesienny-koncert-pod-gwiazdami","status":"publish","type":"post","link":"https:\/\/2liceum.eu\/index.php\/2023\/10\/31\/jesienny-koncert-pod-gwiazdami\/","title":{"rendered":",,Jesienny koncert pod gwiazdami\u201d!"},"content":{"rendered":"\n<p style=\"text-align: justify;\"><img loading=\"lazy\" decoding=\"async\" class=\"alignleft \" src=\"https:\/\/2liceum.eu\/wp-content\/uploads\/sites\/1\/nggallery\/koncert-jesienny\/thumbs\/thumbs_01.jpg\" width=\"156\" height=\"104\">Wczoraj, 30.10.2023 w naszej szkole odby\u0142 si\u0119 <strong>,,Jesienny koncert pod gwiazdami\u201d.<\/strong> Wyst\u0105pili instrumentali\u015bci i soli\u015bci, kt\u00f3rzy stworzyli wyj\u0105tkow\u0105 atmosfer\u0119 i wprowadzili nas w nastr\u00f3j pe\u0142en relaksu. Mogli\u015bmy us\u0142ysze\u0107 <strong>Paulin\u0119 Techma\u0144sk\u0105, Ma\u0142gorzat\u0119 Marciniak, Patrycj\u0119 B\u0142aszkiewicz, Ani\u0119 Kani\u0119, Juli\u0119 Oborsk\u0105 i Oliwiera Hatk\u0119.<\/strong> Koncert poprowadzi\u0142 <strong>Mateusz Kami\u0144ski<\/strong>, a o jako\u015b\u0107 techniczn\u0105 koncertu zadbali <strong>Sebastian Siewert i Krzysztof Wo\u0142oszyn<\/strong>. Dekoracje wykona\u0142y <strong>Martyna Wojna\u0142owicz, Zuzanna Perucka i Julia Sto\u017cek.<\/strong> Cieszymy si\u0119 r\u00f3wnie\u017c, \u017ce publiczno\u015b\u0107 mog\u0142a by\u0107 cz\u0119\u015bci\u0105 koncertu i uczestniczy\u0107 w gwie\u017adzistym karaoke.<\/p>\n<p style=\"text-align: center;\">&nbsp;<\/p>\n\n\n<div class=\"wp-block-image\">\n<figure class=\"aligncenter size-full\"><a href=\"https:\/\/2liceum.eu\/index.php\/rok-szkolny-2023-2024\/nggallery\/rok-szkolny-2023-2024\/koncert-jesienny\"><img loading=\"lazy\" decoding=\"async\" width=\"119\" height=\"26\" src=\"https:\/\/2liceum.eu\/wp-content\/uploads\/2019\/12\/galeria.jpg\" alt=\"\" class=\"wp-image-4616\"\/><\/a><\/figure>\n<\/div>","protected":false},"excerpt":{"rendered":"<p>Wczoraj, 30.10.2023 w naszej szkole odby\u0142 si\u0119 ,,Jesienny koncert pod gwiazdami\u201d. Wyst\u0105pili instrumentali\u015bci i soli\u015bci, kt\u00f3rzy stworzyli wyj\u0105tkow\u0105 atmosfer\u0119 i wprowadzili nas w nastr\u00f3j pe\u0142en relaksu. Mogli\u015bmy us\u0142ysze\u0107 Paulin\u0119 Techma\u0144sk\u0105, Ma\u0142gorzat\u0119 Marciniak, Patrycj\u0119 B\u0142aszkiewicz, Ani\u0119 Kani\u0119, Juli\u0119 Oborsk\u0105 i Oliwiera Hatk\u0119. Koncert poprowadzi\u0142 Mateusz Kami\u0144ski, a o jako\u015b\u0107 techniczn\u0105 koncertu zadbali Sebastian Siewert i Krzysztof [&hellip;]<\/p>\n","protected":false},"author":2,"featured_media":0,"comment_status":"open","ping_status":"open","sticky":false,"template":"","format":"standard","meta":{"ngg_post_thumbnail":0,"footnotes":""},"categories":[1],"tags":[],"class_list":["post-8845","post","type-post","status-publish","format-standard","hentry","category-aktualnosci"],"yoast_head":"<!-- This site is optimized with the Yoast SEO plugin v19.4 - https:\/\/yoast.com\/wordpress\/plugins\/seo\/ -->\n<title>,,Jesienny koncert pod gwiazdami\u201d! - II Liceum Og\u00f3lnokszta\u0142c\u0105ce w Lubinie<\/title>\n<meta name=\"robots\" content=\"index, follow, max-snippet:-1, max-image-preview:large, max-video-preview:-1\" \/>\n<link rel=\"canonical\" href=\"https:\/\/2liceum.eu\/index.php\/2023\/10\/31\/jesienny-koncert-pod-gwiazdami\/\" \/>\n<meta property=\"og:locale\" content=\"pl_PL\" \/>\n<meta property=\"og:type\" content=\"article\" \/>\n<meta property=\"og:title\" content=\",,Jesienny koncert pod gwiazdami\u201d! - II Liceum Og\u00f3lnokszta\u0142c\u0105ce w Lubinie\" \/>\n<meta property=\"og:description\" content=\"Wczoraj, 30.10.2023 w naszej szkole odby\u0142 si\u0119 ,,Jesienny koncert pod gwiazdami\u201d. Wyst\u0105pili instrumentali\u015bci i soli\u015bci, kt\u00f3rzy stworzyli wyj\u0105tkow\u0105 atmosfer\u0119 i wprowadzili nas w nastr\u00f3j pe\u0142en relaksu. Mogli\u015bmy us\u0142ysze\u0107 Paulin\u0119 Techma\u0144sk\u0105, Ma\u0142gorzat\u0119 Marciniak, Patrycj\u0119 B\u0142aszkiewicz, Ani\u0119 Kani\u0119, Juli\u0119 Oborsk\u0105 i Oliwiera Hatk\u0119. Koncert poprowadzi\u0142 Mateusz Kami\u0144ski, a o jako\u015b\u0107 techniczn\u0105 koncertu zadbali Sebastian Siewert i Krzysztof [&hellip;]\" \/>\n<meta property=\"og:url\" content=\"https:\/\/2liceum.eu\/index.php\/2023\/10\/31\/jesienny-koncert-pod-gwiazdami\/\" \/>\n<meta property=\"og:site_name\" content=\"II Liceum Og\u00f3lnokszta\u0142c\u0105ce w Lubinie\" \/>\n<meta property=\"article:publisher\" content=\"https:\/\/web.facebook.com\/IILOLubin\/\" \/>\n<meta property=\"article:published_time\" content=\"2023-10-31T10:27:37+00:00\" \/>\n<meta property=\"article:modified_time\" content=\"2023-10-31T10:27:54+00:00\" \/>\n<meta property=\"og:image\" content=\"https:\/\/2liceum.eu\/wp-content\/uploads\/sites\/1\/nggallery\/koncert-jesienny\/thumbs\/thumbs_01.jpg\" \/>\n<meta name=\"author\" content=\"Adam Dragan\" \/>\n<meta name=\"twitter:card\" content=\"summary_large_image\" \/>\n<meta name=\"twitter:label1\" content=\"Napisane przez\" \/>\n\t<meta name=\"twitter:data1\" content=\"Adam Dragan\" \/>\n\t<meta name=\"twitter:label2\" content=\"Szacowany czas czytania\" \/>\n\t<meta name=\"twitter:data2\" content=\"1 minuta\" \/>\n<script type=\"application\/ld+json\" class=\"yoast-schema-graph\">{\"@context\":\"https:\/\/schema.org\",\"@graph\":[{\"@type\":\"Organization\",\"@id\":\"https:\/\/2liceum.eu\/#organization\",\"name\":\"II Liceum Og\u00f3lnokszta\u0142c\u0105ce w Lubinie\",\"url\":\"https:\/\/2liceum.eu\/\",\"sameAs\":[\"http:\/\/2lolubin\",\"https:\/\/www.youtube.com\/channel\/UCWjEMxRJYdfvxPhVOn-8g_g\",\"https:\/\/web.facebook.com\/IILOLubin\/\"],\"logo\":{\"@type\":\"ImageObject\",\"inLanguage\":\"pl-PL\",\"@id\":\"https:\/\/2liceum.eu\/#\/schema\/logo\/image\/\",\"url\":\"https:\/\/2liceum.eu\/wp-content\/uploads\/2018\/01\/pobrane.jpg\",\"contentUrl\":\"https:\/\/2liceum.eu\/wp-content\/uploads\/2018\/01\/pobrane.jpg\",\"width\":184,\"height\":183,\"caption\":\"II Liceum Og\u00f3lnokszta\u0142c\u0105ce w Lubinie\"},\"image\":{\"@id\":\"https:\/\/2liceum.eu\/#\/schema\/logo\/image\/\"}},{\"@type\":\"WebSite\",\"@id\":\"https:\/\/2liceum.eu\/#website\",\"url\":\"https:\/\/2liceum.eu\/\",\"name\":\"II Liceum Og\u00f3lnokszta\u0142c\u0105ce w Lubinie\",\"description\":\"Oficjalny portal II LO w Lubinie. Informacje o szkole, kadrze, zaj\u0119ciach dydaktycznych, ko\u0142ach zainteresowa\u0144, wolontariacie. Aktualno\u015bci. Galeria zdj\u0119\u0107.\",\"publisher\":{\"@id\":\"https:\/\/2liceum.eu\/#organization\"},\"potentialAction\":[{\"@type\":\"SearchAction\",\"target\":{\"@type\":\"EntryPoint\",\"urlTemplate\":\"https:\/\/2liceum.eu\/?s={search_term_string}\"},\"query-input\":\"required name=search_term_string\"}],\"inLanguage\":\"pl-PL\"},{\"@type\":\"WebPage\",\"@id\":\"https:\/\/2liceum.eu\/index.php\/2023\/10\/31\/jesienny-koncert-pod-gwiazdami\/\",\"url\":\"https:\/\/2liceum.eu\/index.php\/2023\/10\/31\/jesienny-koncert-pod-gwiazdami\/\",\"name\":\",,Jesienny koncert pod gwiazdami\u201d! - II Liceum Og\u00f3lnokszta\u0142c\u0105ce w Lubinie\",\"isPartOf\":{\"@id\":\"https:\/\/2liceum.eu\/#website\"},\"datePublished\":\"2023-10-31T10:27:37+00:00\",\"dateModified\":\"2023-10-31T10:27:54+00:00\",\"breadcrumb\":{\"@id\":\"https:\/\/2liceum.eu\/index.php\/2023\/10\/31\/jesienny-koncert-pod-gwiazdami\/#breadcrumb\"},\"inLanguage\":\"pl-PL\",\"potentialAction\":[{\"@type\":\"ReadAction\",\"target\":[\"https:\/\/2liceum.eu\/index.php\/2023\/10\/31\/jesienny-koncert-pod-gwiazdami\/\"]}]},{\"@type\":\"BreadcrumbList\",\"@id\":\"https:\/\/2liceum.eu\/index.php\/2023\/10\/31\/jesienny-koncert-pod-gwiazdami\/#breadcrumb\",\"itemListElement\":[{\"@type\":\"ListItem\",\"position\":1,\"name\":\"Strona g\u0142\u00f3wna\",\"item\":\"https:\/\/2liceum.eu\/\"},{\"@type\":\"ListItem\",\"position\":2,\"name\":\",,Jesienny koncert pod gwiazdami\u201d!\"}]},{\"@type\":\"Article\",\"@id\":\"https:\/\/2liceum.eu\/index.php\/2023\/10\/31\/jesienny-koncert-pod-gwiazdami\/#article\",\"isPartOf\":{\"@id\":\"https:\/\/2liceum.eu\/index.php\/2023\/10\/31\/jesienny-koncert-pod-gwiazdami\/\"},\"author\":{\"name\":\"Adam Dragan\",\"@id\":\"https:\/\/2liceum.eu\/#\/schema\/person\/1a52557bfdaf047be954a8b190648da5\"},\"headline\":\",,Jesienny koncert pod gwiazdami\u201d!\",\"datePublished\":\"2023-10-31T10:27:37+00:00\",\"dateModified\":\"2023-10-31T10:27:54+00:00\",\"mainEntityOfPage\":{\"@id\":\"https:\/\/2liceum.eu\/index.php\/2023\/10\/31\/jesienny-koncert-pod-gwiazdami\/\"},\"wordCount\":104,\"commentCount\":0,\"publisher\":{\"@id\":\"https:\/\/2liceum.eu\/#organization\"},\"articleSection\":[\"Aktualno\u015bci\"],\"inLanguage\":\"pl-PL\",\"potentialAction\":[{\"@type\":\"CommentAction\",\"name\":\"Comment\",\"target\":[\"https:\/\/2liceum.eu\/index.php\/2023\/10\/31\/jesienny-koncert-pod-gwiazdami\/#respond\"]}]},{\"@type\":\"Person\",\"@id\":\"https:\/\/2liceum.eu\/#\/schema\/person\/1a52557bfdaf047be954a8b190648da5\",\"name\":\"Adam Dragan\",\"image\":{\"@type\":\"ImageObject\",\"inLanguage\":\"pl-PL\",\"@id\":\"https:\/\/2liceum.eu\/#\/schema\/person\/image\/\",\"url\":\"https:\/\/secure.gravatar.com\/avatar\/3a2bee53698f47ac117505a8a054d1e47e9ee9593c4c77dc18374aa80472d80c?s=96&d=mm&r=g\",\"contentUrl\":\"https:\/\/secure.gravatar.com\/avatar\/3a2bee53698f47ac117505a8a054d1e47e9ee9593c4c77dc18374aa80472d80c?s=96&d=mm&r=g\",\"caption\":\"Adam Dragan\"},\"sameAs\":[\"http:\/\/2liceum.eu\"]}]}<\/script>\n<!-- \/ Yoast SEO plugin. -->","yoast_head_json":{"title":",,Jesienny koncert pod gwiazdami\u201d! - II Liceum Og\u00f3lnokszta\u0142c\u0105ce w Lubinie","robots":{"index":"index","follow":"follow","max-snippet":"max-snippet:-1","max-image-preview":"max-image-preview:large","max-video-preview":"max-video-preview:-1"},"canonical":"https:\/\/2liceum.eu\/index.php\/2023\/10\/31\/jesienny-koncert-pod-gwiazdami\/","og_locale":"pl_PL","og_type":"article","og_title":",,Jesienny koncert pod gwiazdami\u201d! - II Liceum Og\u00f3lnokszta\u0142c\u0105ce w Lubinie","og_description":"Wczoraj, 30.10.2023 w naszej szkole odby\u0142 si\u0119 ,,Jesienny koncert pod gwiazdami\u201d. Wyst\u0105pili instrumentali\u015bci i soli\u015bci, kt\u00f3rzy stworzyli wyj\u0105tkow\u0105 atmosfer\u0119 i wprowadzili nas w nastr\u00f3j pe\u0142en relaksu. Mogli\u015bmy us\u0142ysze\u0107 Paulin\u0119 Techma\u0144sk\u0105, Ma\u0142gorzat\u0119 Marciniak, Patrycj\u0119 B\u0142aszkiewicz, Ani\u0119 Kani\u0119, Juli\u0119 Oborsk\u0105 i Oliwiera Hatk\u0119. Koncert poprowadzi\u0142 Mateusz Kami\u0144ski, a o jako\u015b\u0107 techniczn\u0105 koncertu zadbali Sebastian Siewert i Krzysztof [&hellip;]","og_url":"https:\/\/2liceum.eu\/index.php\/2023\/10\/31\/jesienny-koncert-pod-gwiazdami\/","og_site_name":"II Liceum Og\u00f3lnokszta\u0142c\u0105ce w Lubinie","article_publisher":"https:\/\/web.facebook.com\/IILOLubin\/","article_published_time":"2023-10-31T10:27:37+00:00","article_modified_time":"2023-10-31T10:27:54+00:00","og_image":[{"url":"https:\/\/2liceum.eu\/wp-content\/uploads\/sites\/1\/nggallery\/koncert-jesienny\/thumbs\/thumbs_01.jpg"}],"author":"Adam Dragan","twitter_card":"summary_large_image","twitter_misc":{"Napisane przez":"Adam Dragan","Szacowany czas czytania":"1 minuta"},"schema":{"@context":"https:\/\/schema.org","@graph":[{"@type":"Organization","@id":"https:\/\/2liceum.eu\/#organization","name":"II Liceum Og\u00f3lnokszta\u0142c\u0105ce w Lubinie","url":"https:\/\/2liceum.eu\/","sameAs":["http:\/\/2lolubin","https:\/\/www.youtube.com\/channel\/UCWjEMxRJYdfvxPhVOn-8g_g","https:\/\/web.facebook.com\/IILOLubin\/"],"logo":{"@type":"ImageObject","inLanguage":"pl-PL","@id":"https:\/\/2liceum.eu\/#\/schema\/logo\/image\/","url":"https:\/\/2liceum.eu\/wp-content\/uploads\/2018\/01\/pobrane.jpg","contentUrl":"https:\/\/2liceum.eu\/wp-content\/uploads\/2018\/01\/pobrane.jpg","width":184,"height":183,"caption":"II Liceum Og\u00f3lnokszta\u0142c\u0105ce w Lubinie"},"image":{"@id":"https:\/\/2liceum.eu\/#\/schema\/logo\/image\/"}},{"@type":"WebSite","@id":"https:\/\/2liceum.eu\/#website","url":"https:\/\/2liceum.eu\/","name":"II Liceum Og\u00f3lnokszta\u0142c\u0105ce w Lubinie","description":"Oficjalny portal II LO w Lubinie. Informacje o szkole, kadrze, zaj\u0119ciach dydaktycznych, ko\u0142ach zainteresowa\u0144, wolontariacie. Aktualno\u015bci. Galeria zdj\u0119\u0107.","publisher":{"@id":"https:\/\/2liceum.eu\/#organization"},"potentialAction":[{"@type":"SearchAction","target":{"@type":"EntryPoint","urlTemplate":"https:\/\/2liceum.eu\/?s={search_term_string}"},"query-input":"required name=search_term_string"}],"inLanguage":"pl-PL"},{"@type":"WebPage","@id":"https:\/\/2liceum.eu\/index.php\/2023\/10\/31\/jesienny-koncert-pod-gwiazdami\/","url":"https:\/\/2liceum.eu\/index.php\/2023\/10\/31\/jesienny-koncert-pod-gwiazdami\/","name":",,Jesienny koncert pod gwiazdami\u201d! - II Liceum Og\u00f3lnokszta\u0142c\u0105ce w Lubinie","isPartOf":{"@id":"https:\/\/2liceum.eu\/#website"},"datePublished":"2023-10-31T10:27:37+00:00","dateModified":"2023-10-31T10:27:54+00:00","breadcrumb":{"@id":"https:\/\/2liceum.eu\/index.php\/2023\/10\/31\/jesienny-koncert-pod-gwiazdami\/#breadcrumb"},"inLanguage":"pl-PL","potentialAction":[{"@type":"ReadAction","target":["https:\/\/2liceum.eu\/index.php\/2023\/10\/31\/jesienny-koncert-pod-gwiazdami\/"]}]},{"@type":"BreadcrumbList","@id":"https:\/\/2liceum.eu\/index.php\/2023\/10\/31\/jesienny-koncert-pod-gwiazdami\/#breadcrumb","itemListElement":[{"@type":"ListItem","position":1,"name":"Strona g\u0142\u00f3wna","item":"https:\/\/2liceum.eu\/"},{"@type":"ListItem","position":2,"name":",,Jesienny koncert pod gwiazdami\u201d!"}]},{"@type":"Article","@id":"https:\/\/2liceum.eu\/index.php\/2023\/10\/31\/jesienny-koncert-pod-gwiazdami\/#article","isPartOf":{"@id":"https:\/\/2liceum.eu\/index.php\/2023\/10\/31\/jesienny-koncert-pod-gwiazdami\/"},"author":{"name":"Adam Dragan","@id":"https:\/\/2liceum.eu\/#\/schema\/person\/1a52557bfdaf047be954a8b190648da5"},"headline":",,Jesienny koncert pod gwiazdami\u201d!","datePublished":"2023-10-31T10:27:37+00:00","dateModified":"2023-10-31T10:27:54+00:00","mainEntityOfPage":{"@id":"https:\/\/2liceum.eu\/index.php\/2023\/10\/31\/jesienny-koncert-pod-gwiazdami\/"},"wordCount":104,"commentCount":0,"publisher":{"@id":"https:\/\/2liceum.eu\/#organization"},"articleSection":["Aktualno\u015bci"],"inLanguage":"pl-PL","potentialAction":[{"@type":"CommentAction","name":"Comment","target":["https:\/\/2liceum.eu\/index.php\/2023\/10\/31\/jesienny-koncert-pod-gwiazdami\/#respond"]}]},{"@type":"Person","@id":"https:\/\/2liceum.eu\/#\/schema\/person\/1a52557bfdaf047be954a8b190648da5","name":"Adam Dragan","image":{"@type":"ImageObject","inLanguage":"pl-PL","@id":"https:\/\/2liceum.eu\/#\/schema\/person\/image\/","url":"https:\/\/secure.gravatar.com\/avatar\/3a2bee53698f47ac117505a8a054d1e47e9ee9593c4c77dc18374aa80472d80c?s=96&d=mm&r=g","contentUrl":"https:\/\/secure.gravatar.com\/avatar\/3a2bee53698f47ac117505a8a054d1e47e9ee9593c4c77dc18374aa80472d80c?s=96&d=mm&r=g","caption":"Adam Dragan"},"sameAs":["http:\/\/2liceum.eu"]}]}},"_links":{"self":[{"href":"https:\/\/2liceum.eu\/index.php\/wp-json\/wp\/v2\/posts\/8845","targetHints":{"allow":["GET"]}}],"collection":[{"href":"https:\/\/2liceum.eu\/index.php\/wp-json\/wp\/v2\/posts"}],"about":[{"href":"https:\/\/2liceum.eu\/index.php\/wp-json\/wp\/v2\/types\/post"}],"author":[{"embeddable":true,"href":"https:\/\/2liceum.eu\/index.php\/wp-json\/wp\/v2\/users\/2"}],"replies":[{"embeddable":true,"href":"https:\/\/2liceum.eu\/index.php\/wp-json\/wp\/v2\/comments?post=8845"}],"version-history":[{"count":2,"href":"https:\/\/2liceum.eu\/index.php\/wp-json\/wp\/v2\/posts\/8845\/revisions"}],"predecessor-version":[{"id":8847,"href":"https:\/\/2liceum.eu\/index.php\/wp-json\/wp\/v2\/posts\/8845\/revisions\/8847"}],"wp:attachment":[{"href":"https:\/\/2liceum.eu\/index.php\/wp-json\/wp\/v2\/media?parent=8845"}],"wp:term":[{"taxonomy":"category","embeddable":true,"href":"https:\/\/2liceum.eu\/index.php\/wp-json\/wp\/v2\/categories?post=8845"},{"taxonomy":"post_tag","embeddable":true,"href":"https:\/\/2liceum.eu\/index.php\/wp-json\/wp\/v2\/tags?post=8845"}],"curies":[{"name":"wp","href":"https:\/\/api.w.org\/{rel}","templated":true}]}}