{"id":8920,"date":"2023-11-03T13:15:02","date_gmt":"2023-11-03T12:15:02","guid":{"rendered":"https:\/\/2liceum.eu\/?p=8920"},"modified":"2023-11-03T13:15:15","modified_gmt":"2023-11-03T12:15:15","slug":"szekspirowskie-wiedzmy-w-klasie2d","status":"publish","type":"post","link":"https:\/\/2liceum.eu\/index.php\/2023\/11\/03\/szekspirowskie-wiedzmy-w-klasie2d\/","title":{"rendered":"Szekspirowskie wied\u017amy w klasie2d!"},"content":{"rendered":"\n<div class=\"xdj266r x11i5rnm xat24cr x1mh8g0r x1vvkbs x126k92a\">\n<div dir=\"auto\" style=\"text-align: justify;\"><span style=\"color: initial;\"><img loading=\"lazy\" decoding=\"async\" class=\"alignright size-full\" src=\"https:\/\/2liceum.eu\/wp-content\/uploads\/sites\/1\/nggallery\/szekspirowskie-wiedzmy-w-2d\/thumbs\/thumbs_IMG_9335.jpg\" width=\"240\" height=\"160\">W czwartek <\/span><strong style=\"color: initial;\">uczniowie klasy 2d<\/strong><span style=\"color: initial;\"> zainspirowani istotami nale\u017c\u0105cymi do \u015bwiata makbetowskiej fantastyki p<\/span><strong style=\"color: initial;\">rzedstawili na lekcjach j\u0119zyka polskiego swoje wizje realizacji z\u0142a we wsp\u00f3\u0142czesnym \u015bwiecie.<\/strong><span style=\"color: initial;\"> Obejrzeli\u015bmy projekty o\u015bmiu grup. Ka\u017cdy zaskakiwa\u0142 oryginalno\u015bci\u0105, tw\u00f3rczym i krytycznym rozumieniem przeznaczenia oraz funkcjonowania z\u0142a wok\u00f3\u0142 nas. Jedna z grup zrealizowa\u0142a film anonimowany, wymagaj\u0105cy czternastu godzin pracy.<\/span><\/div>\n<\/div>\n<div class=\"x11i5rnm xat24cr x1mh8g0r x1vvkbs xtlvy1s x126k92a\" style=\"text-align: justify;\">\n<div dir=\"auto\">&nbsp;<\/div>\n<\/div>\n<div class=\"x11i5rnm xat24cr x1mh8g0r x1vvkbs xtlvy1s x126k92a\">\n<div dir=\"auto\" style=\"text-align: justify;\">Pani Profesor Ewelina Majerczak i my wszyscy upewnili\u015bmy si\u0119 tylko w przekonaniu, \u017ce Shakespeare &#8222;lives forever&#8221; i \u017ce potrafimy to udowodni\u0107! I to w jaki spos\u00f3b!:)<\/div>\n<\/div>\n<div dir=\"auto\">&nbsp;<\/div>\n<div dir=\"auto\">&nbsp;<\/div>\n\n\n<div class=\"wp-block-image\">\n<figure class=\"aligncenter size-full\"><a href=\"https:\/\/2liceum.eu\/index.php\/rok-szkolny-2023-2024\/nggallery\/rok-szkolny-2023-2024\/szekspirowskie-wiedzmy-w-2d\"><img loading=\"lazy\" decoding=\"async\" width=\"119\" height=\"26\" src=\"https:\/\/2liceum.eu\/wp-content\/uploads\/2019\/12\/galeria.jpg\" alt=\"\" class=\"wp-image-4616\"\/><\/a><\/figure>\n<\/div>","protected":false},"excerpt":{"rendered":"<p>W czwartek uczniowie klasy 2d zainspirowani istotami nale\u017c\u0105cymi do \u015bwiata makbetowskiej fantastyki przedstawili na lekcjach j\u0119zyka polskiego swoje wizje realizacji z\u0142a we wsp\u00f3\u0142czesnym \u015bwiecie. Obejrzeli\u015bmy projekty o\u015bmiu grup. Ka\u017cdy zaskakiwa\u0142 oryginalno\u015bci\u0105, tw\u00f3rczym i krytycznym rozumieniem przeznaczenia oraz funkcjonowania z\u0142a wok\u00f3\u0142 nas. Jedna z grup zrealizowa\u0142a film anonimowany, wymagaj\u0105cy czternastu godzin pracy. &nbsp; Pani Profesor Ewelina [&hellip;]<\/p>\n","protected":false},"author":2,"featured_media":0,"comment_status":"open","ping_status":"open","sticky":false,"template":"","format":"standard","meta":{"ngg_post_thumbnail":0,"footnotes":""},"categories":[1],"tags":[],"class_list":["post-8920","post","type-post","status-publish","format-standard","hentry","category-aktualnosci"],"yoast_head":"<!-- This site is optimized with the Yoast SEO plugin v19.4 - https:\/\/yoast.com\/wordpress\/plugins\/seo\/ -->\n<title>Szekspirowskie wied\u017amy w klasie2d! - II Liceum Og\u00f3lnokszta\u0142c\u0105ce w Lubinie<\/title>\n<meta name=\"robots\" content=\"index, follow, max-snippet:-1, max-image-preview:large, max-video-preview:-1\" \/>\n<link rel=\"canonical\" href=\"https:\/\/2liceum.eu\/index.php\/2023\/11\/03\/szekspirowskie-wiedzmy-w-klasie2d\/\" \/>\n<meta property=\"og:locale\" content=\"pl_PL\" \/>\n<meta property=\"og:type\" content=\"article\" \/>\n<meta property=\"og:title\" content=\"Szekspirowskie wied\u017amy w klasie2d! - II Liceum Og\u00f3lnokszta\u0142c\u0105ce w Lubinie\" \/>\n<meta property=\"og:description\" content=\"W czwartek uczniowie klasy 2d zainspirowani istotami nale\u017c\u0105cymi do \u015bwiata makbetowskiej fantastyki przedstawili na lekcjach j\u0119zyka polskiego swoje wizje realizacji z\u0142a we wsp\u00f3\u0142czesnym \u015bwiecie. Obejrzeli\u015bmy projekty o\u015bmiu grup. Ka\u017cdy zaskakiwa\u0142 oryginalno\u015bci\u0105, tw\u00f3rczym i krytycznym rozumieniem przeznaczenia oraz funkcjonowania z\u0142a wok\u00f3\u0142 nas. Jedna z grup zrealizowa\u0142a film anonimowany, wymagaj\u0105cy czternastu godzin pracy. &nbsp; Pani Profesor Ewelina [&hellip;]\" \/>\n<meta property=\"og:url\" content=\"https:\/\/2liceum.eu\/index.php\/2023\/11\/03\/szekspirowskie-wiedzmy-w-klasie2d\/\" \/>\n<meta property=\"og:site_name\" content=\"II Liceum Og\u00f3lnokszta\u0142c\u0105ce w Lubinie\" \/>\n<meta property=\"article:publisher\" content=\"https:\/\/web.facebook.com\/IILOLubin\/\" \/>\n<meta property=\"article:published_time\" content=\"2023-11-03T12:15:02+00:00\" \/>\n<meta property=\"article:modified_time\" content=\"2023-11-03T12:15:15+00:00\" \/>\n<meta property=\"og:image\" content=\"https:\/\/2liceum.eu\/wp-content\/uploads\/sites\/1\/nggallery\/szekspirowskie-wiedzmy-w-2d\/thumbs\/thumbs_IMG_9335.jpg\" \/>\n<meta name=\"author\" content=\"Adam Dragan\" \/>\n<meta name=\"twitter:card\" content=\"summary_large_image\" \/>\n<meta name=\"twitter:label1\" content=\"Napisane przez\" \/>\n\t<meta name=\"twitter:data1\" content=\"Adam Dragan\" \/>\n<script type=\"application\/ld+json\" class=\"yoast-schema-graph\">{\"@context\":\"https:\/\/schema.org\",\"@graph\":[{\"@type\":\"Organization\",\"@id\":\"https:\/\/2liceum.eu\/#organization\",\"name\":\"II Liceum Og\u00f3lnokszta\u0142c\u0105ce w Lubinie\",\"url\":\"https:\/\/2liceum.eu\/\",\"sameAs\":[\"http:\/\/2lolubin\",\"https:\/\/www.youtube.com\/channel\/UCWjEMxRJYdfvxPhVOn-8g_g\",\"https:\/\/web.facebook.com\/IILOLubin\/\"],\"logo\":{\"@type\":\"ImageObject\",\"inLanguage\":\"pl-PL\",\"@id\":\"https:\/\/2liceum.eu\/#\/schema\/logo\/image\/\",\"url\":\"https:\/\/2liceum.eu\/wp-content\/uploads\/2018\/01\/pobrane.jpg\",\"contentUrl\":\"https:\/\/2liceum.eu\/wp-content\/uploads\/2018\/01\/pobrane.jpg\",\"width\":184,\"height\":183,\"caption\":\"II Liceum Og\u00f3lnokszta\u0142c\u0105ce w Lubinie\"},\"image\":{\"@id\":\"https:\/\/2liceum.eu\/#\/schema\/logo\/image\/\"}},{\"@type\":\"WebSite\",\"@id\":\"https:\/\/2liceum.eu\/#website\",\"url\":\"https:\/\/2liceum.eu\/\",\"name\":\"II Liceum Og\u00f3lnokszta\u0142c\u0105ce w Lubinie\",\"description\":\"Oficjalny portal II LO w Lubinie. Informacje o szkole, kadrze, zaj\u0119ciach dydaktycznych, ko\u0142ach zainteresowa\u0144, wolontariacie. Aktualno\u015bci. Galeria zdj\u0119\u0107.\",\"publisher\":{\"@id\":\"https:\/\/2liceum.eu\/#organization\"},\"potentialAction\":[{\"@type\":\"SearchAction\",\"target\":{\"@type\":\"EntryPoint\",\"urlTemplate\":\"https:\/\/2liceum.eu\/?s={search_term_string}\"},\"query-input\":\"required name=search_term_string\"}],\"inLanguage\":\"pl-PL\"},{\"@type\":\"WebPage\",\"@id\":\"https:\/\/2liceum.eu\/index.php\/2023\/11\/03\/szekspirowskie-wiedzmy-w-klasie2d\/\",\"url\":\"https:\/\/2liceum.eu\/index.php\/2023\/11\/03\/szekspirowskie-wiedzmy-w-klasie2d\/\",\"name\":\"Szekspirowskie wied\u017amy w klasie2d! - II Liceum Og\u00f3lnokszta\u0142c\u0105ce w Lubinie\",\"isPartOf\":{\"@id\":\"https:\/\/2liceum.eu\/#website\"},\"datePublished\":\"2023-11-03T12:15:02+00:00\",\"dateModified\":\"2023-11-03T12:15:15+00:00\",\"breadcrumb\":{\"@id\":\"https:\/\/2liceum.eu\/index.php\/2023\/11\/03\/szekspirowskie-wiedzmy-w-klasie2d\/#breadcrumb\"},\"inLanguage\":\"pl-PL\",\"potentialAction\":[{\"@type\":\"ReadAction\",\"target\":[\"https:\/\/2liceum.eu\/index.php\/2023\/11\/03\/szekspirowskie-wiedzmy-w-klasie2d\/\"]}]},{\"@type\":\"BreadcrumbList\",\"@id\":\"https:\/\/2liceum.eu\/index.php\/2023\/11\/03\/szekspirowskie-wiedzmy-w-klasie2d\/#breadcrumb\",\"itemListElement\":[{\"@type\":\"ListItem\",\"position\":1,\"name\":\"Strona g\u0142\u00f3wna\",\"item\":\"https:\/\/2liceum.eu\/\"},{\"@type\":\"ListItem\",\"position\":2,\"name\":\"Szekspirowskie wied\u017amy w klasie2d!\"}]},{\"@type\":\"Article\",\"@id\":\"https:\/\/2liceum.eu\/index.php\/2023\/11\/03\/szekspirowskie-wiedzmy-w-klasie2d\/#article\",\"isPartOf\":{\"@id\":\"https:\/\/2liceum.eu\/index.php\/2023\/11\/03\/szekspirowskie-wiedzmy-w-klasie2d\/\"},\"author\":{\"name\":\"Adam Dragan\",\"@id\":\"https:\/\/2liceum.eu\/#\/schema\/person\/1a52557bfdaf047be954a8b190648da5\"},\"headline\":\"Szekspirowskie wied\u017amy w klasie2d!\",\"datePublished\":\"2023-11-03T12:15:02+00:00\",\"dateModified\":\"2023-11-03T12:15:15+00:00\",\"mainEntityOfPage\":{\"@id\":\"https:\/\/2liceum.eu\/index.php\/2023\/11\/03\/szekspirowskie-wiedzmy-w-klasie2d\/\"},\"wordCount\":100,\"commentCount\":0,\"publisher\":{\"@id\":\"https:\/\/2liceum.eu\/#organization\"},\"articleSection\":[\"Aktualno\u015bci\"],\"inLanguage\":\"pl-PL\",\"potentialAction\":[{\"@type\":\"CommentAction\",\"name\":\"Comment\",\"target\":[\"https:\/\/2liceum.eu\/index.php\/2023\/11\/03\/szekspirowskie-wiedzmy-w-klasie2d\/#respond\"]}]},{\"@type\":\"Person\",\"@id\":\"https:\/\/2liceum.eu\/#\/schema\/person\/1a52557bfdaf047be954a8b190648da5\",\"name\":\"Adam Dragan\",\"image\":{\"@type\":\"ImageObject\",\"inLanguage\":\"pl-PL\",\"@id\":\"https:\/\/2liceum.eu\/#\/schema\/person\/image\/\",\"url\":\"https:\/\/secure.gravatar.com\/avatar\/3a2bee53698f47ac117505a8a054d1e47e9ee9593c4c77dc18374aa80472d80c?s=96&d=mm&r=g\",\"contentUrl\":\"https:\/\/secure.gravatar.com\/avatar\/3a2bee53698f47ac117505a8a054d1e47e9ee9593c4c77dc18374aa80472d80c?s=96&d=mm&r=g\",\"caption\":\"Adam Dragan\"},\"sameAs\":[\"http:\/\/2liceum.eu\"]}]}<\/script>\n<!-- \/ Yoast SEO plugin. -->","yoast_head_json":{"title":"Szekspirowskie wied\u017amy w klasie2d! - II Liceum Og\u00f3lnokszta\u0142c\u0105ce w Lubinie","robots":{"index":"index","follow":"follow","max-snippet":"max-snippet:-1","max-image-preview":"max-image-preview:large","max-video-preview":"max-video-preview:-1"},"canonical":"https:\/\/2liceum.eu\/index.php\/2023\/11\/03\/szekspirowskie-wiedzmy-w-klasie2d\/","og_locale":"pl_PL","og_type":"article","og_title":"Szekspirowskie wied\u017amy w klasie2d! - II Liceum Og\u00f3lnokszta\u0142c\u0105ce w Lubinie","og_description":"W czwartek uczniowie klasy 2d zainspirowani istotami nale\u017c\u0105cymi do \u015bwiata makbetowskiej fantastyki przedstawili na lekcjach j\u0119zyka polskiego swoje wizje realizacji z\u0142a we wsp\u00f3\u0142czesnym \u015bwiecie. Obejrzeli\u015bmy projekty o\u015bmiu grup. Ka\u017cdy zaskakiwa\u0142 oryginalno\u015bci\u0105, tw\u00f3rczym i krytycznym rozumieniem przeznaczenia oraz funkcjonowania z\u0142a wok\u00f3\u0142 nas. Jedna z grup zrealizowa\u0142a film anonimowany, wymagaj\u0105cy czternastu godzin pracy. &nbsp; Pani Profesor Ewelina [&hellip;]","og_url":"https:\/\/2liceum.eu\/index.php\/2023\/11\/03\/szekspirowskie-wiedzmy-w-klasie2d\/","og_site_name":"II Liceum Og\u00f3lnokszta\u0142c\u0105ce w Lubinie","article_publisher":"https:\/\/web.facebook.com\/IILOLubin\/","article_published_time":"2023-11-03T12:15:02+00:00","article_modified_time":"2023-11-03T12:15:15+00:00","og_image":[{"url":"https:\/\/2liceum.eu\/wp-content\/uploads\/sites\/1\/nggallery\/szekspirowskie-wiedzmy-w-2d\/thumbs\/thumbs_IMG_9335.jpg"}],"author":"Adam Dragan","twitter_card":"summary_large_image","twitter_misc":{"Napisane przez":"Adam Dragan"},"schema":{"@context":"https:\/\/schema.org","@graph":[{"@type":"Organization","@id":"https:\/\/2liceum.eu\/#organization","name":"II Liceum Og\u00f3lnokszta\u0142c\u0105ce w Lubinie","url":"https:\/\/2liceum.eu\/","sameAs":["http:\/\/2lolubin","https:\/\/www.youtube.com\/channel\/UCWjEMxRJYdfvxPhVOn-8g_g","https:\/\/web.facebook.com\/IILOLubin\/"],"logo":{"@type":"ImageObject","inLanguage":"pl-PL","@id":"https:\/\/2liceum.eu\/#\/schema\/logo\/image\/","url":"https:\/\/2liceum.eu\/wp-content\/uploads\/2018\/01\/pobrane.jpg","contentUrl":"https:\/\/2liceum.eu\/wp-content\/uploads\/2018\/01\/pobrane.jpg","width":184,"height":183,"caption":"II Liceum Og\u00f3lnokszta\u0142c\u0105ce w Lubinie"},"image":{"@id":"https:\/\/2liceum.eu\/#\/schema\/logo\/image\/"}},{"@type":"WebSite","@id":"https:\/\/2liceum.eu\/#website","url":"https:\/\/2liceum.eu\/","name":"II Liceum Og\u00f3lnokszta\u0142c\u0105ce w Lubinie","description":"Oficjalny portal II LO w Lubinie. Informacje o szkole, kadrze, zaj\u0119ciach dydaktycznych, ko\u0142ach zainteresowa\u0144, wolontariacie. Aktualno\u015bci. Galeria zdj\u0119\u0107.","publisher":{"@id":"https:\/\/2liceum.eu\/#organization"},"potentialAction":[{"@type":"SearchAction","target":{"@type":"EntryPoint","urlTemplate":"https:\/\/2liceum.eu\/?s={search_term_string}"},"query-input":"required name=search_term_string"}],"inLanguage":"pl-PL"},{"@type":"WebPage","@id":"https:\/\/2liceum.eu\/index.php\/2023\/11\/03\/szekspirowskie-wiedzmy-w-klasie2d\/","url":"https:\/\/2liceum.eu\/index.php\/2023\/11\/03\/szekspirowskie-wiedzmy-w-klasie2d\/","name":"Szekspirowskie wied\u017amy w klasie2d! - II Liceum Og\u00f3lnokszta\u0142c\u0105ce w Lubinie","isPartOf":{"@id":"https:\/\/2liceum.eu\/#website"},"datePublished":"2023-11-03T12:15:02+00:00","dateModified":"2023-11-03T12:15:15+00:00","breadcrumb":{"@id":"https:\/\/2liceum.eu\/index.php\/2023\/11\/03\/szekspirowskie-wiedzmy-w-klasie2d\/#breadcrumb"},"inLanguage":"pl-PL","potentialAction":[{"@type":"ReadAction","target":["https:\/\/2liceum.eu\/index.php\/2023\/11\/03\/szekspirowskie-wiedzmy-w-klasie2d\/"]}]},{"@type":"BreadcrumbList","@id":"https:\/\/2liceum.eu\/index.php\/2023\/11\/03\/szekspirowskie-wiedzmy-w-klasie2d\/#breadcrumb","itemListElement":[{"@type":"ListItem","position":1,"name":"Strona g\u0142\u00f3wna","item":"https:\/\/2liceum.eu\/"},{"@type":"ListItem","position":2,"name":"Szekspirowskie wied\u017amy w klasie2d!"}]},{"@type":"Article","@id":"https:\/\/2liceum.eu\/index.php\/2023\/11\/03\/szekspirowskie-wiedzmy-w-klasie2d\/#article","isPartOf":{"@id":"https:\/\/2liceum.eu\/index.php\/2023\/11\/03\/szekspirowskie-wiedzmy-w-klasie2d\/"},"author":{"name":"Adam Dragan","@id":"https:\/\/2liceum.eu\/#\/schema\/person\/1a52557bfdaf047be954a8b190648da5"},"headline":"Szekspirowskie wied\u017amy w klasie2d!","datePublished":"2023-11-03T12:15:02+00:00","dateModified":"2023-11-03T12:15:15+00:00","mainEntityOfPage":{"@id":"https:\/\/2liceum.eu\/index.php\/2023\/11\/03\/szekspirowskie-wiedzmy-w-klasie2d\/"},"wordCount":100,"commentCount":0,"publisher":{"@id":"https:\/\/2liceum.eu\/#organization"},"articleSection":["Aktualno\u015bci"],"inLanguage":"pl-PL","potentialAction":[{"@type":"CommentAction","name":"Comment","target":["https:\/\/2liceum.eu\/index.php\/2023\/11\/03\/szekspirowskie-wiedzmy-w-klasie2d\/#respond"]}]},{"@type":"Person","@id":"https:\/\/2liceum.eu\/#\/schema\/person\/1a52557bfdaf047be954a8b190648da5","name":"Adam Dragan","image":{"@type":"ImageObject","inLanguage":"pl-PL","@id":"https:\/\/2liceum.eu\/#\/schema\/person\/image\/","url":"https:\/\/secure.gravatar.com\/avatar\/3a2bee53698f47ac117505a8a054d1e47e9ee9593c4c77dc18374aa80472d80c?s=96&d=mm&r=g","contentUrl":"https:\/\/secure.gravatar.com\/avatar\/3a2bee53698f47ac117505a8a054d1e47e9ee9593c4c77dc18374aa80472d80c?s=96&d=mm&r=g","caption":"Adam Dragan"},"sameAs":["http:\/\/2liceum.eu"]}]}},"_links":{"self":[{"href":"https:\/\/2liceum.eu\/index.php\/wp-json\/wp\/v2\/posts\/8920","targetHints":{"allow":["GET"]}}],"collection":[{"href":"https:\/\/2liceum.eu\/index.php\/wp-json\/wp\/v2\/posts"}],"about":[{"href":"https:\/\/2liceum.eu\/index.php\/wp-json\/wp\/v2\/types\/post"}],"author":[{"embeddable":true,"href":"https:\/\/2liceum.eu\/index.php\/wp-json\/wp\/v2\/users\/2"}],"replies":[{"embeddable":true,"href":"https:\/\/2liceum.eu\/index.php\/wp-json\/wp\/v2\/comments?post=8920"}],"version-history":[{"count":2,"href":"https:\/\/2liceum.eu\/index.php\/wp-json\/wp\/v2\/posts\/8920\/revisions"}],"predecessor-version":[{"id":8922,"href":"https:\/\/2liceum.eu\/index.php\/wp-json\/wp\/v2\/posts\/8920\/revisions\/8922"}],"wp:attachment":[{"href":"https:\/\/2liceum.eu\/index.php\/wp-json\/wp\/v2\/media?parent=8920"}],"wp:term":[{"taxonomy":"category","embeddable":true,"href":"https:\/\/2liceum.eu\/index.php\/wp-json\/wp\/v2\/categories?post=8920"},{"taxonomy":"post_tag","embeddable":true,"href":"https:\/\/2liceum.eu\/index.php\/wp-json\/wp\/v2\/tags?post=8920"}],"curies":[{"name":"wp","href":"https:\/\/api.w.org\/{rel}","templated":true}]}}