{"id":8926,"date":"2023-11-08T13:07:32","date_gmt":"2023-11-08T12:07:32","guid":{"rendered":"https:\/\/2liceum.eu\/?p=8926"},"modified":"2023-11-08T13:07:33","modified_gmt":"2023-11-08T12:07:33","slug":"podaruj-misia","status":"publish","type":"post","link":"https:\/\/2liceum.eu\/index.php\/2023\/11\/08\/podaruj-misia\/","title":{"rendered":"Podaruj misia!"},"content":{"rendered":"\n<p style=\"text-align: center;\"><img loading=\"lazy\" decoding=\"async\" class=\"alignnone size-full wp-image-8927\" src=\"https:\/\/2liceum.eu\/wp-content\/uploads\/2023\/11\/400168330_848152243979186_3984939569637353907_n.jpg\" alt=\"\" width=\"619\" height=\"849\" srcset=\"https:\/\/2liceum.eu\/wp-content\/uploads\/2023\/11\/400168330_848152243979186_3984939569637353907_n.jpg 619w, https:\/\/2liceum.eu\/wp-content\/uploads\/2023\/11\/400168330_848152243979186_3984939569637353907_n-219x300.jpg 219w\" sizes=\"auto, (max-width: 619px) 100vw, 619px\" \/><\/p>\n<p style=\"text-align: justify;\">Odpowiadaj\u0105c na pro\u015bb\u0119 <strong>Fundacji &#8222;Na Ratunek Dzieciom z Chorob\u0105 Nowotworow\u0105&#8221;<\/strong>, zapraszamy do w\u0142\u0105czenia si\u0119 w <strong><span style=\"color: #ff99cc;\">akcj\u0119 &#8222;Podaruj Misia&#8221;<\/span>, w ramach kt\u00f3rej prowadzona jest <span style=\"color: #ff99cc;\">zbi\u00f3rka przytulanek dla najm\u0142odszych pacjent\u00f3w oddzia\u0142\u00f3w onkologicznych.<\/span><\/strong><\/p>\n<p style=\"text-align: justify;\">Dla dzieci z nowotworami, przebywaj\u0105cych cz\u0119sto przez d\u0142ugi czas w szpitalu, ka\u017cdy nowy pluszowy mi\u015b jest \u017ar\u00f3d\u0142em niezwyk\u0142ej rado\u015bci i pocieszeniem podczas trudnego okresu leczenia onkologicznego. Dzieci zostan\u0105 obdarowane 25 listopada w Dzie\u0144 pluszowego misia.<\/p>\n<p style=\"text-align: justify;\">Misie, ze wzgl\u0119du na leczenie onkologiczne, kt\u00f3re os\u0142abia uk\u0142ad odporno\u015bciowy ma\u0142ych pacjent\u00f3w, musz\u0105 by\u0107 nowe. Mo\u017cna przynosi\u0107 je <strong>do s. 31, do dnia 20 listopada.<\/strong> Dzi\u0119kujemy w imieniu maluch\u00f3w!<\/p>\n","protected":false},"excerpt":{"rendered":"<p>Odpowiadaj\u0105c na pro\u015bb\u0119 Fundacji &#8222;Na Ratunek Dzieciom z Chorob\u0105 Nowotworow\u0105&#8221;, zapraszamy do w\u0142\u0105czenia si\u0119 w akcj\u0119 &#8222;Podaruj Misia&#8221;, w ramach kt\u00f3rej prowadzona jest zbi\u00f3rka przytulanek dla najm\u0142odszych pacjent\u00f3w oddzia\u0142\u00f3w onkologicznych. Dla dzieci z nowotworami, przebywaj\u0105cych cz\u0119sto przez d\u0142ugi czas w szpitalu, ka\u017cdy nowy pluszowy mi\u015b jest \u017ar\u00f3d\u0142em niezwyk\u0142ej rado\u015bci i pocieszeniem podczas trudnego okresu leczenia [&hellip;]<\/p>\n","protected":false},"author":2,"featured_media":0,"comment_status":"open","ping_status":"open","sticky":false,"template":"","format":"standard","meta":{"ngg_post_thumbnail":0,"footnotes":""},"categories":[1],"tags":[],"class_list":["post-8926","post","type-post","status-publish","format-standard","hentry","category-aktualnosci"],"yoast_head":"<!-- This site is optimized with the Yoast SEO plugin v19.4 - https:\/\/yoast.com\/wordpress\/plugins\/seo\/ -->\n<title>Podaruj misia! - II Liceum Og\u00f3lnokszta\u0142c\u0105ce w Lubinie<\/title>\n<meta name=\"robots\" content=\"index, follow, max-snippet:-1, max-image-preview:large, max-video-preview:-1\" \/>\n<link rel=\"canonical\" href=\"https:\/\/2liceum.eu\/index.php\/2023\/11\/08\/podaruj-misia\/\" \/>\n<meta property=\"og:locale\" content=\"pl_PL\" \/>\n<meta property=\"og:type\" content=\"article\" \/>\n<meta property=\"og:title\" content=\"Podaruj misia! - II Liceum Og\u00f3lnokszta\u0142c\u0105ce w Lubinie\" \/>\n<meta property=\"og:description\" content=\"Odpowiadaj\u0105c na pro\u015bb\u0119 Fundacji &#8222;Na Ratunek Dzieciom z Chorob\u0105 Nowotworow\u0105&#8221;, zapraszamy do w\u0142\u0105czenia si\u0119 w akcj\u0119 &#8222;Podaruj Misia&#8221;, w ramach kt\u00f3rej prowadzona jest zbi\u00f3rka przytulanek dla najm\u0142odszych pacjent\u00f3w oddzia\u0142\u00f3w onkologicznych. Dla dzieci z nowotworami, przebywaj\u0105cych cz\u0119sto przez d\u0142ugi czas w szpitalu, ka\u017cdy nowy pluszowy mi\u015b jest \u017ar\u00f3d\u0142em niezwyk\u0142ej rado\u015bci i pocieszeniem podczas trudnego okresu leczenia [&hellip;]\" \/>\n<meta property=\"og:url\" content=\"https:\/\/2liceum.eu\/index.php\/2023\/11\/08\/podaruj-misia\/\" \/>\n<meta property=\"og:site_name\" content=\"II Liceum Og\u00f3lnokszta\u0142c\u0105ce w Lubinie\" \/>\n<meta property=\"article:publisher\" content=\"https:\/\/web.facebook.com\/IILOLubin\/\" \/>\n<meta property=\"article:published_time\" content=\"2023-11-08T12:07:32+00:00\" \/>\n<meta property=\"article:modified_time\" content=\"2023-11-08T12:07:33+00:00\" \/>\n<meta property=\"og:image\" content=\"https:\/\/2liceum.eu\/wp-content\/uploads\/2023\/11\/400168330_848152243979186_3984939569637353907_n.jpg\" \/>\n<meta name=\"author\" content=\"Adam Dragan\" \/>\n<meta name=\"twitter:card\" content=\"summary_large_image\" \/>\n<meta name=\"twitter:label1\" content=\"Napisane przez\" \/>\n\t<meta name=\"twitter:data1\" content=\"Adam Dragan\" \/>\n\t<meta name=\"twitter:label2\" content=\"Szacowany czas czytania\" \/>\n\t<meta name=\"twitter:data2\" content=\"1 minuta\" \/>\n<script type=\"application\/ld+json\" class=\"yoast-schema-graph\">{\"@context\":\"https:\/\/schema.org\",\"@graph\":[{\"@type\":\"Organization\",\"@id\":\"https:\/\/2liceum.eu\/#organization\",\"name\":\"II Liceum Og\u00f3lnokszta\u0142c\u0105ce w Lubinie\",\"url\":\"https:\/\/2liceum.eu\/\",\"sameAs\":[\"http:\/\/2lolubin\",\"https:\/\/www.youtube.com\/channel\/UCWjEMxRJYdfvxPhVOn-8g_g\",\"https:\/\/web.facebook.com\/IILOLubin\/\"],\"logo\":{\"@type\":\"ImageObject\",\"inLanguage\":\"pl-PL\",\"@id\":\"https:\/\/2liceum.eu\/#\/schema\/logo\/image\/\",\"url\":\"https:\/\/2liceum.eu\/wp-content\/uploads\/2018\/01\/pobrane.jpg\",\"contentUrl\":\"https:\/\/2liceum.eu\/wp-content\/uploads\/2018\/01\/pobrane.jpg\",\"width\":184,\"height\":183,\"caption\":\"II Liceum Og\u00f3lnokszta\u0142c\u0105ce w Lubinie\"},\"image\":{\"@id\":\"https:\/\/2liceum.eu\/#\/schema\/logo\/image\/\"}},{\"@type\":\"WebSite\",\"@id\":\"https:\/\/2liceum.eu\/#website\",\"url\":\"https:\/\/2liceum.eu\/\",\"name\":\"II Liceum Og\u00f3lnokszta\u0142c\u0105ce w Lubinie\",\"description\":\"Oficjalny portal II LO w Lubinie. Informacje o szkole, kadrze, zaj\u0119ciach dydaktycznych, ko\u0142ach zainteresowa\u0144, wolontariacie. Aktualno\u015bci. Galeria zdj\u0119\u0107.\",\"publisher\":{\"@id\":\"https:\/\/2liceum.eu\/#organization\"},\"potentialAction\":[{\"@type\":\"SearchAction\",\"target\":{\"@type\":\"EntryPoint\",\"urlTemplate\":\"https:\/\/2liceum.eu\/?s={search_term_string}\"},\"query-input\":\"required name=search_term_string\"}],\"inLanguage\":\"pl-PL\"},{\"@type\":\"WebPage\",\"@id\":\"https:\/\/2liceum.eu\/index.php\/2023\/11\/08\/podaruj-misia\/\",\"url\":\"https:\/\/2liceum.eu\/index.php\/2023\/11\/08\/podaruj-misia\/\",\"name\":\"Podaruj misia! - II Liceum Og\u00f3lnokszta\u0142c\u0105ce w Lubinie\",\"isPartOf\":{\"@id\":\"https:\/\/2liceum.eu\/#website\"},\"datePublished\":\"2023-11-08T12:07:32+00:00\",\"dateModified\":\"2023-11-08T12:07:33+00:00\",\"breadcrumb\":{\"@id\":\"https:\/\/2liceum.eu\/index.php\/2023\/11\/08\/podaruj-misia\/#breadcrumb\"},\"inLanguage\":\"pl-PL\",\"potentialAction\":[{\"@type\":\"ReadAction\",\"target\":[\"https:\/\/2liceum.eu\/index.php\/2023\/11\/08\/podaruj-misia\/\"]}]},{\"@type\":\"BreadcrumbList\",\"@id\":\"https:\/\/2liceum.eu\/index.php\/2023\/11\/08\/podaruj-misia\/#breadcrumb\",\"itemListElement\":[{\"@type\":\"ListItem\",\"position\":1,\"name\":\"Strona g\u0142\u00f3wna\",\"item\":\"https:\/\/2liceum.eu\/\"},{\"@type\":\"ListItem\",\"position\":2,\"name\":\"Podaruj misia!\"}]},{\"@type\":\"Article\",\"@id\":\"https:\/\/2liceum.eu\/index.php\/2023\/11\/08\/podaruj-misia\/#article\",\"isPartOf\":{\"@id\":\"https:\/\/2liceum.eu\/index.php\/2023\/11\/08\/podaruj-misia\/\"},\"author\":{\"name\":\"Adam Dragan\",\"@id\":\"https:\/\/2liceum.eu\/#\/schema\/person\/1a52557bfdaf047be954a8b190648da5\"},\"headline\":\"Podaruj misia!\",\"datePublished\":\"2023-11-08T12:07:32+00:00\",\"dateModified\":\"2023-11-08T12:07:33+00:00\",\"mainEntityOfPage\":{\"@id\":\"https:\/\/2liceum.eu\/index.php\/2023\/11\/08\/podaruj-misia\/\"},\"wordCount\":119,\"commentCount\":0,\"publisher\":{\"@id\":\"https:\/\/2liceum.eu\/#organization\"},\"articleSection\":[\"Aktualno\u015bci\"],\"inLanguage\":\"pl-PL\",\"potentialAction\":[{\"@type\":\"CommentAction\",\"name\":\"Comment\",\"target\":[\"https:\/\/2liceum.eu\/index.php\/2023\/11\/08\/podaruj-misia\/#respond\"]}]},{\"@type\":\"Person\",\"@id\":\"https:\/\/2liceum.eu\/#\/schema\/person\/1a52557bfdaf047be954a8b190648da5\",\"name\":\"Adam Dragan\",\"image\":{\"@type\":\"ImageObject\",\"inLanguage\":\"pl-PL\",\"@id\":\"https:\/\/2liceum.eu\/#\/schema\/person\/image\/\",\"url\":\"https:\/\/secure.gravatar.com\/avatar\/3a2bee53698f47ac117505a8a054d1e47e9ee9593c4c77dc18374aa80472d80c?s=96&d=mm&r=g\",\"contentUrl\":\"https:\/\/secure.gravatar.com\/avatar\/3a2bee53698f47ac117505a8a054d1e47e9ee9593c4c77dc18374aa80472d80c?s=96&d=mm&r=g\",\"caption\":\"Adam Dragan\"},\"sameAs\":[\"http:\/\/2liceum.eu\"]}]}<\/script>\n<!-- \/ Yoast SEO plugin. -->","yoast_head_json":{"title":"Podaruj misia! - II Liceum Og\u00f3lnokszta\u0142c\u0105ce w Lubinie","robots":{"index":"index","follow":"follow","max-snippet":"max-snippet:-1","max-image-preview":"max-image-preview:large","max-video-preview":"max-video-preview:-1"},"canonical":"https:\/\/2liceum.eu\/index.php\/2023\/11\/08\/podaruj-misia\/","og_locale":"pl_PL","og_type":"article","og_title":"Podaruj misia! - II Liceum Og\u00f3lnokszta\u0142c\u0105ce w Lubinie","og_description":"Odpowiadaj\u0105c na pro\u015bb\u0119 Fundacji &#8222;Na Ratunek Dzieciom z Chorob\u0105 Nowotworow\u0105&#8221;, zapraszamy do w\u0142\u0105czenia si\u0119 w akcj\u0119 &#8222;Podaruj Misia&#8221;, w ramach kt\u00f3rej prowadzona jest zbi\u00f3rka przytulanek dla najm\u0142odszych pacjent\u00f3w oddzia\u0142\u00f3w onkologicznych. Dla dzieci z nowotworami, przebywaj\u0105cych cz\u0119sto przez d\u0142ugi czas w szpitalu, ka\u017cdy nowy pluszowy mi\u015b jest \u017ar\u00f3d\u0142em niezwyk\u0142ej rado\u015bci i pocieszeniem podczas trudnego okresu leczenia [&hellip;]","og_url":"https:\/\/2liceum.eu\/index.php\/2023\/11\/08\/podaruj-misia\/","og_site_name":"II Liceum Og\u00f3lnokszta\u0142c\u0105ce w Lubinie","article_publisher":"https:\/\/web.facebook.com\/IILOLubin\/","article_published_time":"2023-11-08T12:07:32+00:00","article_modified_time":"2023-11-08T12:07:33+00:00","og_image":[{"url":"https:\/\/2liceum.eu\/wp-content\/uploads\/2023\/11\/400168330_848152243979186_3984939569637353907_n.jpg"}],"author":"Adam Dragan","twitter_card":"summary_large_image","twitter_misc":{"Napisane przez":"Adam Dragan","Szacowany czas czytania":"1 minuta"},"schema":{"@context":"https:\/\/schema.org","@graph":[{"@type":"Organization","@id":"https:\/\/2liceum.eu\/#organization","name":"II Liceum Og\u00f3lnokszta\u0142c\u0105ce w Lubinie","url":"https:\/\/2liceum.eu\/","sameAs":["http:\/\/2lolubin","https:\/\/www.youtube.com\/channel\/UCWjEMxRJYdfvxPhVOn-8g_g","https:\/\/web.facebook.com\/IILOLubin\/"],"logo":{"@type":"ImageObject","inLanguage":"pl-PL","@id":"https:\/\/2liceum.eu\/#\/schema\/logo\/image\/","url":"https:\/\/2liceum.eu\/wp-content\/uploads\/2018\/01\/pobrane.jpg","contentUrl":"https:\/\/2liceum.eu\/wp-content\/uploads\/2018\/01\/pobrane.jpg","width":184,"height":183,"caption":"II Liceum Og\u00f3lnokszta\u0142c\u0105ce w Lubinie"},"image":{"@id":"https:\/\/2liceum.eu\/#\/schema\/logo\/image\/"}},{"@type":"WebSite","@id":"https:\/\/2liceum.eu\/#website","url":"https:\/\/2liceum.eu\/","name":"II Liceum Og\u00f3lnokszta\u0142c\u0105ce w Lubinie","description":"Oficjalny portal II LO w Lubinie. Informacje o szkole, kadrze, zaj\u0119ciach dydaktycznych, ko\u0142ach zainteresowa\u0144, wolontariacie. Aktualno\u015bci. Galeria zdj\u0119\u0107.","publisher":{"@id":"https:\/\/2liceum.eu\/#organization"},"potentialAction":[{"@type":"SearchAction","target":{"@type":"EntryPoint","urlTemplate":"https:\/\/2liceum.eu\/?s={search_term_string}"},"query-input":"required name=search_term_string"}],"inLanguage":"pl-PL"},{"@type":"WebPage","@id":"https:\/\/2liceum.eu\/index.php\/2023\/11\/08\/podaruj-misia\/","url":"https:\/\/2liceum.eu\/index.php\/2023\/11\/08\/podaruj-misia\/","name":"Podaruj misia! - II Liceum Og\u00f3lnokszta\u0142c\u0105ce w Lubinie","isPartOf":{"@id":"https:\/\/2liceum.eu\/#website"},"datePublished":"2023-11-08T12:07:32+00:00","dateModified":"2023-11-08T12:07:33+00:00","breadcrumb":{"@id":"https:\/\/2liceum.eu\/index.php\/2023\/11\/08\/podaruj-misia\/#breadcrumb"},"inLanguage":"pl-PL","potentialAction":[{"@type":"ReadAction","target":["https:\/\/2liceum.eu\/index.php\/2023\/11\/08\/podaruj-misia\/"]}]},{"@type":"BreadcrumbList","@id":"https:\/\/2liceum.eu\/index.php\/2023\/11\/08\/podaruj-misia\/#breadcrumb","itemListElement":[{"@type":"ListItem","position":1,"name":"Strona g\u0142\u00f3wna","item":"https:\/\/2liceum.eu\/"},{"@type":"ListItem","position":2,"name":"Podaruj misia!"}]},{"@type":"Article","@id":"https:\/\/2liceum.eu\/index.php\/2023\/11\/08\/podaruj-misia\/#article","isPartOf":{"@id":"https:\/\/2liceum.eu\/index.php\/2023\/11\/08\/podaruj-misia\/"},"author":{"name":"Adam Dragan","@id":"https:\/\/2liceum.eu\/#\/schema\/person\/1a52557bfdaf047be954a8b190648da5"},"headline":"Podaruj misia!","datePublished":"2023-11-08T12:07:32+00:00","dateModified":"2023-11-08T12:07:33+00:00","mainEntityOfPage":{"@id":"https:\/\/2liceum.eu\/index.php\/2023\/11\/08\/podaruj-misia\/"},"wordCount":119,"commentCount":0,"publisher":{"@id":"https:\/\/2liceum.eu\/#organization"},"articleSection":["Aktualno\u015bci"],"inLanguage":"pl-PL","potentialAction":[{"@type":"CommentAction","name":"Comment","target":["https:\/\/2liceum.eu\/index.php\/2023\/11\/08\/podaruj-misia\/#respond"]}]},{"@type":"Person","@id":"https:\/\/2liceum.eu\/#\/schema\/person\/1a52557bfdaf047be954a8b190648da5","name":"Adam Dragan","image":{"@type":"ImageObject","inLanguage":"pl-PL","@id":"https:\/\/2liceum.eu\/#\/schema\/person\/image\/","url":"https:\/\/secure.gravatar.com\/avatar\/3a2bee53698f47ac117505a8a054d1e47e9ee9593c4c77dc18374aa80472d80c?s=96&d=mm&r=g","contentUrl":"https:\/\/secure.gravatar.com\/avatar\/3a2bee53698f47ac117505a8a054d1e47e9ee9593c4c77dc18374aa80472d80c?s=96&d=mm&r=g","caption":"Adam Dragan"},"sameAs":["http:\/\/2liceum.eu"]}]}},"_links":{"self":[{"href":"https:\/\/2liceum.eu\/index.php\/wp-json\/wp\/v2\/posts\/8926","targetHints":{"allow":["GET"]}}],"collection":[{"href":"https:\/\/2liceum.eu\/index.php\/wp-json\/wp\/v2\/posts"}],"about":[{"href":"https:\/\/2liceum.eu\/index.php\/wp-json\/wp\/v2\/types\/post"}],"author":[{"embeddable":true,"href":"https:\/\/2liceum.eu\/index.php\/wp-json\/wp\/v2\/users\/2"}],"replies":[{"embeddable":true,"href":"https:\/\/2liceum.eu\/index.php\/wp-json\/wp\/v2\/comments?post=8926"}],"version-history":[{"count":1,"href":"https:\/\/2liceum.eu\/index.php\/wp-json\/wp\/v2\/posts\/8926\/revisions"}],"predecessor-version":[{"id":8928,"href":"https:\/\/2liceum.eu\/index.php\/wp-json\/wp\/v2\/posts\/8926\/revisions\/8928"}],"wp:attachment":[{"href":"https:\/\/2liceum.eu\/index.php\/wp-json\/wp\/v2\/media?parent=8926"}],"wp:term":[{"taxonomy":"category","embeddable":true,"href":"https:\/\/2liceum.eu\/index.php\/wp-json\/wp\/v2\/categories?post=8926"},{"taxonomy":"post_tag","embeddable":true,"href":"https:\/\/2liceum.eu\/index.php\/wp-json\/wp\/v2\/tags?post=8926"}],"curies":[{"name":"wp","href":"https:\/\/api.w.org\/{rel}","templated":true}]}}