{"id":901,"date":"2018-03-23T14:25:20","date_gmt":"2018-03-23T13:25:20","guid":{"rendered":"http:\/\/2liceum.eu\/?p=901"},"modified":"2018-03-23T14:25:20","modified_gmt":"2018-03-23T13:25:20","slug":"pielgrzymka-maturzystow","status":"publish","type":"post","link":"https:\/\/2liceum.eu\/index.php\/2018\/03\/23\/pielgrzymka-maturzystow\/","title":{"rendered":"Pielgrzymka Maturzyst\u00f3w!"},"content":{"rendered":"<p><img loading=\"lazy\" decoding=\"async\" class=\"alignleft\" src=\"http:\/\/2liceum.eu\/wp-content\/uploads\/sites\/1\/nggallery\/pielgrzymka-maturzystow\/thumbs\/thumbs_014.jpg\" alt=\"\" width=\"198\" height=\"132\"><\/p>\n<p style=\"text-align: justify;\">Jest ju\u017c tradycj\u0105, \u017ce <strong>maturzy\u015bci diecezji legnickiej pielgrzymuj\u0105 do Sanktuarium Maryjnego na Jasnej G\u00f3rze w pierwszym dniu wiosny.<\/strong><\/p>\n<p style=\"text-align: justify;\"><strong>Ponad <span style=\"color: #008000;\">90 os\u00f3b<\/span> z naszego liceum zdecydowa\u0142o si\u0119 uda\u0107 do Cz\u0119stochowy.<\/strong> Uczniom towarzyszyli: p. Ma\u0142gorzata Piotrkowska &#8211; Da\u0144kowska, p. Marta Szadkowska, p. Natalia Ossowska, p. Iwona Kuriata &#8211; G\u00f3rczyk, p. Ryszard Techma\u0144ski, p. Tomasz B\u00f3b, p. Dorota Witold.&nbsp;<\/p>\n<p style=\"text-align: justify;\">M\u0142odzi ludzie modlili si\u0119 przed cudownym obrazem Matki Bo\u017cej o pomy\u015blne zdanie egzaminu dojr<span class=\"text_exposed_show\">za\u0142o\u015bci, o rozpoznanie swojej drogi \u017cyciowej, o udane \u017cycie.<\/span><\/p>\n<p style=\"text-align: justify;\"><span class=\"text_exposed_show\">O godz. 11:00 wys\u0142uchali\u015bmy konferencji na temat &#8222;Przesta\u0144 si\u0119 l\u0119ka\u0107! Mo\u017cesz wi\u0119cej.&#8221; &#8211; o mi\u0142o\u015bci, stawianiu wymaga\u0144 i drodze do szcz\u0119\u015bcia. Konferencj\u0119 wyg\u0142osi\u0142 ks. dr Przemys\u0142aw G\u00f3ra, duszpasterz akademicki. Godzin\u0119 p\u00f3\u017aniej uczestniczyli\u015bmy w uroczystej Mszy \u015bw., kt\u00f3rej przewodniczy\u0142 Biskup Marek Mendyk. Przewodni\u0105 my\u015bl\u0105 kazania by\u0142y s\u0142owa z Ewangelii \u015bw. Jana &#8222;Poznacie prawd\u0119, a prawda was wyzwoli&#8221;.<\/span><\/p>\n<p style=\"text-align: justify;\"><span class=\"text_exposed_show\">Pielgrzymk\u0119 zako\u0144czy\u0142o nabo\u017ce\u0144stwo Drogi Krzy\u017cowej na wa\u0142ach Jasnog\u00f3rskich.<\/span><\/p>\n<p style=\"text-align: justify;\"><span class=\"text_exposed_show\">Wzmocnieni duchowo bierzemy si\u0119 do nauki!!!<\/span><\/p>\n<p style=\"text-align: justify;\"><span class=\"text_exposed_show\">B\u0119dzie dobrze!!!&nbsp;<span class=\"_47e3 _5mfr\" title=\"Emotikon wink\"><img loading=\"lazy\" decoding=\"async\" class=\"img\" role=\"presentation\" src=\"https:\/\/static.xx.fbcdn.net\/images\/emoji.php\/v9\/f57\/1\/16\/1f609.png\" alt=\"\" width=\"16\" height=\"16\"><\/span><\/span><\/p>\n<p style=\"text-align: center;\"><strong>ZAPRASZAMY DO <a href=\"http:\/\/2liceum.eu\/index.php\/galeria\/nggallery\/rok-szkolny-20172018\/pielgrzymka-maturzystow\" target=\"_blank\" rel=\"noopener\">GALERII ZDJ\u0118\u0106!<\/a><\/strong><\/p>\n","protected":false},"excerpt":{"rendered":"<p>Jest ju\u017c tradycj\u0105, \u017ce maturzy\u015bci diecezji legnickiej pielgrzymuj\u0105 do Sanktuarium Maryjnego na Jasnej G\u00f3rze w pierwszym dniu wiosny. Ponad 90 os\u00f3b z naszego liceum zdecydowa\u0142o si\u0119 uda\u0107 do Cz\u0119stochowy. Uczniom towarzyszyli: p. Ma\u0142gorzata Piotrkowska &#8211; Da\u0144kowska, p. Marta Szadkowska, p. Natalia Ossowska, p. Iwona Kuriata &#8211; G\u00f3rczyk, p. Ryszard Techma\u0144ski, p. Tomasz B\u00f3b, p. Dorota [&hellip;]<\/p>\n","protected":false},"author":2,"featured_media":0,"comment_status":"open","ping_status":"open","sticky":false,"template":"","format":"standard","meta":{"ngg_post_thumbnail":0,"footnotes":""},"categories":[1],"tags":[],"class_list":["post-901","post","type-post","status-publish","format-standard","hentry","category-aktualnosci"],"yoast_head":"<!-- This site is optimized with the Yoast SEO plugin v19.4 - https:\/\/yoast.com\/wordpress\/plugins\/seo\/ -->\n<title>Pielgrzymka Maturzyst\u00f3w! - II Liceum Og\u00f3lnokszta\u0142c\u0105ce w Lubinie<\/title>\n<meta name=\"robots\" content=\"index, follow, max-snippet:-1, max-image-preview:large, max-video-preview:-1\" \/>\n<link rel=\"canonical\" href=\"https:\/\/2liceum.eu\/index.php\/2018\/03\/23\/pielgrzymka-maturzystow\/\" \/>\n<meta property=\"og:locale\" content=\"pl_PL\" \/>\n<meta property=\"og:type\" content=\"article\" \/>\n<meta property=\"og:title\" content=\"Pielgrzymka Maturzyst\u00f3w! - II Liceum Og\u00f3lnokszta\u0142c\u0105ce w Lubinie\" \/>\n<meta property=\"og:description\" content=\"Jest ju\u017c tradycj\u0105, \u017ce maturzy\u015bci diecezji legnickiej pielgrzymuj\u0105 do Sanktuarium Maryjnego na Jasnej G\u00f3rze w pierwszym dniu wiosny. Ponad 90 os\u00f3b z naszego liceum zdecydowa\u0142o si\u0119 uda\u0107 do Cz\u0119stochowy. Uczniom towarzyszyli: p. Ma\u0142gorzata Piotrkowska &#8211; Da\u0144kowska, p. Marta Szadkowska, p. Natalia Ossowska, p. Iwona Kuriata &#8211; G\u00f3rczyk, p. Ryszard Techma\u0144ski, p. Tomasz B\u00f3b, p. Dorota [&hellip;]\" \/>\n<meta property=\"og:url\" content=\"https:\/\/2liceum.eu\/index.php\/2018\/03\/23\/pielgrzymka-maturzystow\/\" \/>\n<meta property=\"og:site_name\" content=\"II Liceum Og\u00f3lnokszta\u0142c\u0105ce w Lubinie\" \/>\n<meta property=\"article:publisher\" content=\"https:\/\/web.facebook.com\/IILOLubin\/\" \/>\n<meta property=\"article:published_time\" content=\"2018-03-23T13:25:20+00:00\" \/>\n<meta property=\"og:image\" content=\"http:\/\/2liceum.eu\/wp-content\/uploads\/sites\/1\/nggallery\/pielgrzymka-maturzystow\/thumbs\/thumbs_014.jpg\" \/>\n<meta name=\"author\" content=\"Adam Dragan\" \/>\n<meta name=\"twitter:card\" content=\"summary_large_image\" \/>\n<meta name=\"twitter:label1\" content=\"Napisane przez\" \/>\n\t<meta name=\"twitter:data1\" content=\"Adam Dragan\" \/>\n\t<meta name=\"twitter:label2\" content=\"Szacowany czas czytania\" \/>\n\t<meta name=\"twitter:data2\" content=\"1 minuta\" \/>\n<script type=\"application\/ld+json\" class=\"yoast-schema-graph\">{\"@context\":\"https:\/\/schema.org\",\"@graph\":[{\"@type\":\"Organization\",\"@id\":\"https:\/\/2liceum.eu\/#organization\",\"name\":\"II Liceum Og\u00f3lnokszta\u0142c\u0105ce w Lubinie\",\"url\":\"https:\/\/2liceum.eu\/\",\"sameAs\":[\"http:\/\/2lolubin\",\"https:\/\/www.youtube.com\/channel\/UCWjEMxRJYdfvxPhVOn-8g_g\",\"https:\/\/web.facebook.com\/IILOLubin\/\"],\"logo\":{\"@type\":\"ImageObject\",\"inLanguage\":\"pl-PL\",\"@id\":\"https:\/\/2liceum.eu\/#\/schema\/logo\/image\/\",\"url\":\"https:\/\/2liceum.eu\/wp-content\/uploads\/2018\/01\/pobrane.jpg\",\"contentUrl\":\"https:\/\/2liceum.eu\/wp-content\/uploads\/2018\/01\/pobrane.jpg\",\"width\":184,\"height\":183,\"caption\":\"II Liceum Og\u00f3lnokszta\u0142c\u0105ce w Lubinie\"},\"image\":{\"@id\":\"https:\/\/2liceum.eu\/#\/schema\/logo\/image\/\"}},{\"@type\":\"WebSite\",\"@id\":\"https:\/\/2liceum.eu\/#website\",\"url\":\"https:\/\/2liceum.eu\/\",\"name\":\"II Liceum Og\u00f3lnokszta\u0142c\u0105ce w Lubinie\",\"description\":\"Oficjalny portal II LO w Lubinie. Informacje o szkole, kadrze, zaj\u0119ciach dydaktycznych, ko\u0142ach zainteresowa\u0144, wolontariacie. Aktualno\u015bci. Galeria zdj\u0119\u0107.\",\"publisher\":{\"@id\":\"https:\/\/2liceum.eu\/#organization\"},\"potentialAction\":[{\"@type\":\"SearchAction\",\"target\":{\"@type\":\"EntryPoint\",\"urlTemplate\":\"https:\/\/2liceum.eu\/?s={search_term_string}\"},\"query-input\":\"required name=search_term_string\"}],\"inLanguage\":\"pl-PL\"},{\"@type\":\"WebPage\",\"@id\":\"https:\/\/2liceum.eu\/index.php\/2018\/03\/23\/pielgrzymka-maturzystow\/\",\"url\":\"https:\/\/2liceum.eu\/index.php\/2018\/03\/23\/pielgrzymka-maturzystow\/\",\"name\":\"Pielgrzymka Maturzyst\u00f3w! - II Liceum Og\u00f3lnokszta\u0142c\u0105ce w Lubinie\",\"isPartOf\":{\"@id\":\"https:\/\/2liceum.eu\/#website\"},\"datePublished\":\"2018-03-23T13:25:20+00:00\",\"dateModified\":\"2018-03-23T13:25:20+00:00\",\"breadcrumb\":{\"@id\":\"https:\/\/2liceum.eu\/index.php\/2018\/03\/23\/pielgrzymka-maturzystow\/#breadcrumb\"},\"inLanguage\":\"pl-PL\",\"potentialAction\":[{\"@type\":\"ReadAction\",\"target\":[\"https:\/\/2liceum.eu\/index.php\/2018\/03\/23\/pielgrzymka-maturzystow\/\"]}]},{\"@type\":\"BreadcrumbList\",\"@id\":\"https:\/\/2liceum.eu\/index.php\/2018\/03\/23\/pielgrzymka-maturzystow\/#breadcrumb\",\"itemListElement\":[{\"@type\":\"ListItem\",\"position\":1,\"name\":\"Strona g\u0142\u00f3wna\",\"item\":\"https:\/\/2liceum.eu\/\"},{\"@type\":\"ListItem\",\"position\":2,\"name\":\"Pielgrzymka Maturzyst\u00f3w!\"}]},{\"@type\":\"Article\",\"@id\":\"https:\/\/2liceum.eu\/index.php\/2018\/03\/23\/pielgrzymka-maturzystow\/#article\",\"isPartOf\":{\"@id\":\"https:\/\/2liceum.eu\/index.php\/2018\/03\/23\/pielgrzymka-maturzystow\/\"},\"author\":{\"name\":\"Adam Dragan\",\"@id\":\"https:\/\/2liceum.eu\/#\/schema\/person\/1a52557bfdaf047be954a8b190648da5\"},\"headline\":\"Pielgrzymka Maturzyst\u00f3w!\",\"datePublished\":\"2018-03-23T13:25:20+00:00\",\"dateModified\":\"2018-03-23T13:25:20+00:00\",\"mainEntityOfPage\":{\"@id\":\"https:\/\/2liceum.eu\/index.php\/2018\/03\/23\/pielgrzymka-maturzystow\/\"},\"wordCount\":197,\"commentCount\":0,\"publisher\":{\"@id\":\"https:\/\/2liceum.eu\/#organization\"},\"articleSection\":[\"Aktualno\u015bci\"],\"inLanguage\":\"pl-PL\",\"potentialAction\":[{\"@type\":\"CommentAction\",\"name\":\"Comment\",\"target\":[\"https:\/\/2liceum.eu\/index.php\/2018\/03\/23\/pielgrzymka-maturzystow\/#respond\"]}]},{\"@type\":\"Person\",\"@id\":\"https:\/\/2liceum.eu\/#\/schema\/person\/1a52557bfdaf047be954a8b190648da5\",\"name\":\"Adam Dragan\",\"image\":{\"@type\":\"ImageObject\",\"inLanguage\":\"pl-PL\",\"@id\":\"https:\/\/2liceum.eu\/#\/schema\/person\/image\/\",\"url\":\"https:\/\/secure.gravatar.com\/avatar\/3a2bee53698f47ac117505a8a054d1e47e9ee9593c4c77dc18374aa80472d80c?s=96&d=mm&r=g\",\"contentUrl\":\"https:\/\/secure.gravatar.com\/avatar\/3a2bee53698f47ac117505a8a054d1e47e9ee9593c4c77dc18374aa80472d80c?s=96&d=mm&r=g\",\"caption\":\"Adam Dragan\"},\"sameAs\":[\"http:\/\/2liceum.eu\"]}]}<\/script>\n<!-- \/ Yoast SEO plugin. -->","yoast_head_json":{"title":"Pielgrzymka Maturzyst\u00f3w! - II Liceum Og\u00f3lnokszta\u0142c\u0105ce w Lubinie","robots":{"index":"index","follow":"follow","max-snippet":"max-snippet:-1","max-image-preview":"max-image-preview:large","max-video-preview":"max-video-preview:-1"},"canonical":"https:\/\/2liceum.eu\/index.php\/2018\/03\/23\/pielgrzymka-maturzystow\/","og_locale":"pl_PL","og_type":"article","og_title":"Pielgrzymka Maturzyst\u00f3w! - II Liceum Og\u00f3lnokszta\u0142c\u0105ce w Lubinie","og_description":"Jest ju\u017c tradycj\u0105, \u017ce maturzy\u015bci diecezji legnickiej pielgrzymuj\u0105 do Sanktuarium Maryjnego na Jasnej G\u00f3rze w pierwszym dniu wiosny. Ponad 90 os\u00f3b z naszego liceum zdecydowa\u0142o si\u0119 uda\u0107 do Cz\u0119stochowy. Uczniom towarzyszyli: p. Ma\u0142gorzata Piotrkowska &#8211; Da\u0144kowska, p. Marta Szadkowska, p. Natalia Ossowska, p. Iwona Kuriata &#8211; G\u00f3rczyk, p. Ryszard Techma\u0144ski, p. Tomasz B\u00f3b, p. Dorota [&hellip;]","og_url":"https:\/\/2liceum.eu\/index.php\/2018\/03\/23\/pielgrzymka-maturzystow\/","og_site_name":"II Liceum Og\u00f3lnokszta\u0142c\u0105ce w Lubinie","article_publisher":"https:\/\/web.facebook.com\/IILOLubin\/","article_published_time":"2018-03-23T13:25:20+00:00","og_image":[{"url":"http:\/\/2liceum.eu\/wp-content\/uploads\/sites\/1\/nggallery\/pielgrzymka-maturzystow\/thumbs\/thumbs_014.jpg"}],"author":"Adam Dragan","twitter_card":"summary_large_image","twitter_misc":{"Napisane przez":"Adam Dragan","Szacowany czas czytania":"1 minuta"},"schema":{"@context":"https:\/\/schema.org","@graph":[{"@type":"Organization","@id":"https:\/\/2liceum.eu\/#organization","name":"II Liceum Og\u00f3lnokszta\u0142c\u0105ce w Lubinie","url":"https:\/\/2liceum.eu\/","sameAs":["http:\/\/2lolubin","https:\/\/www.youtube.com\/channel\/UCWjEMxRJYdfvxPhVOn-8g_g","https:\/\/web.facebook.com\/IILOLubin\/"],"logo":{"@type":"ImageObject","inLanguage":"pl-PL","@id":"https:\/\/2liceum.eu\/#\/schema\/logo\/image\/","url":"https:\/\/2liceum.eu\/wp-content\/uploads\/2018\/01\/pobrane.jpg","contentUrl":"https:\/\/2liceum.eu\/wp-content\/uploads\/2018\/01\/pobrane.jpg","width":184,"height":183,"caption":"II Liceum Og\u00f3lnokszta\u0142c\u0105ce w Lubinie"},"image":{"@id":"https:\/\/2liceum.eu\/#\/schema\/logo\/image\/"}},{"@type":"WebSite","@id":"https:\/\/2liceum.eu\/#website","url":"https:\/\/2liceum.eu\/","name":"II Liceum Og\u00f3lnokszta\u0142c\u0105ce w Lubinie","description":"Oficjalny portal II LO w Lubinie. Informacje o szkole, kadrze, zaj\u0119ciach dydaktycznych, ko\u0142ach zainteresowa\u0144, wolontariacie. Aktualno\u015bci. Galeria zdj\u0119\u0107.","publisher":{"@id":"https:\/\/2liceum.eu\/#organization"},"potentialAction":[{"@type":"SearchAction","target":{"@type":"EntryPoint","urlTemplate":"https:\/\/2liceum.eu\/?s={search_term_string}"},"query-input":"required name=search_term_string"}],"inLanguage":"pl-PL"},{"@type":"WebPage","@id":"https:\/\/2liceum.eu\/index.php\/2018\/03\/23\/pielgrzymka-maturzystow\/","url":"https:\/\/2liceum.eu\/index.php\/2018\/03\/23\/pielgrzymka-maturzystow\/","name":"Pielgrzymka Maturzyst\u00f3w! - II Liceum Og\u00f3lnokszta\u0142c\u0105ce w Lubinie","isPartOf":{"@id":"https:\/\/2liceum.eu\/#website"},"datePublished":"2018-03-23T13:25:20+00:00","dateModified":"2018-03-23T13:25:20+00:00","breadcrumb":{"@id":"https:\/\/2liceum.eu\/index.php\/2018\/03\/23\/pielgrzymka-maturzystow\/#breadcrumb"},"inLanguage":"pl-PL","potentialAction":[{"@type":"ReadAction","target":["https:\/\/2liceum.eu\/index.php\/2018\/03\/23\/pielgrzymka-maturzystow\/"]}]},{"@type":"BreadcrumbList","@id":"https:\/\/2liceum.eu\/index.php\/2018\/03\/23\/pielgrzymka-maturzystow\/#breadcrumb","itemListElement":[{"@type":"ListItem","position":1,"name":"Strona g\u0142\u00f3wna","item":"https:\/\/2liceum.eu\/"},{"@type":"ListItem","position":2,"name":"Pielgrzymka Maturzyst\u00f3w!"}]},{"@type":"Article","@id":"https:\/\/2liceum.eu\/index.php\/2018\/03\/23\/pielgrzymka-maturzystow\/#article","isPartOf":{"@id":"https:\/\/2liceum.eu\/index.php\/2018\/03\/23\/pielgrzymka-maturzystow\/"},"author":{"name":"Adam Dragan","@id":"https:\/\/2liceum.eu\/#\/schema\/person\/1a52557bfdaf047be954a8b190648da5"},"headline":"Pielgrzymka Maturzyst\u00f3w!","datePublished":"2018-03-23T13:25:20+00:00","dateModified":"2018-03-23T13:25:20+00:00","mainEntityOfPage":{"@id":"https:\/\/2liceum.eu\/index.php\/2018\/03\/23\/pielgrzymka-maturzystow\/"},"wordCount":197,"commentCount":0,"publisher":{"@id":"https:\/\/2liceum.eu\/#organization"},"articleSection":["Aktualno\u015bci"],"inLanguage":"pl-PL","potentialAction":[{"@type":"CommentAction","name":"Comment","target":["https:\/\/2liceum.eu\/index.php\/2018\/03\/23\/pielgrzymka-maturzystow\/#respond"]}]},{"@type":"Person","@id":"https:\/\/2liceum.eu\/#\/schema\/person\/1a52557bfdaf047be954a8b190648da5","name":"Adam Dragan","image":{"@type":"ImageObject","inLanguage":"pl-PL","@id":"https:\/\/2liceum.eu\/#\/schema\/person\/image\/","url":"https:\/\/secure.gravatar.com\/avatar\/3a2bee53698f47ac117505a8a054d1e47e9ee9593c4c77dc18374aa80472d80c?s=96&d=mm&r=g","contentUrl":"https:\/\/secure.gravatar.com\/avatar\/3a2bee53698f47ac117505a8a054d1e47e9ee9593c4c77dc18374aa80472d80c?s=96&d=mm&r=g","caption":"Adam Dragan"},"sameAs":["http:\/\/2liceum.eu"]}]}},"_links":{"self":[{"href":"https:\/\/2liceum.eu\/index.php\/wp-json\/wp\/v2\/posts\/901","targetHints":{"allow":["GET"]}}],"collection":[{"href":"https:\/\/2liceum.eu\/index.php\/wp-json\/wp\/v2\/posts"}],"about":[{"href":"https:\/\/2liceum.eu\/index.php\/wp-json\/wp\/v2\/types\/post"}],"author":[{"embeddable":true,"href":"https:\/\/2liceum.eu\/index.php\/wp-json\/wp\/v2\/users\/2"}],"replies":[{"embeddable":true,"href":"https:\/\/2liceum.eu\/index.php\/wp-json\/wp\/v2\/comments?post=901"}],"version-history":[{"count":1,"href":"https:\/\/2liceum.eu\/index.php\/wp-json\/wp\/v2\/posts\/901\/revisions"}],"predecessor-version":[{"id":902,"href":"https:\/\/2liceum.eu\/index.php\/wp-json\/wp\/v2\/posts\/901\/revisions\/902"}],"wp:attachment":[{"href":"https:\/\/2liceum.eu\/index.php\/wp-json\/wp\/v2\/media?parent=901"}],"wp:term":[{"taxonomy":"category","embeddable":true,"href":"https:\/\/2liceum.eu\/index.php\/wp-json\/wp\/v2\/categories?post=901"},{"taxonomy":"post_tag","embeddable":true,"href":"https:\/\/2liceum.eu\/index.php\/wp-json\/wp\/v2\/tags?post=901"}],"curies":[{"name":"wp","href":"https:\/\/api.w.org\/{rel}","templated":true}]}}