{"id":9018,"date":"2023-11-20T14:19:39","date_gmt":"2023-11-20T13:19:39","guid":{"rendered":"https:\/\/2liceum.eu\/?p=9018"},"modified":"2023-11-20T14:19:52","modified_gmt":"2023-11-20T13:19:52","slug":"podsumowanie-akcji-podaruj-misia","status":"publish","type":"post","link":"https:\/\/2liceum.eu\/index.php\/2023\/11\/20\/podsumowanie-akcji-podaruj-misia\/","title":{"rendered":"Podsumowanie akcji &#8222;Podaruj Misia&#8221;!"},"content":{"rendered":"\n<div class=\"xdj266r x11i5rnm xat24cr x1mh8g0r x1vvkbs x126k92a\">\n<div dir=\"auto\" style=\"text-align: center;\"><img loading=\"lazy\" decoding=\"async\" class=\"size-thumbnail wp-image-9019 alignleft\" src=\"https:\/\/2liceum.eu\/wp-content\/uploads\/2023\/11\/IMG20231120125419-150x150.jpg\" alt=\"\" width=\"150\" height=\"150\"><\/div>\n<div dir=\"auto\" style=\"text-align: justify;\"><strong>Dzi\u0119kujemy wszystkim uczniom i pracownikom naszej szko\u0142y, kt\u00f3rzy w\u0142\u0105czyli si\u0119 w <span style=\"color: #800080;\">akcj\u0119 \u201ePodaruj Misia\u201d<\/span><\/strong>, organizowanej przez Fundacj\u0119 na ratunek dzieciom z chorob\u0105 nowotworow\u0105. Celem by\u0142a zbi\u00f3rka przytulanek dla najm\u0142odszych pacjent\u00f3w, kt\u00f3rymi opiekuje si\u0119 Fundacja.<\/div>\n<div dir=\"auto\" style=\"text-align: justify;\">&nbsp;<\/div>\n<\/div>\n<div class=\"x11i5rnm xat24cr x1mh8g0r x1vvkbs xtlvy1s x126k92a\" style=\"text-align: justify;\">\n<div dir=\"auto\">Dla dzieci z nowotworami, przebywaj\u0105cych cz\u0119sto przez d\u0142ugi czas w szpitalu, ka\u017cdy nowy pluszowy mi\u015b jest \u017ar\u00f3d\u0142em niezwyk\u0142ej rado\u015bci i pocieszeniem podczas trudnego okresu leczenia onkologicznego.<\/div>\n<\/div>\n<div class=\"x11i5rnm xat24cr x1mh8g0r x1vvkbs xtlvy1s x126k92a\">\n<div dir=\"auto\" style=\"text-align: justify;\">&nbsp;<\/div>\n<div dir=\"auto\" style=\"text-align: justify;\">W ramach akcji zosta\u0142y zebrane i przekazane do fundacji dwa du\u017ce kartony nowych pluszak\u00f3w, kt\u00f3re zostan\u0105 rozdane ma\u0142ym pacjentom 25 listopada, w ramach obchod\u00f3w Dnia Pluszowego Misia.<\/div>\n<div dir=\"auto\">&nbsp;<\/div>\n<\/div>\n<div class=\"x11i5rnm xat24cr x1mh8g0r x1vvkbs xtlvy1s x126k92a\">\n<div dir=\"auto\" style=\"text-align: center;\">Serdecznie dzi\u0119kujemy za dar serca!<\/div>\n<\/div>\n","protected":false},"excerpt":{"rendered":"<p>Dzi\u0119kujemy wszystkim uczniom i pracownikom naszej szko\u0142y, kt\u00f3rzy w\u0142\u0105czyli si\u0119 w akcj\u0119 \u201ePodaruj Misia\u201d, organizowanej przez Fundacj\u0119 na ratunek dzieciom z chorob\u0105 nowotworow\u0105. Celem by\u0142a zbi\u00f3rka przytulanek dla najm\u0142odszych pacjent\u00f3w, kt\u00f3rymi opiekuje si\u0119 Fundacja. &nbsp; Dla dzieci z nowotworami, przebywaj\u0105cych cz\u0119sto przez d\u0142ugi czas w szpitalu, ka\u017cdy nowy pluszowy mi\u015b jest \u017ar\u00f3d\u0142em niezwyk\u0142ej rado\u015bci i [&hellip;]<\/p>\n","protected":false},"author":2,"featured_media":0,"comment_status":"open","ping_status":"open","sticky":false,"template":"","format":"standard","meta":{"ngg_post_thumbnail":0,"footnotes":""},"categories":[1],"tags":[],"class_list":["post-9018","post","type-post","status-publish","format-standard","hentry","category-aktualnosci"],"yoast_head":"<!-- This site is optimized with the Yoast SEO plugin v19.4 - https:\/\/yoast.com\/wordpress\/plugins\/seo\/ -->\n<title>Podsumowanie akcji &quot;Podaruj Misia&quot;! - II Liceum Og\u00f3lnokszta\u0142c\u0105ce w Lubinie<\/title>\n<meta name=\"robots\" content=\"index, follow, max-snippet:-1, max-image-preview:large, max-video-preview:-1\" \/>\n<link rel=\"canonical\" href=\"https:\/\/2liceum.eu\/index.php\/2023\/11\/20\/podsumowanie-akcji-podaruj-misia\/\" \/>\n<meta property=\"og:locale\" content=\"pl_PL\" \/>\n<meta property=\"og:type\" content=\"article\" \/>\n<meta property=\"og:title\" content=\"Podsumowanie akcji &quot;Podaruj Misia&quot;! - II Liceum Og\u00f3lnokszta\u0142c\u0105ce w Lubinie\" \/>\n<meta property=\"og:description\" content=\"Dzi\u0119kujemy wszystkim uczniom i pracownikom naszej szko\u0142y, kt\u00f3rzy w\u0142\u0105czyli si\u0119 w akcj\u0119 \u201ePodaruj Misia\u201d, organizowanej przez Fundacj\u0119 na ratunek dzieciom z chorob\u0105 nowotworow\u0105. Celem by\u0142a zbi\u00f3rka przytulanek dla najm\u0142odszych pacjent\u00f3w, kt\u00f3rymi opiekuje si\u0119 Fundacja. &nbsp; Dla dzieci z nowotworami, przebywaj\u0105cych cz\u0119sto przez d\u0142ugi czas w szpitalu, ka\u017cdy nowy pluszowy mi\u015b jest \u017ar\u00f3d\u0142em niezwyk\u0142ej rado\u015bci i [&hellip;]\" \/>\n<meta property=\"og:url\" content=\"https:\/\/2liceum.eu\/index.php\/2023\/11\/20\/podsumowanie-akcji-podaruj-misia\/\" \/>\n<meta property=\"og:site_name\" content=\"II Liceum Og\u00f3lnokszta\u0142c\u0105ce w Lubinie\" \/>\n<meta property=\"article:publisher\" content=\"https:\/\/web.facebook.com\/IILOLubin\/\" \/>\n<meta property=\"article:published_time\" content=\"2023-11-20T13:19:39+00:00\" \/>\n<meta property=\"article:modified_time\" content=\"2023-11-20T13:19:52+00:00\" \/>\n<meta property=\"og:image\" content=\"https:\/\/2liceum.eu\/wp-content\/uploads\/2023\/11\/IMG20231120125419-150x150.jpg\" \/>\n<meta name=\"author\" content=\"Adam Dragan\" \/>\n<meta name=\"twitter:card\" content=\"summary_large_image\" \/>\n<meta name=\"twitter:label1\" content=\"Napisane przez\" \/>\n\t<meta name=\"twitter:data1\" content=\"Adam Dragan\" \/>\n\t<meta name=\"twitter:label2\" content=\"Szacowany czas czytania\" \/>\n\t<meta name=\"twitter:data2\" content=\"1 minuta\" \/>\n<script type=\"application\/ld+json\" class=\"yoast-schema-graph\">{\"@context\":\"https:\/\/schema.org\",\"@graph\":[{\"@type\":\"Organization\",\"@id\":\"https:\/\/2liceum.eu\/#organization\",\"name\":\"II Liceum Og\u00f3lnokszta\u0142c\u0105ce w Lubinie\",\"url\":\"https:\/\/2liceum.eu\/\",\"sameAs\":[\"http:\/\/2lolubin\",\"https:\/\/www.youtube.com\/channel\/UCWjEMxRJYdfvxPhVOn-8g_g\",\"https:\/\/web.facebook.com\/IILOLubin\/\"],\"logo\":{\"@type\":\"ImageObject\",\"inLanguage\":\"pl-PL\",\"@id\":\"https:\/\/2liceum.eu\/#\/schema\/logo\/image\/\",\"url\":\"https:\/\/2liceum.eu\/wp-content\/uploads\/2018\/01\/pobrane.jpg\",\"contentUrl\":\"https:\/\/2liceum.eu\/wp-content\/uploads\/2018\/01\/pobrane.jpg\",\"width\":184,\"height\":183,\"caption\":\"II Liceum Og\u00f3lnokszta\u0142c\u0105ce w Lubinie\"},\"image\":{\"@id\":\"https:\/\/2liceum.eu\/#\/schema\/logo\/image\/\"}},{\"@type\":\"WebSite\",\"@id\":\"https:\/\/2liceum.eu\/#website\",\"url\":\"https:\/\/2liceum.eu\/\",\"name\":\"II Liceum Og\u00f3lnokszta\u0142c\u0105ce w Lubinie\",\"description\":\"Oficjalny portal II LO w Lubinie. Informacje o szkole, kadrze, zaj\u0119ciach dydaktycznych, ko\u0142ach zainteresowa\u0144, wolontariacie. Aktualno\u015bci. Galeria zdj\u0119\u0107.\",\"publisher\":{\"@id\":\"https:\/\/2liceum.eu\/#organization\"},\"potentialAction\":[{\"@type\":\"SearchAction\",\"target\":{\"@type\":\"EntryPoint\",\"urlTemplate\":\"https:\/\/2liceum.eu\/?s={search_term_string}\"},\"query-input\":\"required name=search_term_string\"}],\"inLanguage\":\"pl-PL\"},{\"@type\":\"WebPage\",\"@id\":\"https:\/\/2liceum.eu\/index.php\/2023\/11\/20\/podsumowanie-akcji-podaruj-misia\/\",\"url\":\"https:\/\/2liceum.eu\/index.php\/2023\/11\/20\/podsumowanie-akcji-podaruj-misia\/\",\"name\":\"Podsumowanie akcji \\\"Podaruj Misia\\\"! - II Liceum Og\u00f3lnokszta\u0142c\u0105ce w Lubinie\",\"isPartOf\":{\"@id\":\"https:\/\/2liceum.eu\/#website\"},\"datePublished\":\"2023-11-20T13:19:39+00:00\",\"dateModified\":\"2023-11-20T13:19:52+00:00\",\"breadcrumb\":{\"@id\":\"https:\/\/2liceum.eu\/index.php\/2023\/11\/20\/podsumowanie-akcji-podaruj-misia\/#breadcrumb\"},\"inLanguage\":\"pl-PL\",\"potentialAction\":[{\"@type\":\"ReadAction\",\"target\":[\"https:\/\/2liceum.eu\/index.php\/2023\/11\/20\/podsumowanie-akcji-podaruj-misia\/\"]}]},{\"@type\":\"BreadcrumbList\",\"@id\":\"https:\/\/2liceum.eu\/index.php\/2023\/11\/20\/podsumowanie-akcji-podaruj-misia\/#breadcrumb\",\"itemListElement\":[{\"@type\":\"ListItem\",\"position\":1,\"name\":\"Strona g\u0142\u00f3wna\",\"item\":\"https:\/\/2liceum.eu\/\"},{\"@type\":\"ListItem\",\"position\":2,\"name\":\"Podsumowanie akcji &#8222;Podaruj Misia&#8221;!\"}]},{\"@type\":\"Article\",\"@id\":\"https:\/\/2liceum.eu\/index.php\/2023\/11\/20\/podsumowanie-akcji-podaruj-misia\/#article\",\"isPartOf\":{\"@id\":\"https:\/\/2liceum.eu\/index.php\/2023\/11\/20\/podsumowanie-akcji-podaruj-misia\/\"},\"author\":{\"name\":\"Adam Dragan\",\"@id\":\"https:\/\/2liceum.eu\/#\/schema\/person\/1a52557bfdaf047be954a8b190648da5\"},\"headline\":\"Podsumowanie akcji &#8222;Podaruj Misia&#8221;!\",\"datePublished\":\"2023-11-20T13:19:39+00:00\",\"dateModified\":\"2023-11-20T13:19:52+00:00\",\"mainEntityOfPage\":{\"@id\":\"https:\/\/2liceum.eu\/index.php\/2023\/11\/20\/podsumowanie-akcji-podaruj-misia\/\"},\"wordCount\":122,\"commentCount\":0,\"publisher\":{\"@id\":\"https:\/\/2liceum.eu\/#organization\"},\"articleSection\":[\"Aktualno\u015bci\"],\"inLanguage\":\"pl-PL\",\"potentialAction\":[{\"@type\":\"CommentAction\",\"name\":\"Comment\",\"target\":[\"https:\/\/2liceum.eu\/index.php\/2023\/11\/20\/podsumowanie-akcji-podaruj-misia\/#respond\"]}]},{\"@type\":\"Person\",\"@id\":\"https:\/\/2liceum.eu\/#\/schema\/person\/1a52557bfdaf047be954a8b190648da5\",\"name\":\"Adam Dragan\",\"image\":{\"@type\":\"ImageObject\",\"inLanguage\":\"pl-PL\",\"@id\":\"https:\/\/2liceum.eu\/#\/schema\/person\/image\/\",\"url\":\"https:\/\/secure.gravatar.com\/avatar\/3a2bee53698f47ac117505a8a054d1e47e9ee9593c4c77dc18374aa80472d80c?s=96&d=mm&r=g\",\"contentUrl\":\"https:\/\/secure.gravatar.com\/avatar\/3a2bee53698f47ac117505a8a054d1e47e9ee9593c4c77dc18374aa80472d80c?s=96&d=mm&r=g\",\"caption\":\"Adam Dragan\"},\"sameAs\":[\"http:\/\/2liceum.eu\"]}]}<\/script>\n<!-- \/ Yoast SEO plugin. -->","yoast_head_json":{"title":"Podsumowanie akcji \"Podaruj Misia\"! - II Liceum Og\u00f3lnokszta\u0142c\u0105ce w Lubinie","robots":{"index":"index","follow":"follow","max-snippet":"max-snippet:-1","max-image-preview":"max-image-preview:large","max-video-preview":"max-video-preview:-1"},"canonical":"https:\/\/2liceum.eu\/index.php\/2023\/11\/20\/podsumowanie-akcji-podaruj-misia\/","og_locale":"pl_PL","og_type":"article","og_title":"Podsumowanie akcji \"Podaruj Misia\"! - II Liceum Og\u00f3lnokszta\u0142c\u0105ce w Lubinie","og_description":"Dzi\u0119kujemy wszystkim uczniom i pracownikom naszej szko\u0142y, kt\u00f3rzy w\u0142\u0105czyli si\u0119 w akcj\u0119 \u201ePodaruj Misia\u201d, organizowanej przez Fundacj\u0119 na ratunek dzieciom z chorob\u0105 nowotworow\u0105. Celem by\u0142a zbi\u00f3rka przytulanek dla najm\u0142odszych pacjent\u00f3w, kt\u00f3rymi opiekuje si\u0119 Fundacja. &nbsp; Dla dzieci z nowotworami, przebywaj\u0105cych cz\u0119sto przez d\u0142ugi czas w szpitalu, ka\u017cdy nowy pluszowy mi\u015b jest \u017ar\u00f3d\u0142em niezwyk\u0142ej rado\u015bci i [&hellip;]","og_url":"https:\/\/2liceum.eu\/index.php\/2023\/11\/20\/podsumowanie-akcji-podaruj-misia\/","og_site_name":"II Liceum Og\u00f3lnokszta\u0142c\u0105ce w Lubinie","article_publisher":"https:\/\/web.facebook.com\/IILOLubin\/","article_published_time":"2023-11-20T13:19:39+00:00","article_modified_time":"2023-11-20T13:19:52+00:00","og_image":[{"url":"https:\/\/2liceum.eu\/wp-content\/uploads\/2023\/11\/IMG20231120125419-150x150.jpg"}],"author":"Adam Dragan","twitter_card":"summary_large_image","twitter_misc":{"Napisane przez":"Adam Dragan","Szacowany czas czytania":"1 minuta"},"schema":{"@context":"https:\/\/schema.org","@graph":[{"@type":"Organization","@id":"https:\/\/2liceum.eu\/#organization","name":"II Liceum Og\u00f3lnokszta\u0142c\u0105ce w Lubinie","url":"https:\/\/2liceum.eu\/","sameAs":["http:\/\/2lolubin","https:\/\/www.youtube.com\/channel\/UCWjEMxRJYdfvxPhVOn-8g_g","https:\/\/web.facebook.com\/IILOLubin\/"],"logo":{"@type":"ImageObject","inLanguage":"pl-PL","@id":"https:\/\/2liceum.eu\/#\/schema\/logo\/image\/","url":"https:\/\/2liceum.eu\/wp-content\/uploads\/2018\/01\/pobrane.jpg","contentUrl":"https:\/\/2liceum.eu\/wp-content\/uploads\/2018\/01\/pobrane.jpg","width":184,"height":183,"caption":"II Liceum Og\u00f3lnokszta\u0142c\u0105ce w Lubinie"},"image":{"@id":"https:\/\/2liceum.eu\/#\/schema\/logo\/image\/"}},{"@type":"WebSite","@id":"https:\/\/2liceum.eu\/#website","url":"https:\/\/2liceum.eu\/","name":"II Liceum Og\u00f3lnokszta\u0142c\u0105ce w Lubinie","description":"Oficjalny portal II LO w Lubinie. Informacje o szkole, kadrze, zaj\u0119ciach dydaktycznych, ko\u0142ach zainteresowa\u0144, wolontariacie. Aktualno\u015bci. Galeria zdj\u0119\u0107.","publisher":{"@id":"https:\/\/2liceum.eu\/#organization"},"potentialAction":[{"@type":"SearchAction","target":{"@type":"EntryPoint","urlTemplate":"https:\/\/2liceum.eu\/?s={search_term_string}"},"query-input":"required name=search_term_string"}],"inLanguage":"pl-PL"},{"@type":"WebPage","@id":"https:\/\/2liceum.eu\/index.php\/2023\/11\/20\/podsumowanie-akcji-podaruj-misia\/","url":"https:\/\/2liceum.eu\/index.php\/2023\/11\/20\/podsumowanie-akcji-podaruj-misia\/","name":"Podsumowanie akcji \"Podaruj Misia\"! - II Liceum Og\u00f3lnokszta\u0142c\u0105ce w Lubinie","isPartOf":{"@id":"https:\/\/2liceum.eu\/#website"},"datePublished":"2023-11-20T13:19:39+00:00","dateModified":"2023-11-20T13:19:52+00:00","breadcrumb":{"@id":"https:\/\/2liceum.eu\/index.php\/2023\/11\/20\/podsumowanie-akcji-podaruj-misia\/#breadcrumb"},"inLanguage":"pl-PL","potentialAction":[{"@type":"ReadAction","target":["https:\/\/2liceum.eu\/index.php\/2023\/11\/20\/podsumowanie-akcji-podaruj-misia\/"]}]},{"@type":"BreadcrumbList","@id":"https:\/\/2liceum.eu\/index.php\/2023\/11\/20\/podsumowanie-akcji-podaruj-misia\/#breadcrumb","itemListElement":[{"@type":"ListItem","position":1,"name":"Strona g\u0142\u00f3wna","item":"https:\/\/2liceum.eu\/"},{"@type":"ListItem","position":2,"name":"Podsumowanie akcji &#8222;Podaruj Misia&#8221;!"}]},{"@type":"Article","@id":"https:\/\/2liceum.eu\/index.php\/2023\/11\/20\/podsumowanie-akcji-podaruj-misia\/#article","isPartOf":{"@id":"https:\/\/2liceum.eu\/index.php\/2023\/11\/20\/podsumowanie-akcji-podaruj-misia\/"},"author":{"name":"Adam Dragan","@id":"https:\/\/2liceum.eu\/#\/schema\/person\/1a52557bfdaf047be954a8b190648da5"},"headline":"Podsumowanie akcji &#8222;Podaruj Misia&#8221;!","datePublished":"2023-11-20T13:19:39+00:00","dateModified":"2023-11-20T13:19:52+00:00","mainEntityOfPage":{"@id":"https:\/\/2liceum.eu\/index.php\/2023\/11\/20\/podsumowanie-akcji-podaruj-misia\/"},"wordCount":122,"commentCount":0,"publisher":{"@id":"https:\/\/2liceum.eu\/#organization"},"articleSection":["Aktualno\u015bci"],"inLanguage":"pl-PL","potentialAction":[{"@type":"CommentAction","name":"Comment","target":["https:\/\/2liceum.eu\/index.php\/2023\/11\/20\/podsumowanie-akcji-podaruj-misia\/#respond"]}]},{"@type":"Person","@id":"https:\/\/2liceum.eu\/#\/schema\/person\/1a52557bfdaf047be954a8b190648da5","name":"Adam Dragan","image":{"@type":"ImageObject","inLanguage":"pl-PL","@id":"https:\/\/2liceum.eu\/#\/schema\/person\/image\/","url":"https:\/\/secure.gravatar.com\/avatar\/3a2bee53698f47ac117505a8a054d1e47e9ee9593c4c77dc18374aa80472d80c?s=96&d=mm&r=g","contentUrl":"https:\/\/secure.gravatar.com\/avatar\/3a2bee53698f47ac117505a8a054d1e47e9ee9593c4c77dc18374aa80472d80c?s=96&d=mm&r=g","caption":"Adam Dragan"},"sameAs":["http:\/\/2liceum.eu"]}]}},"_links":{"self":[{"href":"https:\/\/2liceum.eu\/index.php\/wp-json\/wp\/v2\/posts\/9018","targetHints":{"allow":["GET"]}}],"collection":[{"href":"https:\/\/2liceum.eu\/index.php\/wp-json\/wp\/v2\/posts"}],"about":[{"href":"https:\/\/2liceum.eu\/index.php\/wp-json\/wp\/v2\/types\/post"}],"author":[{"embeddable":true,"href":"https:\/\/2liceum.eu\/index.php\/wp-json\/wp\/v2\/users\/2"}],"replies":[{"embeddable":true,"href":"https:\/\/2liceum.eu\/index.php\/wp-json\/wp\/v2\/comments?post=9018"}],"version-history":[{"count":2,"href":"https:\/\/2liceum.eu\/index.php\/wp-json\/wp\/v2\/posts\/9018\/revisions"}],"predecessor-version":[{"id":9021,"href":"https:\/\/2liceum.eu\/index.php\/wp-json\/wp\/v2\/posts\/9018\/revisions\/9021"}],"wp:attachment":[{"href":"https:\/\/2liceum.eu\/index.php\/wp-json\/wp\/v2\/media?parent=9018"}],"wp:term":[{"taxonomy":"category","embeddable":true,"href":"https:\/\/2liceum.eu\/index.php\/wp-json\/wp\/v2\/categories?post=9018"},{"taxonomy":"post_tag","embeddable":true,"href":"https:\/\/2liceum.eu\/index.php\/wp-json\/wp\/v2\/tags?post=9018"}],"curies":[{"name":"wp","href":"https:\/\/api.w.org\/{rel}","templated":true}]}}