{"id":9064,"date":"2023-11-27T18:03:54","date_gmt":"2023-11-27T17:03:54","guid":{"rendered":"https:\/\/2liceum.eu\/?p=9064"},"modified":"2023-11-27T18:05:54","modified_gmt":"2023-11-27T17:05:54","slug":"wycieczka-2b-do-wroclawia","status":"publish","type":"post","link":"https:\/\/2liceum.eu\/index.php\/2023\/11\/27\/wycieczka-2b-do-wroclawia\/","title":{"rendered":"Wycieczka 2B do Wroc\u0142awia!"},"content":{"rendered":"\n<div class=\"xdj266r x11i5rnm xat24cr x1mh8g0r x1vvkbs x126k92a\">\n<div dir=\"auto\" style=\"text-align: center;\"><img loading=\"lazy\" decoding=\"async\" class=\"alignnone size-thumbnail\" src=\"https:\/\/2liceum.eu\/wp-content\/uploads\/sites\/1\/nggallery\/inauguracja-roku-akademickiego-na-uwr\/1.jpg\" width=\"1600\" height=\"1200\"><\/div>\n<div dir=\"auto\">&nbsp;<\/div>\n<div dir=\"auto\" style=\"text-align: justify;\">W <strong>dniu 23 listopada 2023 roku uczniowie klasy 2b wraz z p. Ryszardem Techma\u0144skim, p. Olg\u0105 St\u0119pie\u0144 i p. dyrektorem Tomaszem Radziejem odbyli wycieczk\u0119 do Wroc\u0142awia na Uniwersytet Wroc\u0142awski na <span style=\"color: #008000;\">uroczyst\u0105 inauguracj\u0119 nowego roku akademickiego 2023\/2024<\/span><\/strong> w Kolegium Mi\u0119dzydziedzinowych Studi\u00f3w Indywidualnych dla tych student\u00f3w, kt\u00f3rzy studiuj\u0105 na dw\u00f3ch lub wi\u0119cej kierunkach jednocze\u015bnie.<\/div>\n<div dir=\"auto\">&nbsp;<\/div>\n<div dir=\"auto\" style=\"text-align: justify;\"><span style=\"color: initial;\">Podr\u00f3\u017c na miejsce odby\u0142a si\u0119 poci\u0105giem, kt\u00f3ry niestety by\u0142 op\u00f3\u017aniony, lecz nie przeszkodzi\u0142o to w dotarciu do celu na czas. Po przybyciu na miejsce uczniowie mieli okazj\u0119 zapozna\u0107 si\u0119 z r\u00f3\u017cnorodnymi eksponatami prezentowanymi w uniwersyteckim muzeum, a tak\u017ce zwiedzi\u0107 Aul\u0119 Leopoldina, Oratorium Marianum oraz wej\u015b\u0107 na Wie\u017c\u0119 Matematyczn\u0105, z kt\u00f3rej mo\u017cna ogl\u0105da\u0107 panoram\u0119 Wroc\u0142awia. Po zwiedzaniu G\u0142\u00f3wnego Budynku Uniwersytetu wszyscy udali si\u0119 do przepi\u0119knie zdobionej, barokowej Auli Leopoldina, gdzie o godzinie 12:00 rozpocz\u0119\u0142a si\u0119 uroczysto\u015b\u0107 inauguracji, z udzia\u0142em m.in. prorektora Uniwersytetu Wroc\u0142awskiego prof. Stefana Kiedronia, prof. dr hab. Piotra Chruszczewskiego, oraz go\u015bcia specjalnego \u2013 p. Jacka Hugo-Badera, dziennikarza i reportera. W uroczystej inauguracji uczestniczyli przedstawiciele innych lice\u00f3w og\u00f3lnokszta\u0142c\u0105cych, nad kt\u00f3rymi Uniwersytet Wroc\u0142awski sprawuje patronat. Uroczysto\u015b\u0107 zacz\u0119\u0142a si\u0119 od odtworzenia hymnu akademickiego \u201eGaudeamus igitur\u201d i przyj\u0119cia do wsp\u00f3lnoty akademickiej nowych student\u00f3w. Drug\u0105 cz\u0119\u015bci\u0105 wydarzenia by\u0142 wyk\u0142ad p. Jacka Hugo-Badera, podczas kt\u00f3rego opowiedzia\u0142 on wiele ciekawych i cz\u0119sto nawet poruszaj\u0105cych historii ze swojego \u017cycia. Po zako\u0144czeniu uroczysto\u015bci, jej uczestnicy mieli okazj\u0119 otrzyma\u0107 torby z wizerunkiem Alberta Einsteina, oraz broszur\u0119 pt. \u201eReporter \u2013 T\u0142umacz z drogi\u201d z autografem autora. Nie by\u0142 to jednak koniec pobytu na uniwersytecie, poniewa\u017c na go\u015bci czeka\u0142 jeszcze ciep\u0142y pocz\u0119stunek. Nast\u0119pnie uczniowie wraz z opiekunami udali si\u0119 w drog\u0119 powrotn\u0105, tak\u017ce poci\u0105giem. Wszyscy dotarli do swoich dom\u00f3w bezpiecznie.<\/span><\/div>\n<div dir=\"auto\">&nbsp;<\/div>\n<div dir=\"auto\" style=\"text-align: justify;\"><span style=\"color: initial;\">Dzi\u0119kujemy p. Rektorowi prof. dr hab. Robertowi Olkiewiczowi oraz p. prof. dr hab. Piotrowi Chruszczewskiemu za umo\u017cliwienie wzi\u0119cia udzia\u0142u w uroczysto\u015bci oraz wst\u0119pu do muzeum i sal uniwersyteckich a naszym opiekunom za zapewnienie bezpiecze\u0144stwa i organizacj\u0119 podczas wyjazdu.<\/span><\/div>\n<\/div>\n<div dir=\"auto\">&nbsp;<\/div>\n\n\n<div class=\"wp-block-image\">\n<figure class=\"aligncenter size-full\"><a href=\"https:\/\/2liceum.eu\/index.php\/rok-szkolny-2023-2024\/nggallery\/rok-szkolny-2023-2024\/inauguracja-roku-akademickiego-na-uwr\/page\/1\"><img loading=\"lazy\" decoding=\"async\" width=\"119\" height=\"26\" src=\"https:\/\/2liceum.eu\/wp-content\/uploads\/2019\/12\/galeria.jpg\" alt=\"\" class=\"wp-image-4616\"\/><\/a><\/figure>\n<\/div>","protected":false},"excerpt":{"rendered":"<p>&nbsp; W dniu 23 listopada 2023 roku uczniowie klasy 2b wraz z p. Ryszardem Techma\u0144skim, p. Olg\u0105 St\u0119pie\u0144 i p. dyrektorem Tomaszem Radziejem odbyli wycieczk\u0119 do Wroc\u0142awia na Uniwersytet Wroc\u0142awski na uroczyst\u0105 inauguracj\u0119 nowego roku akademickiego 2023\/2024 w Kolegium Mi\u0119dzydziedzinowych Studi\u00f3w Indywidualnych dla tych student\u00f3w, kt\u00f3rzy studiuj\u0105 na dw\u00f3ch lub wi\u0119cej kierunkach jednocze\u015bnie. &nbsp; Podr\u00f3\u017c [&hellip;]<\/p>\n","protected":false},"author":2,"featured_media":0,"comment_status":"open","ping_status":"open","sticky":false,"template":"","format":"standard","meta":{"ngg_post_thumbnail":0,"footnotes":""},"categories":[1],"tags":[],"class_list":["post-9064","post","type-post","status-publish","format-standard","hentry","category-aktualnosci"],"yoast_head":"<!-- This site is optimized with the Yoast SEO plugin v19.4 - https:\/\/yoast.com\/wordpress\/plugins\/seo\/ -->\n<title>Wycieczka 2B do Wroc\u0142awia! - II Liceum Og\u00f3lnokszta\u0142c\u0105ce w Lubinie<\/title>\n<meta name=\"robots\" content=\"index, follow, max-snippet:-1, max-image-preview:large, max-video-preview:-1\" \/>\n<link rel=\"canonical\" href=\"https:\/\/2liceum.eu\/index.php\/2023\/11\/27\/wycieczka-2b-do-wroclawia\/\" \/>\n<meta property=\"og:locale\" content=\"pl_PL\" \/>\n<meta property=\"og:type\" content=\"article\" \/>\n<meta property=\"og:title\" content=\"Wycieczka 2B do Wroc\u0142awia! - II Liceum Og\u00f3lnokszta\u0142c\u0105ce w Lubinie\" \/>\n<meta property=\"og:description\" content=\"&nbsp; W dniu 23 listopada 2023 roku uczniowie klasy 2b wraz z p. Ryszardem Techma\u0144skim, p. Olg\u0105 St\u0119pie\u0144 i p. dyrektorem Tomaszem Radziejem odbyli wycieczk\u0119 do Wroc\u0142awia na Uniwersytet Wroc\u0142awski na uroczyst\u0105 inauguracj\u0119 nowego roku akademickiego 2023\/2024 w Kolegium Mi\u0119dzydziedzinowych Studi\u00f3w Indywidualnych dla tych student\u00f3w, kt\u00f3rzy studiuj\u0105 na dw\u00f3ch lub wi\u0119cej kierunkach jednocze\u015bnie. &nbsp; Podr\u00f3\u017c [&hellip;]\" \/>\n<meta property=\"og:url\" content=\"https:\/\/2liceum.eu\/index.php\/2023\/11\/27\/wycieczka-2b-do-wroclawia\/\" \/>\n<meta property=\"og:site_name\" content=\"II Liceum Og\u00f3lnokszta\u0142c\u0105ce w Lubinie\" \/>\n<meta property=\"article:publisher\" content=\"https:\/\/web.facebook.com\/IILOLubin\/\" \/>\n<meta property=\"article:published_time\" content=\"2023-11-27T17:03:54+00:00\" \/>\n<meta property=\"article:modified_time\" content=\"2023-11-27T17:05:54+00:00\" \/>\n<meta property=\"og:image\" content=\"https:\/\/2liceum.eu\/wp-content\/uploads\/sites\/1\/nggallery\/inauguracja-roku-akademickiego-na-uwr\/1.jpg\" \/>\n<meta name=\"author\" content=\"Adam Dragan\" \/>\n<meta name=\"twitter:card\" content=\"summary_large_image\" \/>\n<meta name=\"twitter:label1\" content=\"Napisane przez\" \/>\n\t<meta name=\"twitter:data1\" content=\"Adam Dragan\" \/>\n\t<meta name=\"twitter:label2\" content=\"Szacowany czas czytania\" \/>\n\t<meta name=\"twitter:data2\" content=\"2 minuty\" \/>\n<script type=\"application\/ld+json\" class=\"yoast-schema-graph\">{\"@context\":\"https:\/\/schema.org\",\"@graph\":[{\"@type\":\"Organization\",\"@id\":\"https:\/\/2liceum.eu\/#organization\",\"name\":\"II Liceum Og\u00f3lnokszta\u0142c\u0105ce w Lubinie\",\"url\":\"https:\/\/2liceum.eu\/\",\"sameAs\":[\"http:\/\/2lolubin\",\"https:\/\/www.youtube.com\/channel\/UCWjEMxRJYdfvxPhVOn-8g_g\",\"https:\/\/web.facebook.com\/IILOLubin\/\"],\"logo\":{\"@type\":\"ImageObject\",\"inLanguage\":\"pl-PL\",\"@id\":\"https:\/\/2liceum.eu\/#\/schema\/logo\/image\/\",\"url\":\"https:\/\/2liceum.eu\/wp-content\/uploads\/2018\/01\/pobrane.jpg\",\"contentUrl\":\"https:\/\/2liceum.eu\/wp-content\/uploads\/2018\/01\/pobrane.jpg\",\"width\":184,\"height\":183,\"caption\":\"II Liceum Og\u00f3lnokszta\u0142c\u0105ce w Lubinie\"},\"image\":{\"@id\":\"https:\/\/2liceum.eu\/#\/schema\/logo\/image\/\"}},{\"@type\":\"WebSite\",\"@id\":\"https:\/\/2liceum.eu\/#website\",\"url\":\"https:\/\/2liceum.eu\/\",\"name\":\"II Liceum Og\u00f3lnokszta\u0142c\u0105ce w Lubinie\",\"description\":\"Oficjalny portal II LO w Lubinie. Informacje o szkole, kadrze, zaj\u0119ciach dydaktycznych, ko\u0142ach zainteresowa\u0144, wolontariacie. Aktualno\u015bci. Galeria zdj\u0119\u0107.\",\"publisher\":{\"@id\":\"https:\/\/2liceum.eu\/#organization\"},\"potentialAction\":[{\"@type\":\"SearchAction\",\"target\":{\"@type\":\"EntryPoint\",\"urlTemplate\":\"https:\/\/2liceum.eu\/?s={search_term_string}\"},\"query-input\":\"required name=search_term_string\"}],\"inLanguage\":\"pl-PL\"},{\"@type\":\"WebPage\",\"@id\":\"https:\/\/2liceum.eu\/index.php\/2023\/11\/27\/wycieczka-2b-do-wroclawia\/\",\"url\":\"https:\/\/2liceum.eu\/index.php\/2023\/11\/27\/wycieczka-2b-do-wroclawia\/\",\"name\":\"Wycieczka 2B do Wroc\u0142awia! - II Liceum Og\u00f3lnokszta\u0142c\u0105ce w Lubinie\",\"isPartOf\":{\"@id\":\"https:\/\/2liceum.eu\/#website\"},\"datePublished\":\"2023-11-27T17:03:54+00:00\",\"dateModified\":\"2023-11-27T17:05:54+00:00\",\"breadcrumb\":{\"@id\":\"https:\/\/2liceum.eu\/index.php\/2023\/11\/27\/wycieczka-2b-do-wroclawia\/#breadcrumb\"},\"inLanguage\":\"pl-PL\",\"potentialAction\":[{\"@type\":\"ReadAction\",\"target\":[\"https:\/\/2liceum.eu\/index.php\/2023\/11\/27\/wycieczka-2b-do-wroclawia\/\"]}]},{\"@type\":\"BreadcrumbList\",\"@id\":\"https:\/\/2liceum.eu\/index.php\/2023\/11\/27\/wycieczka-2b-do-wroclawia\/#breadcrumb\",\"itemListElement\":[{\"@type\":\"ListItem\",\"position\":1,\"name\":\"Strona g\u0142\u00f3wna\",\"item\":\"https:\/\/2liceum.eu\/\"},{\"@type\":\"ListItem\",\"position\":2,\"name\":\"Wycieczka 2B do Wroc\u0142awia!\"}]},{\"@type\":\"Article\",\"@id\":\"https:\/\/2liceum.eu\/index.php\/2023\/11\/27\/wycieczka-2b-do-wroclawia\/#article\",\"isPartOf\":{\"@id\":\"https:\/\/2liceum.eu\/index.php\/2023\/11\/27\/wycieczka-2b-do-wroclawia\/\"},\"author\":{\"name\":\"Adam Dragan\",\"@id\":\"https:\/\/2liceum.eu\/#\/schema\/person\/1a52557bfdaf047be954a8b190648da5\"},\"headline\":\"Wycieczka 2B do Wroc\u0142awia!\",\"datePublished\":\"2023-11-27T17:03:54+00:00\",\"dateModified\":\"2023-11-27T17:05:54+00:00\",\"mainEntityOfPage\":{\"@id\":\"https:\/\/2liceum.eu\/index.php\/2023\/11\/27\/wycieczka-2b-do-wroclawia\/\"},\"wordCount\":363,\"commentCount\":0,\"publisher\":{\"@id\":\"https:\/\/2liceum.eu\/#organization\"},\"articleSection\":[\"Aktualno\u015bci\"],\"inLanguage\":\"pl-PL\",\"potentialAction\":[{\"@type\":\"CommentAction\",\"name\":\"Comment\",\"target\":[\"https:\/\/2liceum.eu\/index.php\/2023\/11\/27\/wycieczka-2b-do-wroclawia\/#respond\"]}]},{\"@type\":\"Person\",\"@id\":\"https:\/\/2liceum.eu\/#\/schema\/person\/1a52557bfdaf047be954a8b190648da5\",\"name\":\"Adam Dragan\",\"image\":{\"@type\":\"ImageObject\",\"inLanguage\":\"pl-PL\",\"@id\":\"https:\/\/2liceum.eu\/#\/schema\/person\/image\/\",\"url\":\"https:\/\/secure.gravatar.com\/avatar\/3a2bee53698f47ac117505a8a054d1e47e9ee9593c4c77dc18374aa80472d80c?s=96&d=mm&r=g\",\"contentUrl\":\"https:\/\/secure.gravatar.com\/avatar\/3a2bee53698f47ac117505a8a054d1e47e9ee9593c4c77dc18374aa80472d80c?s=96&d=mm&r=g\",\"caption\":\"Adam Dragan\"},\"sameAs\":[\"http:\/\/2liceum.eu\"]}]}<\/script>\n<!-- \/ Yoast SEO plugin. -->","yoast_head_json":{"title":"Wycieczka 2B do Wroc\u0142awia! - II Liceum Og\u00f3lnokszta\u0142c\u0105ce w Lubinie","robots":{"index":"index","follow":"follow","max-snippet":"max-snippet:-1","max-image-preview":"max-image-preview:large","max-video-preview":"max-video-preview:-1"},"canonical":"https:\/\/2liceum.eu\/index.php\/2023\/11\/27\/wycieczka-2b-do-wroclawia\/","og_locale":"pl_PL","og_type":"article","og_title":"Wycieczka 2B do Wroc\u0142awia! - II Liceum Og\u00f3lnokszta\u0142c\u0105ce w Lubinie","og_description":"&nbsp; W dniu 23 listopada 2023 roku uczniowie klasy 2b wraz z p. Ryszardem Techma\u0144skim, p. Olg\u0105 St\u0119pie\u0144 i p. dyrektorem Tomaszem Radziejem odbyli wycieczk\u0119 do Wroc\u0142awia na Uniwersytet Wroc\u0142awski na uroczyst\u0105 inauguracj\u0119 nowego roku akademickiego 2023\/2024 w Kolegium Mi\u0119dzydziedzinowych Studi\u00f3w Indywidualnych dla tych student\u00f3w, kt\u00f3rzy studiuj\u0105 na dw\u00f3ch lub wi\u0119cej kierunkach jednocze\u015bnie. &nbsp; Podr\u00f3\u017c [&hellip;]","og_url":"https:\/\/2liceum.eu\/index.php\/2023\/11\/27\/wycieczka-2b-do-wroclawia\/","og_site_name":"II Liceum Og\u00f3lnokszta\u0142c\u0105ce w Lubinie","article_publisher":"https:\/\/web.facebook.com\/IILOLubin\/","article_published_time":"2023-11-27T17:03:54+00:00","article_modified_time":"2023-11-27T17:05:54+00:00","og_image":[{"url":"https:\/\/2liceum.eu\/wp-content\/uploads\/sites\/1\/nggallery\/inauguracja-roku-akademickiego-na-uwr\/1.jpg"}],"author":"Adam Dragan","twitter_card":"summary_large_image","twitter_misc":{"Napisane przez":"Adam Dragan","Szacowany czas czytania":"2 minuty"},"schema":{"@context":"https:\/\/schema.org","@graph":[{"@type":"Organization","@id":"https:\/\/2liceum.eu\/#organization","name":"II Liceum Og\u00f3lnokszta\u0142c\u0105ce w Lubinie","url":"https:\/\/2liceum.eu\/","sameAs":["http:\/\/2lolubin","https:\/\/www.youtube.com\/channel\/UCWjEMxRJYdfvxPhVOn-8g_g","https:\/\/web.facebook.com\/IILOLubin\/"],"logo":{"@type":"ImageObject","inLanguage":"pl-PL","@id":"https:\/\/2liceum.eu\/#\/schema\/logo\/image\/","url":"https:\/\/2liceum.eu\/wp-content\/uploads\/2018\/01\/pobrane.jpg","contentUrl":"https:\/\/2liceum.eu\/wp-content\/uploads\/2018\/01\/pobrane.jpg","width":184,"height":183,"caption":"II Liceum Og\u00f3lnokszta\u0142c\u0105ce w Lubinie"},"image":{"@id":"https:\/\/2liceum.eu\/#\/schema\/logo\/image\/"}},{"@type":"WebSite","@id":"https:\/\/2liceum.eu\/#website","url":"https:\/\/2liceum.eu\/","name":"II Liceum Og\u00f3lnokszta\u0142c\u0105ce w Lubinie","description":"Oficjalny portal II LO w Lubinie. Informacje o szkole, kadrze, zaj\u0119ciach dydaktycznych, ko\u0142ach zainteresowa\u0144, wolontariacie. Aktualno\u015bci. Galeria zdj\u0119\u0107.","publisher":{"@id":"https:\/\/2liceum.eu\/#organization"},"potentialAction":[{"@type":"SearchAction","target":{"@type":"EntryPoint","urlTemplate":"https:\/\/2liceum.eu\/?s={search_term_string}"},"query-input":"required name=search_term_string"}],"inLanguage":"pl-PL"},{"@type":"WebPage","@id":"https:\/\/2liceum.eu\/index.php\/2023\/11\/27\/wycieczka-2b-do-wroclawia\/","url":"https:\/\/2liceum.eu\/index.php\/2023\/11\/27\/wycieczka-2b-do-wroclawia\/","name":"Wycieczka 2B do Wroc\u0142awia! - II Liceum Og\u00f3lnokszta\u0142c\u0105ce w Lubinie","isPartOf":{"@id":"https:\/\/2liceum.eu\/#website"},"datePublished":"2023-11-27T17:03:54+00:00","dateModified":"2023-11-27T17:05:54+00:00","breadcrumb":{"@id":"https:\/\/2liceum.eu\/index.php\/2023\/11\/27\/wycieczka-2b-do-wroclawia\/#breadcrumb"},"inLanguage":"pl-PL","potentialAction":[{"@type":"ReadAction","target":["https:\/\/2liceum.eu\/index.php\/2023\/11\/27\/wycieczka-2b-do-wroclawia\/"]}]},{"@type":"BreadcrumbList","@id":"https:\/\/2liceum.eu\/index.php\/2023\/11\/27\/wycieczka-2b-do-wroclawia\/#breadcrumb","itemListElement":[{"@type":"ListItem","position":1,"name":"Strona g\u0142\u00f3wna","item":"https:\/\/2liceum.eu\/"},{"@type":"ListItem","position":2,"name":"Wycieczka 2B do Wroc\u0142awia!"}]},{"@type":"Article","@id":"https:\/\/2liceum.eu\/index.php\/2023\/11\/27\/wycieczka-2b-do-wroclawia\/#article","isPartOf":{"@id":"https:\/\/2liceum.eu\/index.php\/2023\/11\/27\/wycieczka-2b-do-wroclawia\/"},"author":{"name":"Adam Dragan","@id":"https:\/\/2liceum.eu\/#\/schema\/person\/1a52557bfdaf047be954a8b190648da5"},"headline":"Wycieczka 2B do Wroc\u0142awia!","datePublished":"2023-11-27T17:03:54+00:00","dateModified":"2023-11-27T17:05:54+00:00","mainEntityOfPage":{"@id":"https:\/\/2liceum.eu\/index.php\/2023\/11\/27\/wycieczka-2b-do-wroclawia\/"},"wordCount":363,"commentCount":0,"publisher":{"@id":"https:\/\/2liceum.eu\/#organization"},"articleSection":["Aktualno\u015bci"],"inLanguage":"pl-PL","potentialAction":[{"@type":"CommentAction","name":"Comment","target":["https:\/\/2liceum.eu\/index.php\/2023\/11\/27\/wycieczka-2b-do-wroclawia\/#respond"]}]},{"@type":"Person","@id":"https:\/\/2liceum.eu\/#\/schema\/person\/1a52557bfdaf047be954a8b190648da5","name":"Adam Dragan","image":{"@type":"ImageObject","inLanguage":"pl-PL","@id":"https:\/\/2liceum.eu\/#\/schema\/person\/image\/","url":"https:\/\/secure.gravatar.com\/avatar\/3a2bee53698f47ac117505a8a054d1e47e9ee9593c4c77dc18374aa80472d80c?s=96&d=mm&r=g","contentUrl":"https:\/\/secure.gravatar.com\/avatar\/3a2bee53698f47ac117505a8a054d1e47e9ee9593c4c77dc18374aa80472d80c?s=96&d=mm&r=g","caption":"Adam Dragan"},"sameAs":["http:\/\/2liceum.eu"]}]}},"_links":{"self":[{"href":"https:\/\/2liceum.eu\/index.php\/wp-json\/wp\/v2\/posts\/9064","targetHints":{"allow":["GET"]}}],"collection":[{"href":"https:\/\/2liceum.eu\/index.php\/wp-json\/wp\/v2\/posts"}],"about":[{"href":"https:\/\/2liceum.eu\/index.php\/wp-json\/wp\/v2\/types\/post"}],"author":[{"embeddable":true,"href":"https:\/\/2liceum.eu\/index.php\/wp-json\/wp\/v2\/users\/2"}],"replies":[{"embeddable":true,"href":"https:\/\/2liceum.eu\/index.php\/wp-json\/wp\/v2\/comments?post=9064"}],"version-history":[{"count":5,"href":"https:\/\/2liceum.eu\/index.php\/wp-json\/wp\/v2\/posts\/9064\/revisions"}],"predecessor-version":[{"id":9071,"href":"https:\/\/2liceum.eu\/index.php\/wp-json\/wp\/v2\/posts\/9064\/revisions\/9071"}],"wp:attachment":[{"href":"https:\/\/2liceum.eu\/index.php\/wp-json\/wp\/v2\/media?parent=9064"}],"wp:term":[{"taxonomy":"category","embeddable":true,"href":"https:\/\/2liceum.eu\/index.php\/wp-json\/wp\/v2\/categories?post=9064"},{"taxonomy":"post_tag","embeddable":true,"href":"https:\/\/2liceum.eu\/index.php\/wp-json\/wp\/v2\/tags?post=9064"}],"curies":[{"name":"wp","href":"https:\/\/api.w.org\/{rel}","templated":true}]}}