{"id":9339,"date":"2024-02-09T12:59:08","date_gmt":"2024-02-09T11:59:08","guid":{"rendered":"https:\/\/2liceum.eu\/?p=9339"},"modified":"2024-02-09T12:59:09","modified_gmt":"2024-02-09T11:59:09","slug":"siatkarskie-zlote-medale","status":"publish","type":"post","link":"https:\/\/2liceum.eu\/index.php\/2024\/02\/09\/siatkarskie-zlote-medale\/","title":{"rendered":"Siatkarskie z\u0142ote medale!!!"},"content":{"rendered":"\n<div class=\"xdj266r x11i5rnm xat24cr x1mh8g0r x1vvkbs x126k92a\">\n<div dir=\"auto\" style=\"text-align: center;\"><img loading=\"lazy\" decoding=\"async\" class=\"alignnone wp-image-9341 size-large\" src=\"https:\/\/2liceum.eu\/wp-content\/uploads\/2024\/02\/IMG_20240208_175207-1024x838.jpg\" alt=\"\" width=\"606\" height=\"496\" srcset=\"https:\/\/2liceum.eu\/wp-content\/uploads\/2024\/02\/IMG_20240208_175207-1024x838.jpg 1024w, https:\/\/2liceum.eu\/wp-content\/uploads\/2024\/02\/IMG_20240208_175207-300x245.jpg 300w, https:\/\/2liceum.eu\/wp-content\/uploads\/2024\/02\/IMG_20240208_175207-768x628.jpg 768w, https:\/\/2liceum.eu\/wp-content\/uploads\/2024\/02\/IMG_20240208_175207-1536x1256.jpg 1536w, https:\/\/2liceum.eu\/wp-content\/uploads\/2024\/02\/IMG_20240208_175207.jpg 1813w\" sizes=\"auto, (max-width: 606px) 100vw, 606px\" \/><\/div>\n<div dir=\"auto\">&nbsp;<\/div>\n<div dir=\"auto\">&nbsp;<\/div>\n<div dir=\"auto\"><span style=\"color: initial;\">W dniu<strong> 8 lutego 2024 r.<\/strong> w hali sportowej ZS nr 1, zosta\u0142y rozegrane <span style=\"color: #008000;\"><strong>Mistrzostwa Powiatu Lubi\u0144skiego w Siatk\u00f3wce Dziewcz\u0105t.<\/strong><\/span><\/span><\/div>\n<div dir=\"auto\">&nbsp;<\/div>\n<\/div>\n<div class=\"x11i5rnm xat24cr x1mh8g0r x1vvkbs xtlvy1s x126k92a\">\n<div dir=\"auto\" style=\"text-align: justify;\">W rozgrywkach wzi\u0119\u0142o udzia\u0142 5 szk\u00f3\u0142. <strong>II Liceum Og\u00f3lnokszta\u0142c\u0105ce w Lubinie zaj\u0119\u0142o <span style=\"color: #ff0000;\">pierwsze miejsce<\/span>,<\/strong> po bardzo ambitnej i wyczerpuj\u0105cej rywalizacji. Dziewcz\u0119ta pokaza\u0142y wysokie umiej\u0119tno\u015bci siatkarskie, wykaza\u0142y si\u0119 wytrwa\u0142o\u015bci\u0105 oraz odporno\u015bci\u0105 na stres i wygrywaj\u0105c zawody, uzyska\u0142y awans do p\u00f3\u0142fina\u0142u strefy legnickiej.<\/div>\n<div dir=\"auto\">&nbsp;<\/div>\n<\/div>\n<div class=\"x11i5rnm xat24cr x1mh8g0r x1vvkbs xtlvy1s x126k92a\">\n<div dir=\"auto\"><strong>Gratulujemy!!!<\/strong><\/div>\n<div dir=\"auto\">&nbsp;<\/div>\n<\/div>\n<div class=\"x11i5rnm xat24cr x1mh8g0r x1vvkbs xtlvy1s x126k92a\">\n<div dir=\"auto\"><strong>Dru\u017cyna w sk\u0142adzie:<\/strong><\/div>\n<div dir=\"auto\">M. Zawada,<\/div>\n<div dir=\"auto\">A. Deptu\u0142a,<\/div>\n<div dir=\"auto\">A. Buchowska,<\/div>\n<div dir=\"auto\">Z. Ha\u0142ys,<\/div>\n<div dir=\"auto\">Patrycja Barcikowska,<\/div>\n<div dir=\"auto\">N. Chobot,<\/div>\n<div dir=\"auto\">Paulina Barcikowska,<\/div>\n<div dir=\"auto\">J. Duszy\u0144ska,<\/div>\n<div dir=\"auto\">U. Gawron,<\/div>\n<div dir=\"auto\">A. Grocholska.<\/div>\n<div dir=\"auto\">&nbsp;<\/div>\n<\/div>\n<div class=\"x11i5rnm xat24cr x1mh8g0r x1vvkbs xtlvy1s x126k92a\">\n<div dir=\"auto\"><strong>Opiekun &#8211; p. A. Stolarczyk<\/strong><\/div>\n<\/div>\n","protected":false},"excerpt":{"rendered":"<p>&nbsp; &nbsp; W dniu 8 lutego 2024 r. w hali sportowej ZS nr 1, zosta\u0142y rozegrane Mistrzostwa Powiatu Lubi\u0144skiego w Siatk\u00f3wce Dziewcz\u0105t. &nbsp; W rozgrywkach wzi\u0119\u0142o udzia\u0142 5 szk\u00f3\u0142. II Liceum Og\u00f3lnokszta\u0142c\u0105ce w Lubinie zaj\u0119\u0142o pierwsze miejsce, po bardzo ambitnej i wyczerpuj\u0105cej rywalizacji. Dziewcz\u0119ta pokaza\u0142y wysokie umiej\u0119tno\u015bci siatkarskie, wykaza\u0142y si\u0119 wytrwa\u0142o\u015bci\u0105 oraz odporno\u015bci\u0105 na stres [&hellip;]<\/p>\n","protected":false},"author":2,"featured_media":0,"comment_status":"open","ping_status":"open","sticky":false,"template":"","format":"standard","meta":{"ngg_post_thumbnail":0,"footnotes":""},"categories":[1,40],"tags":[],"class_list":["post-9339","post","type-post","status-publish","format-standard","hentry","category-aktualnosci","category-osiagniecia-sportowe-2023-2024"],"yoast_head":"<!-- This site is optimized with the Yoast SEO plugin v19.4 - https:\/\/yoast.com\/wordpress\/plugins\/seo\/ -->\n<title>Siatkarskie z\u0142ote medale!!! - II Liceum Og\u00f3lnokszta\u0142c\u0105ce w Lubinie<\/title>\n<meta name=\"robots\" content=\"index, follow, max-snippet:-1, max-image-preview:large, max-video-preview:-1\" \/>\n<link rel=\"canonical\" href=\"https:\/\/2liceum.eu\/index.php\/2024\/02\/09\/siatkarskie-zlote-medale\/\" \/>\n<meta property=\"og:locale\" content=\"pl_PL\" \/>\n<meta property=\"og:type\" content=\"article\" \/>\n<meta property=\"og:title\" content=\"Siatkarskie z\u0142ote medale!!! - II Liceum Og\u00f3lnokszta\u0142c\u0105ce w Lubinie\" \/>\n<meta property=\"og:description\" content=\"&nbsp; &nbsp; W dniu 8 lutego 2024 r. w hali sportowej ZS nr 1, zosta\u0142y rozegrane Mistrzostwa Powiatu Lubi\u0144skiego w Siatk\u00f3wce Dziewcz\u0105t. &nbsp; W rozgrywkach wzi\u0119\u0142o udzia\u0142 5 szk\u00f3\u0142. II Liceum Og\u00f3lnokszta\u0142c\u0105ce w Lubinie zaj\u0119\u0142o pierwsze miejsce, po bardzo ambitnej i wyczerpuj\u0105cej rywalizacji. Dziewcz\u0119ta pokaza\u0142y wysokie umiej\u0119tno\u015bci siatkarskie, wykaza\u0142y si\u0119 wytrwa\u0142o\u015bci\u0105 oraz odporno\u015bci\u0105 na stres [&hellip;]\" \/>\n<meta property=\"og:url\" content=\"https:\/\/2liceum.eu\/index.php\/2024\/02\/09\/siatkarskie-zlote-medale\/\" \/>\n<meta property=\"og:site_name\" content=\"II Liceum Og\u00f3lnokszta\u0142c\u0105ce w Lubinie\" \/>\n<meta property=\"article:publisher\" content=\"https:\/\/web.facebook.com\/IILOLubin\/\" \/>\n<meta property=\"article:published_time\" content=\"2024-02-09T11:59:08+00:00\" \/>\n<meta property=\"article:modified_time\" content=\"2024-02-09T11:59:09+00:00\" \/>\n<meta property=\"og:image\" content=\"https:\/\/2liceum.eu\/wp-content\/uploads\/2024\/02\/IMG_20240208_175207-1024x838.jpg\" \/>\n<meta name=\"author\" content=\"Adam Dragan\" \/>\n<meta name=\"twitter:card\" content=\"summary_large_image\" \/>\n<meta name=\"twitter:label1\" content=\"Napisane przez\" \/>\n\t<meta name=\"twitter:data1\" content=\"Adam Dragan\" \/>\n\t<meta name=\"twitter:label2\" content=\"Szacowany czas czytania\" \/>\n\t<meta name=\"twitter:data2\" content=\"1 minuta\" \/>\n<script type=\"application\/ld+json\" class=\"yoast-schema-graph\">{\"@context\":\"https:\/\/schema.org\",\"@graph\":[{\"@type\":\"Organization\",\"@id\":\"https:\/\/2liceum.eu\/#organization\",\"name\":\"II Liceum Og\u00f3lnokszta\u0142c\u0105ce w Lubinie\",\"url\":\"https:\/\/2liceum.eu\/\",\"sameAs\":[\"http:\/\/2lolubin\",\"https:\/\/www.youtube.com\/channel\/UCWjEMxRJYdfvxPhVOn-8g_g\",\"https:\/\/web.facebook.com\/IILOLubin\/\"],\"logo\":{\"@type\":\"ImageObject\",\"inLanguage\":\"pl-PL\",\"@id\":\"https:\/\/2liceum.eu\/#\/schema\/logo\/image\/\",\"url\":\"https:\/\/2liceum.eu\/wp-content\/uploads\/2018\/01\/pobrane.jpg\",\"contentUrl\":\"https:\/\/2liceum.eu\/wp-content\/uploads\/2018\/01\/pobrane.jpg\",\"width\":184,\"height\":183,\"caption\":\"II Liceum Og\u00f3lnokszta\u0142c\u0105ce w Lubinie\"},\"image\":{\"@id\":\"https:\/\/2liceum.eu\/#\/schema\/logo\/image\/\"}},{\"@type\":\"WebSite\",\"@id\":\"https:\/\/2liceum.eu\/#website\",\"url\":\"https:\/\/2liceum.eu\/\",\"name\":\"II Liceum Og\u00f3lnokszta\u0142c\u0105ce w Lubinie\",\"description\":\"Oficjalny portal II LO w Lubinie. Informacje o szkole, kadrze, zaj\u0119ciach dydaktycznych, ko\u0142ach zainteresowa\u0144, wolontariacie. Aktualno\u015bci. Galeria zdj\u0119\u0107.\",\"publisher\":{\"@id\":\"https:\/\/2liceum.eu\/#organization\"},\"potentialAction\":[{\"@type\":\"SearchAction\",\"target\":{\"@type\":\"EntryPoint\",\"urlTemplate\":\"https:\/\/2liceum.eu\/?s={search_term_string}\"},\"query-input\":\"required name=search_term_string\"}],\"inLanguage\":\"pl-PL\"},{\"@type\":\"WebPage\",\"@id\":\"https:\/\/2liceum.eu\/index.php\/2024\/02\/09\/siatkarskie-zlote-medale\/\",\"url\":\"https:\/\/2liceum.eu\/index.php\/2024\/02\/09\/siatkarskie-zlote-medale\/\",\"name\":\"Siatkarskie z\u0142ote medale!!! - II Liceum Og\u00f3lnokszta\u0142c\u0105ce w Lubinie\",\"isPartOf\":{\"@id\":\"https:\/\/2liceum.eu\/#website\"},\"datePublished\":\"2024-02-09T11:59:08+00:00\",\"dateModified\":\"2024-02-09T11:59:09+00:00\",\"breadcrumb\":{\"@id\":\"https:\/\/2liceum.eu\/index.php\/2024\/02\/09\/siatkarskie-zlote-medale\/#breadcrumb\"},\"inLanguage\":\"pl-PL\",\"potentialAction\":[{\"@type\":\"ReadAction\",\"target\":[\"https:\/\/2liceum.eu\/index.php\/2024\/02\/09\/siatkarskie-zlote-medale\/\"]}]},{\"@type\":\"BreadcrumbList\",\"@id\":\"https:\/\/2liceum.eu\/index.php\/2024\/02\/09\/siatkarskie-zlote-medale\/#breadcrumb\",\"itemListElement\":[{\"@type\":\"ListItem\",\"position\":1,\"name\":\"Strona g\u0142\u00f3wna\",\"item\":\"https:\/\/2liceum.eu\/\"},{\"@type\":\"ListItem\",\"position\":2,\"name\":\"Siatkarskie z\u0142ote medale!!!\"}]},{\"@type\":\"Article\",\"@id\":\"https:\/\/2liceum.eu\/index.php\/2024\/02\/09\/siatkarskie-zlote-medale\/#article\",\"isPartOf\":{\"@id\":\"https:\/\/2liceum.eu\/index.php\/2024\/02\/09\/siatkarskie-zlote-medale\/\"},\"author\":{\"name\":\"Adam Dragan\",\"@id\":\"https:\/\/2liceum.eu\/#\/schema\/person\/1a52557bfdaf047be954a8b190648da5\"},\"headline\":\"Siatkarskie z\u0142ote medale!!!\",\"datePublished\":\"2024-02-09T11:59:08+00:00\",\"dateModified\":\"2024-02-09T11:59:09+00:00\",\"mainEntityOfPage\":{\"@id\":\"https:\/\/2liceum.eu\/index.php\/2024\/02\/09\/siatkarskie-zlote-medale\/\"},\"wordCount\":123,\"commentCount\":0,\"publisher\":{\"@id\":\"https:\/\/2liceum.eu\/#organization\"},\"articleSection\":[\"Aktualno\u015bci\",\"Osi\u0105gni\u0119cia sportowe 2023\/2024!\"],\"inLanguage\":\"pl-PL\",\"potentialAction\":[{\"@type\":\"CommentAction\",\"name\":\"Comment\",\"target\":[\"https:\/\/2liceum.eu\/index.php\/2024\/02\/09\/siatkarskie-zlote-medale\/#respond\"]}]},{\"@type\":\"Person\",\"@id\":\"https:\/\/2liceum.eu\/#\/schema\/person\/1a52557bfdaf047be954a8b190648da5\",\"name\":\"Adam Dragan\",\"image\":{\"@type\":\"ImageObject\",\"inLanguage\":\"pl-PL\",\"@id\":\"https:\/\/2liceum.eu\/#\/schema\/person\/image\/\",\"url\":\"https:\/\/secure.gravatar.com\/avatar\/3a2bee53698f47ac117505a8a054d1e47e9ee9593c4c77dc18374aa80472d80c?s=96&d=mm&r=g\",\"contentUrl\":\"https:\/\/secure.gravatar.com\/avatar\/3a2bee53698f47ac117505a8a054d1e47e9ee9593c4c77dc18374aa80472d80c?s=96&d=mm&r=g\",\"caption\":\"Adam Dragan\"},\"sameAs\":[\"http:\/\/2liceum.eu\"]}]}<\/script>\n<!-- \/ Yoast SEO plugin. -->","yoast_head_json":{"title":"Siatkarskie z\u0142ote medale!!! - II Liceum Og\u00f3lnokszta\u0142c\u0105ce w Lubinie","robots":{"index":"index","follow":"follow","max-snippet":"max-snippet:-1","max-image-preview":"max-image-preview:large","max-video-preview":"max-video-preview:-1"},"canonical":"https:\/\/2liceum.eu\/index.php\/2024\/02\/09\/siatkarskie-zlote-medale\/","og_locale":"pl_PL","og_type":"article","og_title":"Siatkarskie z\u0142ote medale!!! - II Liceum Og\u00f3lnokszta\u0142c\u0105ce w Lubinie","og_description":"&nbsp; &nbsp; W dniu 8 lutego 2024 r. w hali sportowej ZS nr 1, zosta\u0142y rozegrane Mistrzostwa Powiatu Lubi\u0144skiego w Siatk\u00f3wce Dziewcz\u0105t. &nbsp; W rozgrywkach wzi\u0119\u0142o udzia\u0142 5 szk\u00f3\u0142. II Liceum Og\u00f3lnokszta\u0142c\u0105ce w Lubinie zaj\u0119\u0142o pierwsze miejsce, po bardzo ambitnej i wyczerpuj\u0105cej rywalizacji. Dziewcz\u0119ta pokaza\u0142y wysokie umiej\u0119tno\u015bci siatkarskie, wykaza\u0142y si\u0119 wytrwa\u0142o\u015bci\u0105 oraz odporno\u015bci\u0105 na stres [&hellip;]","og_url":"https:\/\/2liceum.eu\/index.php\/2024\/02\/09\/siatkarskie-zlote-medale\/","og_site_name":"II Liceum Og\u00f3lnokszta\u0142c\u0105ce w Lubinie","article_publisher":"https:\/\/web.facebook.com\/IILOLubin\/","article_published_time":"2024-02-09T11:59:08+00:00","article_modified_time":"2024-02-09T11:59:09+00:00","og_image":[{"url":"https:\/\/2liceum.eu\/wp-content\/uploads\/2024\/02\/IMG_20240208_175207-1024x838.jpg"}],"author":"Adam Dragan","twitter_card":"summary_large_image","twitter_misc":{"Napisane przez":"Adam Dragan","Szacowany czas czytania":"1 minuta"},"schema":{"@context":"https:\/\/schema.org","@graph":[{"@type":"Organization","@id":"https:\/\/2liceum.eu\/#organization","name":"II Liceum Og\u00f3lnokszta\u0142c\u0105ce w Lubinie","url":"https:\/\/2liceum.eu\/","sameAs":["http:\/\/2lolubin","https:\/\/www.youtube.com\/channel\/UCWjEMxRJYdfvxPhVOn-8g_g","https:\/\/web.facebook.com\/IILOLubin\/"],"logo":{"@type":"ImageObject","inLanguage":"pl-PL","@id":"https:\/\/2liceum.eu\/#\/schema\/logo\/image\/","url":"https:\/\/2liceum.eu\/wp-content\/uploads\/2018\/01\/pobrane.jpg","contentUrl":"https:\/\/2liceum.eu\/wp-content\/uploads\/2018\/01\/pobrane.jpg","width":184,"height":183,"caption":"II Liceum Og\u00f3lnokszta\u0142c\u0105ce w Lubinie"},"image":{"@id":"https:\/\/2liceum.eu\/#\/schema\/logo\/image\/"}},{"@type":"WebSite","@id":"https:\/\/2liceum.eu\/#website","url":"https:\/\/2liceum.eu\/","name":"II Liceum Og\u00f3lnokszta\u0142c\u0105ce w Lubinie","description":"Oficjalny portal II LO w Lubinie. Informacje o szkole, kadrze, zaj\u0119ciach dydaktycznych, ko\u0142ach zainteresowa\u0144, wolontariacie. Aktualno\u015bci. Galeria zdj\u0119\u0107.","publisher":{"@id":"https:\/\/2liceum.eu\/#organization"},"potentialAction":[{"@type":"SearchAction","target":{"@type":"EntryPoint","urlTemplate":"https:\/\/2liceum.eu\/?s={search_term_string}"},"query-input":"required name=search_term_string"}],"inLanguage":"pl-PL"},{"@type":"WebPage","@id":"https:\/\/2liceum.eu\/index.php\/2024\/02\/09\/siatkarskie-zlote-medale\/","url":"https:\/\/2liceum.eu\/index.php\/2024\/02\/09\/siatkarskie-zlote-medale\/","name":"Siatkarskie z\u0142ote medale!!! - II Liceum Og\u00f3lnokszta\u0142c\u0105ce w Lubinie","isPartOf":{"@id":"https:\/\/2liceum.eu\/#website"},"datePublished":"2024-02-09T11:59:08+00:00","dateModified":"2024-02-09T11:59:09+00:00","breadcrumb":{"@id":"https:\/\/2liceum.eu\/index.php\/2024\/02\/09\/siatkarskie-zlote-medale\/#breadcrumb"},"inLanguage":"pl-PL","potentialAction":[{"@type":"ReadAction","target":["https:\/\/2liceum.eu\/index.php\/2024\/02\/09\/siatkarskie-zlote-medale\/"]}]},{"@type":"BreadcrumbList","@id":"https:\/\/2liceum.eu\/index.php\/2024\/02\/09\/siatkarskie-zlote-medale\/#breadcrumb","itemListElement":[{"@type":"ListItem","position":1,"name":"Strona g\u0142\u00f3wna","item":"https:\/\/2liceum.eu\/"},{"@type":"ListItem","position":2,"name":"Siatkarskie z\u0142ote medale!!!"}]},{"@type":"Article","@id":"https:\/\/2liceum.eu\/index.php\/2024\/02\/09\/siatkarskie-zlote-medale\/#article","isPartOf":{"@id":"https:\/\/2liceum.eu\/index.php\/2024\/02\/09\/siatkarskie-zlote-medale\/"},"author":{"name":"Adam Dragan","@id":"https:\/\/2liceum.eu\/#\/schema\/person\/1a52557bfdaf047be954a8b190648da5"},"headline":"Siatkarskie z\u0142ote medale!!!","datePublished":"2024-02-09T11:59:08+00:00","dateModified":"2024-02-09T11:59:09+00:00","mainEntityOfPage":{"@id":"https:\/\/2liceum.eu\/index.php\/2024\/02\/09\/siatkarskie-zlote-medale\/"},"wordCount":123,"commentCount":0,"publisher":{"@id":"https:\/\/2liceum.eu\/#organization"},"articleSection":["Aktualno\u015bci","Osi\u0105gni\u0119cia sportowe 2023\/2024!"],"inLanguage":"pl-PL","potentialAction":[{"@type":"CommentAction","name":"Comment","target":["https:\/\/2liceum.eu\/index.php\/2024\/02\/09\/siatkarskie-zlote-medale\/#respond"]}]},{"@type":"Person","@id":"https:\/\/2liceum.eu\/#\/schema\/person\/1a52557bfdaf047be954a8b190648da5","name":"Adam Dragan","image":{"@type":"ImageObject","inLanguage":"pl-PL","@id":"https:\/\/2liceum.eu\/#\/schema\/person\/image\/","url":"https:\/\/secure.gravatar.com\/avatar\/3a2bee53698f47ac117505a8a054d1e47e9ee9593c4c77dc18374aa80472d80c?s=96&d=mm&r=g","contentUrl":"https:\/\/secure.gravatar.com\/avatar\/3a2bee53698f47ac117505a8a054d1e47e9ee9593c4c77dc18374aa80472d80c?s=96&d=mm&r=g","caption":"Adam Dragan"},"sameAs":["http:\/\/2liceum.eu"]}]}},"_links":{"self":[{"href":"https:\/\/2liceum.eu\/index.php\/wp-json\/wp\/v2\/posts\/9339","targetHints":{"allow":["GET"]}}],"collection":[{"href":"https:\/\/2liceum.eu\/index.php\/wp-json\/wp\/v2\/posts"}],"about":[{"href":"https:\/\/2liceum.eu\/index.php\/wp-json\/wp\/v2\/types\/post"}],"author":[{"embeddable":true,"href":"https:\/\/2liceum.eu\/index.php\/wp-json\/wp\/v2\/users\/2"}],"replies":[{"embeddable":true,"href":"https:\/\/2liceum.eu\/index.php\/wp-json\/wp\/v2\/comments?post=9339"}],"version-history":[{"count":1,"href":"https:\/\/2liceum.eu\/index.php\/wp-json\/wp\/v2\/posts\/9339\/revisions"}],"predecessor-version":[{"id":9342,"href":"https:\/\/2liceum.eu\/index.php\/wp-json\/wp\/v2\/posts\/9339\/revisions\/9342"}],"wp:attachment":[{"href":"https:\/\/2liceum.eu\/index.php\/wp-json\/wp\/v2\/media?parent=9339"}],"wp:term":[{"taxonomy":"category","embeddable":true,"href":"https:\/\/2liceum.eu\/index.php\/wp-json\/wp\/v2\/categories?post=9339"},{"taxonomy":"post_tag","embeddable":true,"href":"https:\/\/2liceum.eu\/index.php\/wp-json\/wp\/v2\/tags?post=9339"}],"curies":[{"name":"wp","href":"https:\/\/api.w.org\/{rel}","templated":true}]}}