{"id":9356,"date":"2024-02-16T14:43:37","date_gmt":"2024-02-16T13:43:37","guid":{"rendered":"https:\/\/2liceum.eu\/?p=9356"},"modified":"2024-02-16T14:43:38","modified_gmt":"2024-02-16T13:43:38","slug":"walentynki","status":"publish","type":"post","link":"https:\/\/2liceum.eu\/index.php\/2024\/02\/16\/walentynki\/","title":{"rendered":"Walentynki!"},"content":{"rendered":"\n<div class=\"xdj266r x11i5rnm xat24cr x1mh8g0r x1vvkbs x126k92a\">\n<div dir=\"auto\" style=\"text-align: center;\"><img loading=\"lazy\" decoding=\"async\" class=\"alignnone size-medium\" src=\"https:\/\/2liceum.eu\/wp-content\/uploads\/sites\/1\/nggallery\/walentynki\/20240214090225_IMG_0182.JPG\" width=\"1108\" height=\"728\"><\/div>\n<div dir=\"auto\">&nbsp;<\/div>\n<div dir=\"auto\" style=\"text-align: justify;\"><span style=\"color: initial;\"><strong>14 lutego w naszej szkole odby\u0142 si\u0119 <span style=\"color: #ff0000;\">Dzie\u0144 Zakochanych<\/span><\/strong><span style=\"color: #ff0000;\">.<\/span> Poczt\u0119 Walentynkow\u0105 zorganizowa\u0142 Samorz\u0105d Szkolny i tego dnia rozdawa\u0142 walentynki. Dla wszystkich z tej okazji rozdawane by\u0142y cukierki, a przy akwarium by\u0142 kiermasz ciast. Ju\u017c na wej\u015bciu do szko\u0142y uczniowie zostali powitani walentynkowym akcentem. Sta\u0142a tam tematyczna \u015bcianka zdj\u0119ciowa, na kt\u00f3rej wszyscy mogli sobie zrobi\u0107 zdj\u0119cie, aby upami\u0119tni\u0107 ten dzie\u0144.<\/span><\/div>\n<\/div>\n<div dir=\"auto\">&nbsp;<\/div>\n<div dir=\"auto\" style=\"text-align: center;\">&nbsp;<\/div>\n\n\n<div class=\"wp-block-image\">\n<figure class=\"aligncenter size-full\"><a href=\"https:\/\/2liceum.eu\/index.php\/rok-szkolny-2023-2024\/nggallery\/rok-szkolny-2023-2024\/walentynki\"><img loading=\"lazy\" decoding=\"async\" width=\"119\" height=\"26\" src=\"https:\/\/2liceum.eu\/wp-content\/uploads\/2019\/12\/galeria.jpg\" alt=\"\" class=\"wp-image-4616\"\/><\/a><\/figure>\n<\/div>","protected":false},"excerpt":{"rendered":"<p>&nbsp; 14 lutego w naszej szkole odby\u0142 si\u0119 Dzie\u0144 Zakochanych. Poczt\u0119 Walentynkow\u0105 zorganizowa\u0142 Samorz\u0105d Szkolny i tego dnia rozdawa\u0142 walentynki. Dla wszystkich z tej okazji rozdawane by\u0142y cukierki, a przy akwarium by\u0142 kiermasz ciast. Ju\u017c na wej\u015bciu do szko\u0142y uczniowie zostali powitani walentynkowym akcentem. Sta\u0142a tam tematyczna \u015bcianka zdj\u0119ciowa, na kt\u00f3rej wszyscy mogli sobie zrobi\u0107 [&hellip;]<\/p>\n","protected":false},"author":2,"featured_media":0,"comment_status":"open","ping_status":"open","sticky":false,"template":"","format":"standard","meta":{"ngg_post_thumbnail":0,"footnotes":""},"categories":[1],"tags":[],"class_list":["post-9356","post","type-post","status-publish","format-standard","hentry","category-aktualnosci"],"yoast_head":"<!-- This site is optimized with the Yoast SEO plugin v19.4 - https:\/\/yoast.com\/wordpress\/plugins\/seo\/ -->\n<title>Walentynki! - II Liceum Og\u00f3lnokszta\u0142c\u0105ce w Lubinie<\/title>\n<meta name=\"robots\" content=\"index, follow, max-snippet:-1, max-image-preview:large, max-video-preview:-1\" \/>\n<link rel=\"canonical\" href=\"https:\/\/2liceum.eu\/index.php\/2024\/02\/16\/walentynki\/\" \/>\n<meta property=\"og:locale\" content=\"pl_PL\" \/>\n<meta property=\"og:type\" content=\"article\" \/>\n<meta property=\"og:title\" content=\"Walentynki! - II Liceum Og\u00f3lnokszta\u0142c\u0105ce w Lubinie\" \/>\n<meta property=\"og:description\" content=\"&nbsp; 14 lutego w naszej szkole odby\u0142 si\u0119 Dzie\u0144 Zakochanych. Poczt\u0119 Walentynkow\u0105 zorganizowa\u0142 Samorz\u0105d Szkolny i tego dnia rozdawa\u0142 walentynki. Dla wszystkich z tej okazji rozdawane by\u0142y cukierki, a przy akwarium by\u0142 kiermasz ciast. Ju\u017c na wej\u015bciu do szko\u0142y uczniowie zostali powitani walentynkowym akcentem. Sta\u0142a tam tematyczna \u015bcianka zdj\u0119ciowa, na kt\u00f3rej wszyscy mogli sobie zrobi\u0107 [&hellip;]\" \/>\n<meta property=\"og:url\" content=\"https:\/\/2liceum.eu\/index.php\/2024\/02\/16\/walentynki\/\" \/>\n<meta property=\"og:site_name\" content=\"II Liceum Og\u00f3lnokszta\u0142c\u0105ce w Lubinie\" \/>\n<meta property=\"article:publisher\" content=\"https:\/\/web.facebook.com\/IILOLubin\/\" \/>\n<meta property=\"article:published_time\" content=\"2024-02-16T13:43:37+00:00\" \/>\n<meta property=\"article:modified_time\" content=\"2024-02-16T13:43:38+00:00\" \/>\n<meta property=\"og:image\" content=\"https:\/\/2liceum.eu\/wp-content\/uploads\/sites\/1\/nggallery\/walentynki\/20240214090225_IMG_0182.JPG\" \/>\n<meta name=\"author\" content=\"Adam Dragan\" \/>\n<meta name=\"twitter:card\" content=\"summary_large_image\" \/>\n<meta name=\"twitter:label1\" content=\"Napisane przez\" \/>\n\t<meta name=\"twitter:data1\" content=\"Adam Dragan\" \/>\n<script type=\"application\/ld+json\" class=\"yoast-schema-graph\">{\"@context\":\"https:\/\/schema.org\",\"@graph\":[{\"@type\":\"Organization\",\"@id\":\"https:\/\/2liceum.eu\/#organization\",\"name\":\"II Liceum Og\u00f3lnokszta\u0142c\u0105ce w Lubinie\",\"url\":\"https:\/\/2liceum.eu\/\",\"sameAs\":[\"http:\/\/2lolubin\",\"https:\/\/www.youtube.com\/channel\/UCWjEMxRJYdfvxPhVOn-8g_g\",\"https:\/\/web.facebook.com\/IILOLubin\/\"],\"logo\":{\"@type\":\"ImageObject\",\"inLanguage\":\"pl-PL\",\"@id\":\"https:\/\/2liceum.eu\/#\/schema\/logo\/image\/\",\"url\":\"https:\/\/2liceum.eu\/wp-content\/uploads\/2018\/01\/pobrane.jpg\",\"contentUrl\":\"https:\/\/2liceum.eu\/wp-content\/uploads\/2018\/01\/pobrane.jpg\",\"width\":184,\"height\":183,\"caption\":\"II Liceum Og\u00f3lnokszta\u0142c\u0105ce w Lubinie\"},\"image\":{\"@id\":\"https:\/\/2liceum.eu\/#\/schema\/logo\/image\/\"}},{\"@type\":\"WebSite\",\"@id\":\"https:\/\/2liceum.eu\/#website\",\"url\":\"https:\/\/2liceum.eu\/\",\"name\":\"II Liceum Og\u00f3lnokszta\u0142c\u0105ce w Lubinie\",\"description\":\"Oficjalny portal II LO w Lubinie. Informacje o szkole, kadrze, zaj\u0119ciach dydaktycznych, ko\u0142ach zainteresowa\u0144, wolontariacie. Aktualno\u015bci. Galeria zdj\u0119\u0107.\",\"publisher\":{\"@id\":\"https:\/\/2liceum.eu\/#organization\"},\"potentialAction\":[{\"@type\":\"SearchAction\",\"target\":{\"@type\":\"EntryPoint\",\"urlTemplate\":\"https:\/\/2liceum.eu\/?s={search_term_string}\"},\"query-input\":\"required name=search_term_string\"}],\"inLanguage\":\"pl-PL\"},{\"@type\":\"WebPage\",\"@id\":\"https:\/\/2liceum.eu\/index.php\/2024\/02\/16\/walentynki\/\",\"url\":\"https:\/\/2liceum.eu\/index.php\/2024\/02\/16\/walentynki\/\",\"name\":\"Walentynki! - II Liceum Og\u00f3lnokszta\u0142c\u0105ce w Lubinie\",\"isPartOf\":{\"@id\":\"https:\/\/2liceum.eu\/#website\"},\"datePublished\":\"2024-02-16T13:43:37+00:00\",\"dateModified\":\"2024-02-16T13:43:38+00:00\",\"breadcrumb\":{\"@id\":\"https:\/\/2liceum.eu\/index.php\/2024\/02\/16\/walentynki\/#breadcrumb\"},\"inLanguage\":\"pl-PL\",\"potentialAction\":[{\"@type\":\"ReadAction\",\"target\":[\"https:\/\/2liceum.eu\/index.php\/2024\/02\/16\/walentynki\/\"]}]},{\"@type\":\"BreadcrumbList\",\"@id\":\"https:\/\/2liceum.eu\/index.php\/2024\/02\/16\/walentynki\/#breadcrumb\",\"itemListElement\":[{\"@type\":\"ListItem\",\"position\":1,\"name\":\"Strona g\u0142\u00f3wna\",\"item\":\"https:\/\/2liceum.eu\/\"},{\"@type\":\"ListItem\",\"position\":2,\"name\":\"Walentynki!\"}]},{\"@type\":\"Article\",\"@id\":\"https:\/\/2liceum.eu\/index.php\/2024\/02\/16\/walentynki\/#article\",\"isPartOf\":{\"@id\":\"https:\/\/2liceum.eu\/index.php\/2024\/02\/16\/walentynki\/\"},\"author\":{\"name\":\"Adam Dragan\",\"@id\":\"https:\/\/2liceum.eu\/#\/schema\/person\/1a52557bfdaf047be954a8b190648da5\"},\"headline\":\"Walentynki!\",\"datePublished\":\"2024-02-16T13:43:37+00:00\",\"dateModified\":\"2024-02-16T13:43:38+00:00\",\"mainEntityOfPage\":{\"@id\":\"https:\/\/2liceum.eu\/index.php\/2024\/02\/16\/walentynki\/\"},\"wordCount\":71,\"commentCount\":0,\"publisher\":{\"@id\":\"https:\/\/2liceum.eu\/#organization\"},\"articleSection\":[\"Aktualno\u015bci\"],\"inLanguage\":\"pl-PL\",\"potentialAction\":[{\"@type\":\"CommentAction\",\"name\":\"Comment\",\"target\":[\"https:\/\/2liceum.eu\/index.php\/2024\/02\/16\/walentynki\/#respond\"]}]},{\"@type\":\"Person\",\"@id\":\"https:\/\/2liceum.eu\/#\/schema\/person\/1a52557bfdaf047be954a8b190648da5\",\"name\":\"Adam Dragan\",\"image\":{\"@type\":\"ImageObject\",\"inLanguage\":\"pl-PL\",\"@id\":\"https:\/\/2liceum.eu\/#\/schema\/person\/image\/\",\"url\":\"https:\/\/secure.gravatar.com\/avatar\/3a2bee53698f47ac117505a8a054d1e47e9ee9593c4c77dc18374aa80472d80c?s=96&d=mm&r=g\",\"contentUrl\":\"https:\/\/secure.gravatar.com\/avatar\/3a2bee53698f47ac117505a8a054d1e47e9ee9593c4c77dc18374aa80472d80c?s=96&d=mm&r=g\",\"caption\":\"Adam Dragan\"},\"sameAs\":[\"http:\/\/2liceum.eu\"]}]}<\/script>\n<!-- \/ Yoast SEO plugin. -->","yoast_head_json":{"title":"Walentynki! - II Liceum Og\u00f3lnokszta\u0142c\u0105ce w Lubinie","robots":{"index":"index","follow":"follow","max-snippet":"max-snippet:-1","max-image-preview":"max-image-preview:large","max-video-preview":"max-video-preview:-1"},"canonical":"https:\/\/2liceum.eu\/index.php\/2024\/02\/16\/walentynki\/","og_locale":"pl_PL","og_type":"article","og_title":"Walentynki! - II Liceum Og\u00f3lnokszta\u0142c\u0105ce w Lubinie","og_description":"&nbsp; 14 lutego w naszej szkole odby\u0142 si\u0119 Dzie\u0144 Zakochanych. Poczt\u0119 Walentynkow\u0105 zorganizowa\u0142 Samorz\u0105d Szkolny i tego dnia rozdawa\u0142 walentynki. Dla wszystkich z tej okazji rozdawane by\u0142y cukierki, a przy akwarium by\u0142 kiermasz ciast. Ju\u017c na wej\u015bciu do szko\u0142y uczniowie zostali powitani walentynkowym akcentem. Sta\u0142a tam tematyczna \u015bcianka zdj\u0119ciowa, na kt\u00f3rej wszyscy mogli sobie zrobi\u0107 [&hellip;]","og_url":"https:\/\/2liceum.eu\/index.php\/2024\/02\/16\/walentynki\/","og_site_name":"II Liceum Og\u00f3lnokszta\u0142c\u0105ce w Lubinie","article_publisher":"https:\/\/web.facebook.com\/IILOLubin\/","article_published_time":"2024-02-16T13:43:37+00:00","article_modified_time":"2024-02-16T13:43:38+00:00","og_image":[{"url":"https:\/\/2liceum.eu\/wp-content\/uploads\/sites\/1\/nggallery\/walentynki\/20240214090225_IMG_0182.JPG"}],"author":"Adam Dragan","twitter_card":"summary_large_image","twitter_misc":{"Napisane przez":"Adam Dragan"},"schema":{"@context":"https:\/\/schema.org","@graph":[{"@type":"Organization","@id":"https:\/\/2liceum.eu\/#organization","name":"II Liceum Og\u00f3lnokszta\u0142c\u0105ce w Lubinie","url":"https:\/\/2liceum.eu\/","sameAs":["http:\/\/2lolubin","https:\/\/www.youtube.com\/channel\/UCWjEMxRJYdfvxPhVOn-8g_g","https:\/\/web.facebook.com\/IILOLubin\/"],"logo":{"@type":"ImageObject","inLanguage":"pl-PL","@id":"https:\/\/2liceum.eu\/#\/schema\/logo\/image\/","url":"https:\/\/2liceum.eu\/wp-content\/uploads\/2018\/01\/pobrane.jpg","contentUrl":"https:\/\/2liceum.eu\/wp-content\/uploads\/2018\/01\/pobrane.jpg","width":184,"height":183,"caption":"II Liceum Og\u00f3lnokszta\u0142c\u0105ce w Lubinie"},"image":{"@id":"https:\/\/2liceum.eu\/#\/schema\/logo\/image\/"}},{"@type":"WebSite","@id":"https:\/\/2liceum.eu\/#website","url":"https:\/\/2liceum.eu\/","name":"II Liceum Og\u00f3lnokszta\u0142c\u0105ce w Lubinie","description":"Oficjalny portal II LO w Lubinie. Informacje o szkole, kadrze, zaj\u0119ciach dydaktycznych, ko\u0142ach zainteresowa\u0144, wolontariacie. Aktualno\u015bci. Galeria zdj\u0119\u0107.","publisher":{"@id":"https:\/\/2liceum.eu\/#organization"},"potentialAction":[{"@type":"SearchAction","target":{"@type":"EntryPoint","urlTemplate":"https:\/\/2liceum.eu\/?s={search_term_string}"},"query-input":"required name=search_term_string"}],"inLanguage":"pl-PL"},{"@type":"WebPage","@id":"https:\/\/2liceum.eu\/index.php\/2024\/02\/16\/walentynki\/","url":"https:\/\/2liceum.eu\/index.php\/2024\/02\/16\/walentynki\/","name":"Walentynki! - II Liceum Og\u00f3lnokszta\u0142c\u0105ce w Lubinie","isPartOf":{"@id":"https:\/\/2liceum.eu\/#website"},"datePublished":"2024-02-16T13:43:37+00:00","dateModified":"2024-02-16T13:43:38+00:00","breadcrumb":{"@id":"https:\/\/2liceum.eu\/index.php\/2024\/02\/16\/walentynki\/#breadcrumb"},"inLanguage":"pl-PL","potentialAction":[{"@type":"ReadAction","target":["https:\/\/2liceum.eu\/index.php\/2024\/02\/16\/walentynki\/"]}]},{"@type":"BreadcrumbList","@id":"https:\/\/2liceum.eu\/index.php\/2024\/02\/16\/walentynki\/#breadcrumb","itemListElement":[{"@type":"ListItem","position":1,"name":"Strona g\u0142\u00f3wna","item":"https:\/\/2liceum.eu\/"},{"@type":"ListItem","position":2,"name":"Walentynki!"}]},{"@type":"Article","@id":"https:\/\/2liceum.eu\/index.php\/2024\/02\/16\/walentynki\/#article","isPartOf":{"@id":"https:\/\/2liceum.eu\/index.php\/2024\/02\/16\/walentynki\/"},"author":{"name":"Adam Dragan","@id":"https:\/\/2liceum.eu\/#\/schema\/person\/1a52557bfdaf047be954a8b190648da5"},"headline":"Walentynki!","datePublished":"2024-02-16T13:43:37+00:00","dateModified":"2024-02-16T13:43:38+00:00","mainEntityOfPage":{"@id":"https:\/\/2liceum.eu\/index.php\/2024\/02\/16\/walentynki\/"},"wordCount":71,"commentCount":0,"publisher":{"@id":"https:\/\/2liceum.eu\/#organization"},"articleSection":["Aktualno\u015bci"],"inLanguage":"pl-PL","potentialAction":[{"@type":"CommentAction","name":"Comment","target":["https:\/\/2liceum.eu\/index.php\/2024\/02\/16\/walentynki\/#respond"]}]},{"@type":"Person","@id":"https:\/\/2liceum.eu\/#\/schema\/person\/1a52557bfdaf047be954a8b190648da5","name":"Adam Dragan","image":{"@type":"ImageObject","inLanguage":"pl-PL","@id":"https:\/\/2liceum.eu\/#\/schema\/person\/image\/","url":"https:\/\/secure.gravatar.com\/avatar\/3a2bee53698f47ac117505a8a054d1e47e9ee9593c4c77dc18374aa80472d80c?s=96&d=mm&r=g","contentUrl":"https:\/\/secure.gravatar.com\/avatar\/3a2bee53698f47ac117505a8a054d1e47e9ee9593c4c77dc18374aa80472d80c?s=96&d=mm&r=g","caption":"Adam Dragan"},"sameAs":["http:\/\/2liceum.eu"]}]}},"_links":{"self":[{"href":"https:\/\/2liceum.eu\/index.php\/wp-json\/wp\/v2\/posts\/9356","targetHints":{"allow":["GET"]}}],"collection":[{"href":"https:\/\/2liceum.eu\/index.php\/wp-json\/wp\/v2\/posts"}],"about":[{"href":"https:\/\/2liceum.eu\/index.php\/wp-json\/wp\/v2\/types\/post"}],"author":[{"embeddable":true,"href":"https:\/\/2liceum.eu\/index.php\/wp-json\/wp\/v2\/users\/2"}],"replies":[{"embeddable":true,"href":"https:\/\/2liceum.eu\/index.php\/wp-json\/wp\/v2\/comments?post=9356"}],"version-history":[{"count":1,"href":"https:\/\/2liceum.eu\/index.php\/wp-json\/wp\/v2\/posts\/9356\/revisions"}],"predecessor-version":[{"id":9357,"href":"https:\/\/2liceum.eu\/index.php\/wp-json\/wp\/v2\/posts\/9356\/revisions\/9357"}],"wp:attachment":[{"href":"https:\/\/2liceum.eu\/index.php\/wp-json\/wp\/v2\/media?parent=9356"}],"wp:term":[{"taxonomy":"category","embeddable":true,"href":"https:\/\/2liceum.eu\/index.php\/wp-json\/wp\/v2\/categories?post=9356"},{"taxonomy":"post_tag","embeddable":true,"href":"https:\/\/2liceum.eu\/index.php\/wp-json\/wp\/v2\/tags?post=9356"}],"curies":[{"name":"wp","href":"https:\/\/api.w.org\/{rel}","templated":true}]}}