{"id":9358,"date":"2024-02-16T14:46:29","date_gmt":"2024-02-16T13:46:29","guid":{"rendered":"https:\/\/2liceum.eu\/?p=9358"},"modified":"2024-02-16T14:46:30","modified_gmt":"2024-02-16T13:46:30","slug":"jestesmy-w-finale-strefy-legnickiej","status":"publish","type":"post","link":"https:\/\/2liceum.eu\/index.php\/2024\/02\/16\/jestesmy-w-finale-strefy-legnickiej\/","title":{"rendered":"Jeste\u015bmy w finale strefy legnickiej!!!"},"content":{"rendered":"\n<div class=\"xdj266r x11i5rnm xat24cr x1mh8g0r x1vvkbs x126k92a\">\n<div dir=\"auto\" style=\"text-align: center;\"><img loading=\"lazy\" decoding=\"async\" class=\"alignnone wp-image-9359 size-large\" src=\"https:\/\/2liceum.eu\/wp-content\/uploads\/2024\/02\/4bd4d499-c319-42ca-901b-f5926a74d3ef-1024x768.jpg\" alt=\"\" width=\"606\" height=\"455\" srcset=\"https:\/\/2liceum.eu\/wp-content\/uploads\/2024\/02\/4bd4d499-c319-42ca-901b-f5926a74d3ef-1024x768.jpg 1024w, https:\/\/2liceum.eu\/wp-content\/uploads\/2024\/02\/4bd4d499-c319-42ca-901b-f5926a74d3ef-300x225.jpg 300w, https:\/\/2liceum.eu\/wp-content\/uploads\/2024\/02\/4bd4d499-c319-42ca-901b-f5926a74d3ef-768x576.jpg 768w, https:\/\/2liceum.eu\/wp-content\/uploads\/2024\/02\/4bd4d499-c319-42ca-901b-f5926a74d3ef.jpg 1162w\" sizes=\"auto, (max-width: 606px) 100vw, 606px\" \/><\/div>\n<div dir=\"auto\">&nbsp;<\/div>\n<div dir=\"auto\">W dniu <strong>15.02.2024<\/strong> w G\u00f3rze zosta\u0142y rozegrane p\u00f3\u0142fina\u0142y strefy legnickiej <strong>w pi\u0142k\u0119 no\u017cn\u0105 halow\u0105 ch\u0142opc\u00f3w.<\/strong><\/div>\n<\/div>\n<div class=\"x11i5rnm xat24cr x1mh8g0r x1vvkbs xtlvy1s x126k92a\">\n<div dir=\"auto\">Nasza szko\u0142a zaj\u0119\u0142a <strong><span style=\"color: #ff0000;\">1 miejsce<\/span> w turnieju<\/strong>, dzi\u0119ki czemu b\u0119dziemy w dalszym ci\u0105gu uczestniczy\u0107 w dalszym etapie turnieju &#8211; finale strefy legnickiej.<\/div>\n<div dir=\"auto\">&nbsp;<\/div>\n<\/div>\n<div class=\"x11i5rnm xat24cr x1mh8g0r x1vvkbs xtlvy1s x126k92a\">\n<div dir=\"auto\"><strong>II LO w Lubinie reprezentowali:<\/strong><\/div>\n<\/div>\n<div class=\"x11i5rnm xat24cr x1mh8g0r x1vvkbs xtlvy1s x126k92a\">\n<div dir=\"auto\">Maks Magdziak<\/div>\n<\/div>\n<div class=\"x11i5rnm xat24cr x1mh8g0r x1vvkbs xtlvy1s x126k92a\">\n<div dir=\"auto\">Kacper Pierzcha\u0142a<\/div>\n<\/div>\n<div class=\"x11i5rnm xat24cr x1mh8g0r x1vvkbs xtlvy1s x126k92a\">\n<div dir=\"auto\">Marcel Bednarek<\/div>\n<\/div>\n<div class=\"x11i5rnm xat24cr x1mh8g0r x1vvkbs xtlvy1s x126k92a\">\n<div dir=\"auto\">Mi\u0142osz Bednarek<\/div>\n<\/div>\n<div class=\"x11i5rnm xat24cr x1mh8g0r x1vvkbs xtlvy1s x126k92a\">\n<div dir=\"auto\">Kacper Grabowski<\/div>\n<\/div>\n<div class=\"x11i5rnm xat24cr x1mh8g0r x1vvkbs xtlvy1s x126k92a\">\n<div dir=\"auto\">Bartek Olszak<\/div>\n<\/div>\n<div class=\"x11i5rnm xat24cr x1mh8g0r x1vvkbs xtlvy1s x126k92a\">\n<div dir=\"auto\">Nikodem Kotlarski<\/div>\n<\/div>\n<div class=\"x11i5rnm xat24cr x1mh8g0r x1vvkbs xtlvy1s x126k92a\">\n<div dir=\"auto\">Olek Stasiszyn<\/div>\n<div dir=\"auto\">&nbsp;<\/div>\n<\/div>\n<div class=\"x11i5rnm xat24cr x1mh8g0r x1vvkbs xtlvy1s x126k92a\">\n<div dir=\"auto\">Warto doda\u0107, \u017ce <strong>s\u0119dziami podczas turnieju byli<span style=\"color: #008000;\"> uczniowie II LO w Lubinie<\/span><\/strong> &#8211; Hubert B\u0119bas i Amadeusz Opali\u0144ski.<\/div>\n<div dir=\"auto\">&nbsp;<\/div>\n<\/div>\n<div class=\"x11i5rnm xat24cr x1mh8g0r x1vvkbs xtlvy1s x126k92a\">\n<div dir=\"auto\" style=\"text-align: center;\"><strong>GRATULACJE!!!<\/strong><\/div>\n<\/div>\n","protected":false},"excerpt":{"rendered":"<p>&nbsp; W dniu 15.02.2024 w G\u00f3rze zosta\u0142y rozegrane p\u00f3\u0142fina\u0142y strefy legnickiej w pi\u0142k\u0119 no\u017cn\u0105 halow\u0105 ch\u0142opc\u00f3w. Nasza szko\u0142a zaj\u0119\u0142a 1 miejsce w turnieju, dzi\u0119ki czemu b\u0119dziemy w dalszym ci\u0105gu uczestniczy\u0107 w dalszym etapie turnieju &#8211; finale strefy legnickiej. &nbsp; II LO w Lubinie reprezentowali: Maks Magdziak Kacper Pierzcha\u0142a Marcel Bednarek Mi\u0142osz Bednarek Kacper Grabowski Bartek [&hellip;]<\/p>\n","protected":false},"author":2,"featured_media":0,"comment_status":"open","ping_status":"open","sticky":false,"template":"","format":"standard","meta":{"ngg_post_thumbnail":0,"footnotes":""},"categories":[1,40],"tags":[],"class_list":["post-9358","post","type-post","status-publish","format-standard","hentry","category-aktualnosci","category-osiagniecia-sportowe-2023-2024"],"yoast_head":"<!-- This site is optimized with the Yoast SEO plugin v19.4 - https:\/\/yoast.com\/wordpress\/plugins\/seo\/ -->\n<title>Jeste\u015bmy w finale strefy legnickiej!!! - II Liceum Og\u00f3lnokszta\u0142c\u0105ce w Lubinie<\/title>\n<meta name=\"robots\" content=\"index, follow, max-snippet:-1, max-image-preview:large, max-video-preview:-1\" \/>\n<link rel=\"canonical\" href=\"https:\/\/2liceum.eu\/index.php\/2024\/02\/16\/jestesmy-w-finale-strefy-legnickiej\/\" \/>\n<meta property=\"og:locale\" content=\"pl_PL\" \/>\n<meta property=\"og:type\" content=\"article\" \/>\n<meta property=\"og:title\" content=\"Jeste\u015bmy w finale strefy legnickiej!!! - II Liceum Og\u00f3lnokszta\u0142c\u0105ce w Lubinie\" \/>\n<meta property=\"og:description\" content=\"&nbsp; W dniu 15.02.2024 w G\u00f3rze zosta\u0142y rozegrane p\u00f3\u0142fina\u0142y strefy legnickiej w pi\u0142k\u0119 no\u017cn\u0105 halow\u0105 ch\u0142opc\u00f3w. Nasza szko\u0142a zaj\u0119\u0142a 1 miejsce w turnieju, dzi\u0119ki czemu b\u0119dziemy w dalszym ci\u0105gu uczestniczy\u0107 w dalszym etapie turnieju &#8211; finale strefy legnickiej. &nbsp; II LO w Lubinie reprezentowali: Maks Magdziak Kacper Pierzcha\u0142a Marcel Bednarek Mi\u0142osz Bednarek Kacper Grabowski Bartek [&hellip;]\" \/>\n<meta property=\"og:url\" content=\"https:\/\/2liceum.eu\/index.php\/2024\/02\/16\/jestesmy-w-finale-strefy-legnickiej\/\" \/>\n<meta property=\"og:site_name\" content=\"II Liceum Og\u00f3lnokszta\u0142c\u0105ce w Lubinie\" \/>\n<meta property=\"article:publisher\" content=\"https:\/\/web.facebook.com\/IILOLubin\/\" \/>\n<meta property=\"article:published_time\" content=\"2024-02-16T13:46:29+00:00\" \/>\n<meta property=\"article:modified_time\" content=\"2024-02-16T13:46:30+00:00\" \/>\n<meta property=\"og:image\" content=\"https:\/\/2liceum.eu\/wp-content\/uploads\/2024\/02\/4bd4d499-c319-42ca-901b-f5926a74d3ef-1024x768.jpg\" \/>\n<meta name=\"author\" content=\"Adam Dragan\" \/>\n<meta name=\"twitter:card\" content=\"summary_large_image\" \/>\n<meta name=\"twitter:label1\" content=\"Napisane przez\" \/>\n\t<meta name=\"twitter:data1\" content=\"Adam Dragan\" \/>\n<script type=\"application\/ld+json\" class=\"yoast-schema-graph\">{\"@context\":\"https:\/\/schema.org\",\"@graph\":[{\"@type\":\"Organization\",\"@id\":\"https:\/\/2liceum.eu\/#organization\",\"name\":\"II Liceum Og\u00f3lnokszta\u0142c\u0105ce w Lubinie\",\"url\":\"https:\/\/2liceum.eu\/\",\"sameAs\":[\"http:\/\/2lolubin\",\"https:\/\/www.youtube.com\/channel\/UCWjEMxRJYdfvxPhVOn-8g_g\",\"https:\/\/web.facebook.com\/IILOLubin\/\"],\"logo\":{\"@type\":\"ImageObject\",\"inLanguage\":\"pl-PL\",\"@id\":\"https:\/\/2liceum.eu\/#\/schema\/logo\/image\/\",\"url\":\"https:\/\/2liceum.eu\/wp-content\/uploads\/2018\/01\/pobrane.jpg\",\"contentUrl\":\"https:\/\/2liceum.eu\/wp-content\/uploads\/2018\/01\/pobrane.jpg\",\"width\":184,\"height\":183,\"caption\":\"II Liceum Og\u00f3lnokszta\u0142c\u0105ce w Lubinie\"},\"image\":{\"@id\":\"https:\/\/2liceum.eu\/#\/schema\/logo\/image\/\"}},{\"@type\":\"WebSite\",\"@id\":\"https:\/\/2liceum.eu\/#website\",\"url\":\"https:\/\/2liceum.eu\/\",\"name\":\"II Liceum Og\u00f3lnokszta\u0142c\u0105ce w Lubinie\",\"description\":\"Oficjalny portal II LO w Lubinie. Informacje o szkole, kadrze, zaj\u0119ciach dydaktycznych, ko\u0142ach zainteresowa\u0144, wolontariacie. Aktualno\u015bci. Galeria zdj\u0119\u0107.\",\"publisher\":{\"@id\":\"https:\/\/2liceum.eu\/#organization\"},\"potentialAction\":[{\"@type\":\"SearchAction\",\"target\":{\"@type\":\"EntryPoint\",\"urlTemplate\":\"https:\/\/2liceum.eu\/?s={search_term_string}\"},\"query-input\":\"required name=search_term_string\"}],\"inLanguage\":\"pl-PL\"},{\"@type\":\"WebPage\",\"@id\":\"https:\/\/2liceum.eu\/index.php\/2024\/02\/16\/jestesmy-w-finale-strefy-legnickiej\/\",\"url\":\"https:\/\/2liceum.eu\/index.php\/2024\/02\/16\/jestesmy-w-finale-strefy-legnickiej\/\",\"name\":\"Jeste\u015bmy w finale strefy legnickiej!!! - II Liceum Og\u00f3lnokszta\u0142c\u0105ce w Lubinie\",\"isPartOf\":{\"@id\":\"https:\/\/2liceum.eu\/#website\"},\"datePublished\":\"2024-02-16T13:46:29+00:00\",\"dateModified\":\"2024-02-16T13:46:30+00:00\",\"breadcrumb\":{\"@id\":\"https:\/\/2liceum.eu\/index.php\/2024\/02\/16\/jestesmy-w-finale-strefy-legnickiej\/#breadcrumb\"},\"inLanguage\":\"pl-PL\",\"potentialAction\":[{\"@type\":\"ReadAction\",\"target\":[\"https:\/\/2liceum.eu\/index.php\/2024\/02\/16\/jestesmy-w-finale-strefy-legnickiej\/\"]}]},{\"@type\":\"BreadcrumbList\",\"@id\":\"https:\/\/2liceum.eu\/index.php\/2024\/02\/16\/jestesmy-w-finale-strefy-legnickiej\/#breadcrumb\",\"itemListElement\":[{\"@type\":\"ListItem\",\"position\":1,\"name\":\"Strona g\u0142\u00f3wna\",\"item\":\"https:\/\/2liceum.eu\/\"},{\"@type\":\"ListItem\",\"position\":2,\"name\":\"Jeste\u015bmy w finale strefy legnickiej!!!\"}]},{\"@type\":\"Article\",\"@id\":\"https:\/\/2liceum.eu\/index.php\/2024\/02\/16\/jestesmy-w-finale-strefy-legnickiej\/#article\",\"isPartOf\":{\"@id\":\"https:\/\/2liceum.eu\/index.php\/2024\/02\/16\/jestesmy-w-finale-strefy-legnickiej\/\"},\"author\":{\"name\":\"Adam Dragan\",\"@id\":\"https:\/\/2liceum.eu\/#\/schema\/person\/1a52557bfdaf047be954a8b190648da5\"},\"headline\":\"Jeste\u015bmy w finale strefy legnickiej!!!\",\"datePublished\":\"2024-02-16T13:46:29+00:00\",\"dateModified\":\"2024-02-16T13:46:30+00:00\",\"mainEntityOfPage\":{\"@id\":\"https:\/\/2liceum.eu\/index.php\/2024\/02\/16\/jestesmy-w-finale-strefy-legnickiej\/\"},\"wordCount\":103,\"commentCount\":0,\"publisher\":{\"@id\":\"https:\/\/2liceum.eu\/#organization\"},\"articleSection\":[\"Aktualno\u015bci\",\"Osi\u0105gni\u0119cia sportowe 2023\/2024!\"],\"inLanguage\":\"pl-PL\",\"potentialAction\":[{\"@type\":\"CommentAction\",\"name\":\"Comment\",\"target\":[\"https:\/\/2liceum.eu\/index.php\/2024\/02\/16\/jestesmy-w-finale-strefy-legnickiej\/#respond\"]}]},{\"@type\":\"Person\",\"@id\":\"https:\/\/2liceum.eu\/#\/schema\/person\/1a52557bfdaf047be954a8b190648da5\",\"name\":\"Adam Dragan\",\"image\":{\"@type\":\"ImageObject\",\"inLanguage\":\"pl-PL\",\"@id\":\"https:\/\/2liceum.eu\/#\/schema\/person\/image\/\",\"url\":\"https:\/\/secure.gravatar.com\/avatar\/3a2bee53698f47ac117505a8a054d1e47e9ee9593c4c77dc18374aa80472d80c?s=96&d=mm&r=g\",\"contentUrl\":\"https:\/\/secure.gravatar.com\/avatar\/3a2bee53698f47ac117505a8a054d1e47e9ee9593c4c77dc18374aa80472d80c?s=96&d=mm&r=g\",\"caption\":\"Adam Dragan\"},\"sameAs\":[\"http:\/\/2liceum.eu\"]}]}<\/script>\n<!-- \/ Yoast SEO plugin. -->","yoast_head_json":{"title":"Jeste\u015bmy w finale strefy legnickiej!!! - II Liceum Og\u00f3lnokszta\u0142c\u0105ce w Lubinie","robots":{"index":"index","follow":"follow","max-snippet":"max-snippet:-1","max-image-preview":"max-image-preview:large","max-video-preview":"max-video-preview:-1"},"canonical":"https:\/\/2liceum.eu\/index.php\/2024\/02\/16\/jestesmy-w-finale-strefy-legnickiej\/","og_locale":"pl_PL","og_type":"article","og_title":"Jeste\u015bmy w finale strefy legnickiej!!! - II Liceum Og\u00f3lnokszta\u0142c\u0105ce w Lubinie","og_description":"&nbsp; W dniu 15.02.2024 w G\u00f3rze zosta\u0142y rozegrane p\u00f3\u0142fina\u0142y strefy legnickiej w pi\u0142k\u0119 no\u017cn\u0105 halow\u0105 ch\u0142opc\u00f3w. Nasza szko\u0142a zaj\u0119\u0142a 1 miejsce w turnieju, dzi\u0119ki czemu b\u0119dziemy w dalszym ci\u0105gu uczestniczy\u0107 w dalszym etapie turnieju &#8211; finale strefy legnickiej. &nbsp; II LO w Lubinie reprezentowali: Maks Magdziak Kacper Pierzcha\u0142a Marcel Bednarek Mi\u0142osz Bednarek Kacper Grabowski Bartek [&hellip;]","og_url":"https:\/\/2liceum.eu\/index.php\/2024\/02\/16\/jestesmy-w-finale-strefy-legnickiej\/","og_site_name":"II Liceum Og\u00f3lnokszta\u0142c\u0105ce w Lubinie","article_publisher":"https:\/\/web.facebook.com\/IILOLubin\/","article_published_time":"2024-02-16T13:46:29+00:00","article_modified_time":"2024-02-16T13:46:30+00:00","og_image":[{"url":"https:\/\/2liceum.eu\/wp-content\/uploads\/2024\/02\/4bd4d499-c319-42ca-901b-f5926a74d3ef-1024x768.jpg"}],"author":"Adam Dragan","twitter_card":"summary_large_image","twitter_misc":{"Napisane przez":"Adam Dragan"},"schema":{"@context":"https:\/\/schema.org","@graph":[{"@type":"Organization","@id":"https:\/\/2liceum.eu\/#organization","name":"II Liceum Og\u00f3lnokszta\u0142c\u0105ce w Lubinie","url":"https:\/\/2liceum.eu\/","sameAs":["http:\/\/2lolubin","https:\/\/www.youtube.com\/channel\/UCWjEMxRJYdfvxPhVOn-8g_g","https:\/\/web.facebook.com\/IILOLubin\/"],"logo":{"@type":"ImageObject","inLanguage":"pl-PL","@id":"https:\/\/2liceum.eu\/#\/schema\/logo\/image\/","url":"https:\/\/2liceum.eu\/wp-content\/uploads\/2018\/01\/pobrane.jpg","contentUrl":"https:\/\/2liceum.eu\/wp-content\/uploads\/2018\/01\/pobrane.jpg","width":184,"height":183,"caption":"II Liceum Og\u00f3lnokszta\u0142c\u0105ce w Lubinie"},"image":{"@id":"https:\/\/2liceum.eu\/#\/schema\/logo\/image\/"}},{"@type":"WebSite","@id":"https:\/\/2liceum.eu\/#website","url":"https:\/\/2liceum.eu\/","name":"II Liceum Og\u00f3lnokszta\u0142c\u0105ce w Lubinie","description":"Oficjalny portal II LO w Lubinie. Informacje o szkole, kadrze, zaj\u0119ciach dydaktycznych, ko\u0142ach zainteresowa\u0144, wolontariacie. Aktualno\u015bci. Galeria zdj\u0119\u0107.","publisher":{"@id":"https:\/\/2liceum.eu\/#organization"},"potentialAction":[{"@type":"SearchAction","target":{"@type":"EntryPoint","urlTemplate":"https:\/\/2liceum.eu\/?s={search_term_string}"},"query-input":"required name=search_term_string"}],"inLanguage":"pl-PL"},{"@type":"WebPage","@id":"https:\/\/2liceum.eu\/index.php\/2024\/02\/16\/jestesmy-w-finale-strefy-legnickiej\/","url":"https:\/\/2liceum.eu\/index.php\/2024\/02\/16\/jestesmy-w-finale-strefy-legnickiej\/","name":"Jeste\u015bmy w finale strefy legnickiej!!! - II Liceum Og\u00f3lnokszta\u0142c\u0105ce w Lubinie","isPartOf":{"@id":"https:\/\/2liceum.eu\/#website"},"datePublished":"2024-02-16T13:46:29+00:00","dateModified":"2024-02-16T13:46:30+00:00","breadcrumb":{"@id":"https:\/\/2liceum.eu\/index.php\/2024\/02\/16\/jestesmy-w-finale-strefy-legnickiej\/#breadcrumb"},"inLanguage":"pl-PL","potentialAction":[{"@type":"ReadAction","target":["https:\/\/2liceum.eu\/index.php\/2024\/02\/16\/jestesmy-w-finale-strefy-legnickiej\/"]}]},{"@type":"BreadcrumbList","@id":"https:\/\/2liceum.eu\/index.php\/2024\/02\/16\/jestesmy-w-finale-strefy-legnickiej\/#breadcrumb","itemListElement":[{"@type":"ListItem","position":1,"name":"Strona g\u0142\u00f3wna","item":"https:\/\/2liceum.eu\/"},{"@type":"ListItem","position":2,"name":"Jeste\u015bmy w finale strefy legnickiej!!!"}]},{"@type":"Article","@id":"https:\/\/2liceum.eu\/index.php\/2024\/02\/16\/jestesmy-w-finale-strefy-legnickiej\/#article","isPartOf":{"@id":"https:\/\/2liceum.eu\/index.php\/2024\/02\/16\/jestesmy-w-finale-strefy-legnickiej\/"},"author":{"name":"Adam Dragan","@id":"https:\/\/2liceum.eu\/#\/schema\/person\/1a52557bfdaf047be954a8b190648da5"},"headline":"Jeste\u015bmy w finale strefy legnickiej!!!","datePublished":"2024-02-16T13:46:29+00:00","dateModified":"2024-02-16T13:46:30+00:00","mainEntityOfPage":{"@id":"https:\/\/2liceum.eu\/index.php\/2024\/02\/16\/jestesmy-w-finale-strefy-legnickiej\/"},"wordCount":103,"commentCount":0,"publisher":{"@id":"https:\/\/2liceum.eu\/#organization"},"articleSection":["Aktualno\u015bci","Osi\u0105gni\u0119cia sportowe 2023\/2024!"],"inLanguage":"pl-PL","potentialAction":[{"@type":"CommentAction","name":"Comment","target":["https:\/\/2liceum.eu\/index.php\/2024\/02\/16\/jestesmy-w-finale-strefy-legnickiej\/#respond"]}]},{"@type":"Person","@id":"https:\/\/2liceum.eu\/#\/schema\/person\/1a52557bfdaf047be954a8b190648da5","name":"Adam Dragan","image":{"@type":"ImageObject","inLanguage":"pl-PL","@id":"https:\/\/2liceum.eu\/#\/schema\/person\/image\/","url":"https:\/\/secure.gravatar.com\/avatar\/3a2bee53698f47ac117505a8a054d1e47e9ee9593c4c77dc18374aa80472d80c?s=96&d=mm&r=g","contentUrl":"https:\/\/secure.gravatar.com\/avatar\/3a2bee53698f47ac117505a8a054d1e47e9ee9593c4c77dc18374aa80472d80c?s=96&d=mm&r=g","caption":"Adam Dragan"},"sameAs":["http:\/\/2liceum.eu"]}]}},"_links":{"self":[{"href":"https:\/\/2liceum.eu\/index.php\/wp-json\/wp\/v2\/posts\/9358","targetHints":{"allow":["GET"]}}],"collection":[{"href":"https:\/\/2liceum.eu\/index.php\/wp-json\/wp\/v2\/posts"}],"about":[{"href":"https:\/\/2liceum.eu\/index.php\/wp-json\/wp\/v2\/types\/post"}],"author":[{"embeddable":true,"href":"https:\/\/2liceum.eu\/index.php\/wp-json\/wp\/v2\/users\/2"}],"replies":[{"embeddable":true,"href":"https:\/\/2liceum.eu\/index.php\/wp-json\/wp\/v2\/comments?post=9358"}],"version-history":[{"count":1,"href":"https:\/\/2liceum.eu\/index.php\/wp-json\/wp\/v2\/posts\/9358\/revisions"}],"predecessor-version":[{"id":9360,"href":"https:\/\/2liceum.eu\/index.php\/wp-json\/wp\/v2\/posts\/9358\/revisions\/9360"}],"wp:attachment":[{"href":"https:\/\/2liceum.eu\/index.php\/wp-json\/wp\/v2\/media?parent=9358"}],"wp:term":[{"taxonomy":"category","embeddable":true,"href":"https:\/\/2liceum.eu\/index.php\/wp-json\/wp\/v2\/categories?post=9358"},{"taxonomy":"post_tag","embeddable":true,"href":"https:\/\/2liceum.eu\/index.php\/wp-json\/wp\/v2\/tags?post=9358"}],"curies":[{"name":"wp","href":"https:\/\/api.w.org\/{rel}","templated":true}]}}