{"id":9399,"date":"2024-02-21T14:15:48","date_gmt":"2024-02-21T13:15:48","guid":{"rendered":"https:\/\/2liceum.eu\/?p=9399"},"modified":"2024-02-21T14:15:49","modified_gmt":"2024-02-21T13:15:49","slug":"przygoda-z-erasmus","status":"publish","type":"post","link":"https:\/\/2liceum.eu\/index.php\/2024\/02\/21\/przygoda-z-erasmus\/","title":{"rendered":"Przygoda z Erasmus+!"},"content":{"rendered":"\n<div class=\"xdj266r x11i5rnm xat24cr x1mh8g0r x1vvkbs x126k92a\">\n<div dir=\"auto\" style=\"text-align: justify;\"><strong><img loading=\"lazy\" decoding=\"async\" class=\"alignright \" src=\"https:\/\/2liceum.eu\/wp-content\/uploads\/sites\/1\/nggallery\/erasmus\/received_1049952076283235.jpeg\" width=\"265\" height=\"195\">W 2022 r. a dok\u0142adnie od 03.07. do 11.07. mia\u0142y\u015bmy przyjemno\u015b\u0107 po raz pierwszy uczestniczy\u0107 w programie <span style=\"color: #008000;\">Erasmus+<\/span>.<\/strong> Wszystko mia\u0142o miejsce we Wroc\u0142awiu, gdzie jako polska grupa go\u015bcili\u015bmy uczestnik\u00f3w projektu z innych kraj\u00f3w. Tematem przewodnim by\u0142 sport, wi\u0119c ka\u017cdego dnia brali\u015bmy wsp\u00f3lnie udzia\u0142 w r\u00f3\u017cnych aktywno\u015bciach fizycznych typowych dla ka\u017cdego kraju. <strong>Od 10.07.2023 r. do 20.07.2023 r. prze\u017cyli\u015bmy po raz drugi przygod\u0119 z projektem Erasmus+<\/strong>, kt\u00f3rego tematem by\u0142a ekologia. Ka\u017cdego dnia uczestniczyli\u015bmy w r\u00f3\u017cnego rodzaju aktywno\u015bciach dotycz\u0105cych ekologii. Robili\u015bmy w\u0142asnor\u0119cznie myd\u0142a, pomagali\u015bmy w hospicjum oraz brali\u015bmy udzia\u0142 w wyk\u0142adach dotycz\u0105cych ekologii. Wszystko by\u0142o zorganizowane tak, aby\u015bmy sp\u0119dzali ze sob\u0105 wszyscy jak najwi\u0119cej czasu i komunikowali si\u0119 w j\u0119zyku angielskim. Odbywa\u0142y si\u0119 tak\u017ce na obydwu projektach wieczory kulturowe, podczas kt\u00f3rych mogli\u015bmy pozna\u0107 nieco kultur\u0119 ka\u017cdego kraju oraz wyjazd na G\u00f3r\u0119 \u015al\u0119\u017ca. Program tak\u017ce pozwoli\u0142 nam prze\u0142ama\u0107 strach przed komunikowaniem si\u0119 w j\u0119zyku angielskim i pozna\u0107 wspania\u0142ych ludzi, z kt\u00f3rymi utrzymujemy kontakt do dzi\u015b. <strong>Zach\u0119camy ka\u017cdego z was do wzi\u0119cia udzia\u0142u w projekcie, gdy\u017c jest on niesamowit\u0105 przygod\u0105 i u\u0142atwi wam porozumiewanie si\u0119 w j\u0119zyku obcym.<\/strong><\/div>\n<div dir=\"auto\">&nbsp;<\/div>\n<\/div>\n<div class=\"x11i5rnm xat24cr x1mh8g0r x1vvkbs xtlvy1s x126k92a\">\n<div dir=\"auto\">Julia Marks<\/div>\n<div dir=\"auto\">Zuzanna Stasiuk<\/div>\n<div dir=\"auto\">Maja Herda<\/div>\n<div dir=\"auto\">Agata Domagalska<\/div>\n<div dir=\"auto\">Alicja Adamczyk<\/div>\n<div dir=\"auto\">Renata Dubiel<\/div>\n<div dir=\"auto\">&nbsp;<\/div>\n<\/div>\n\n\n<div class=\"wp-block-image\">\n<figure class=\"aligncenter size-full\"><a href=\"https:\/\/2liceum.eu\/index.php\/rok-szkolny-2023-2024\/nggallery\/rok-szkolny-2023-2024\/erasmus\"><img loading=\"lazy\" decoding=\"async\" width=\"119\" height=\"26\" src=\"https:\/\/2liceum.eu\/wp-content\/uploads\/2019\/12\/galeria.jpg\" alt=\"\" class=\"wp-image-4616\"\/><\/a><\/figure>\n<\/div>","protected":false},"excerpt":{"rendered":"<p>W 2022 r. a dok\u0142adnie od 03.07. do 11.07. mia\u0142y\u015bmy przyjemno\u015b\u0107 po raz pierwszy uczestniczy\u0107 w programie Erasmus+. Wszystko mia\u0142o miejsce we Wroc\u0142awiu, gdzie jako polska grupa go\u015bcili\u015bmy uczestnik\u00f3w projektu z innych kraj\u00f3w. Tematem przewodnim by\u0142 sport, wi\u0119c ka\u017cdego dnia brali\u015bmy wsp\u00f3lnie udzia\u0142 w r\u00f3\u017cnych aktywno\u015bciach fizycznych typowych dla ka\u017cdego kraju. Od 10.07.2023 r. do [&hellip;]<\/p>\n","protected":false},"author":2,"featured_media":0,"comment_status":"open","ping_status":"open","sticky":false,"template":"","format":"standard","meta":{"ngg_post_thumbnail":0,"footnotes":""},"categories":[1],"tags":[],"class_list":["post-9399","post","type-post","status-publish","format-standard","hentry","category-aktualnosci"],"yoast_head":"<!-- This site is optimized with the Yoast SEO plugin v19.4 - https:\/\/yoast.com\/wordpress\/plugins\/seo\/ -->\n<title>Przygoda z Erasmus+! - II Liceum Og\u00f3lnokszta\u0142c\u0105ce w Lubinie<\/title>\n<meta name=\"robots\" content=\"index, follow, max-snippet:-1, max-image-preview:large, max-video-preview:-1\" \/>\n<link rel=\"canonical\" href=\"https:\/\/2liceum.eu\/index.php\/2024\/02\/21\/przygoda-z-erasmus\/\" \/>\n<meta property=\"og:locale\" content=\"pl_PL\" \/>\n<meta property=\"og:type\" content=\"article\" \/>\n<meta property=\"og:title\" content=\"Przygoda z Erasmus+! - II Liceum Og\u00f3lnokszta\u0142c\u0105ce w Lubinie\" \/>\n<meta property=\"og:description\" content=\"W 2022 r. a dok\u0142adnie od 03.07. do 11.07. mia\u0142y\u015bmy przyjemno\u015b\u0107 po raz pierwszy uczestniczy\u0107 w programie Erasmus+. Wszystko mia\u0142o miejsce we Wroc\u0142awiu, gdzie jako polska grupa go\u015bcili\u015bmy uczestnik\u00f3w projektu z innych kraj\u00f3w. Tematem przewodnim by\u0142 sport, wi\u0119c ka\u017cdego dnia brali\u015bmy wsp\u00f3lnie udzia\u0142 w r\u00f3\u017cnych aktywno\u015bciach fizycznych typowych dla ka\u017cdego kraju. Od 10.07.2023 r. do [&hellip;]\" \/>\n<meta property=\"og:url\" content=\"https:\/\/2liceum.eu\/index.php\/2024\/02\/21\/przygoda-z-erasmus\/\" \/>\n<meta property=\"og:site_name\" content=\"II Liceum Og\u00f3lnokszta\u0142c\u0105ce w Lubinie\" \/>\n<meta property=\"article:publisher\" content=\"https:\/\/web.facebook.com\/IILOLubin\/\" \/>\n<meta property=\"article:published_time\" content=\"2024-02-21T13:15:48+00:00\" \/>\n<meta property=\"article:modified_time\" content=\"2024-02-21T13:15:49+00:00\" \/>\n<meta property=\"og:image\" content=\"https:\/\/2liceum.eu\/wp-content\/uploads\/sites\/1\/nggallery\/erasmus\/received_1049952076283235.jpeg\" \/>\n<meta name=\"author\" content=\"Adam Dragan\" \/>\n<meta name=\"twitter:card\" content=\"summary_large_image\" \/>\n<meta name=\"twitter:label1\" content=\"Napisane przez\" \/>\n\t<meta name=\"twitter:data1\" content=\"Adam Dragan\" \/>\n\t<meta name=\"twitter:label2\" content=\"Szacowany czas czytania\" \/>\n\t<meta name=\"twitter:data2\" content=\"1 minuta\" \/>\n<script type=\"application\/ld+json\" class=\"yoast-schema-graph\">{\"@context\":\"https:\/\/schema.org\",\"@graph\":[{\"@type\":\"Organization\",\"@id\":\"https:\/\/2liceum.eu\/#organization\",\"name\":\"II Liceum Og\u00f3lnokszta\u0142c\u0105ce w Lubinie\",\"url\":\"https:\/\/2liceum.eu\/\",\"sameAs\":[\"http:\/\/2lolubin\",\"https:\/\/www.youtube.com\/channel\/UCWjEMxRJYdfvxPhVOn-8g_g\",\"https:\/\/web.facebook.com\/IILOLubin\/\"],\"logo\":{\"@type\":\"ImageObject\",\"inLanguage\":\"pl-PL\",\"@id\":\"https:\/\/2liceum.eu\/#\/schema\/logo\/image\/\",\"url\":\"https:\/\/2liceum.eu\/wp-content\/uploads\/2018\/01\/pobrane.jpg\",\"contentUrl\":\"https:\/\/2liceum.eu\/wp-content\/uploads\/2018\/01\/pobrane.jpg\",\"width\":184,\"height\":183,\"caption\":\"II Liceum Og\u00f3lnokszta\u0142c\u0105ce w Lubinie\"},\"image\":{\"@id\":\"https:\/\/2liceum.eu\/#\/schema\/logo\/image\/\"}},{\"@type\":\"WebSite\",\"@id\":\"https:\/\/2liceum.eu\/#website\",\"url\":\"https:\/\/2liceum.eu\/\",\"name\":\"II Liceum Og\u00f3lnokszta\u0142c\u0105ce w Lubinie\",\"description\":\"Oficjalny portal II LO w Lubinie. Informacje o szkole, kadrze, zaj\u0119ciach dydaktycznych, ko\u0142ach zainteresowa\u0144, wolontariacie. Aktualno\u015bci. Galeria zdj\u0119\u0107.\",\"publisher\":{\"@id\":\"https:\/\/2liceum.eu\/#organization\"},\"potentialAction\":[{\"@type\":\"SearchAction\",\"target\":{\"@type\":\"EntryPoint\",\"urlTemplate\":\"https:\/\/2liceum.eu\/?s={search_term_string}\"},\"query-input\":\"required name=search_term_string\"}],\"inLanguage\":\"pl-PL\"},{\"@type\":\"WebPage\",\"@id\":\"https:\/\/2liceum.eu\/index.php\/2024\/02\/21\/przygoda-z-erasmus\/\",\"url\":\"https:\/\/2liceum.eu\/index.php\/2024\/02\/21\/przygoda-z-erasmus\/\",\"name\":\"Przygoda z Erasmus+! - II Liceum Og\u00f3lnokszta\u0142c\u0105ce w Lubinie\",\"isPartOf\":{\"@id\":\"https:\/\/2liceum.eu\/#website\"},\"datePublished\":\"2024-02-21T13:15:48+00:00\",\"dateModified\":\"2024-02-21T13:15:49+00:00\",\"breadcrumb\":{\"@id\":\"https:\/\/2liceum.eu\/index.php\/2024\/02\/21\/przygoda-z-erasmus\/#breadcrumb\"},\"inLanguage\":\"pl-PL\",\"potentialAction\":[{\"@type\":\"ReadAction\",\"target\":[\"https:\/\/2liceum.eu\/index.php\/2024\/02\/21\/przygoda-z-erasmus\/\"]}]},{\"@type\":\"BreadcrumbList\",\"@id\":\"https:\/\/2liceum.eu\/index.php\/2024\/02\/21\/przygoda-z-erasmus\/#breadcrumb\",\"itemListElement\":[{\"@type\":\"ListItem\",\"position\":1,\"name\":\"Strona g\u0142\u00f3wna\",\"item\":\"https:\/\/2liceum.eu\/\"},{\"@type\":\"ListItem\",\"position\":2,\"name\":\"Przygoda z Erasmus+!\"}]},{\"@type\":\"Article\",\"@id\":\"https:\/\/2liceum.eu\/index.php\/2024\/02\/21\/przygoda-z-erasmus\/#article\",\"isPartOf\":{\"@id\":\"https:\/\/2liceum.eu\/index.php\/2024\/02\/21\/przygoda-z-erasmus\/\"},\"author\":{\"name\":\"Adam Dragan\",\"@id\":\"https:\/\/2liceum.eu\/#\/schema\/person\/1a52557bfdaf047be954a8b190648da5\"},\"headline\":\"Przygoda z Erasmus+!\",\"datePublished\":\"2024-02-21T13:15:48+00:00\",\"dateModified\":\"2024-02-21T13:15:49+00:00\",\"mainEntityOfPage\":{\"@id\":\"https:\/\/2liceum.eu\/index.php\/2024\/02\/21\/przygoda-z-erasmus\/\"},\"wordCount\":242,\"commentCount\":0,\"publisher\":{\"@id\":\"https:\/\/2liceum.eu\/#organization\"},\"articleSection\":[\"Aktualno\u015bci\"],\"inLanguage\":\"pl-PL\",\"potentialAction\":[{\"@type\":\"CommentAction\",\"name\":\"Comment\",\"target\":[\"https:\/\/2liceum.eu\/index.php\/2024\/02\/21\/przygoda-z-erasmus\/#respond\"]}]},{\"@type\":\"Person\",\"@id\":\"https:\/\/2liceum.eu\/#\/schema\/person\/1a52557bfdaf047be954a8b190648da5\",\"name\":\"Adam Dragan\",\"image\":{\"@type\":\"ImageObject\",\"inLanguage\":\"pl-PL\",\"@id\":\"https:\/\/2liceum.eu\/#\/schema\/person\/image\/\",\"url\":\"https:\/\/secure.gravatar.com\/avatar\/3a2bee53698f47ac117505a8a054d1e47e9ee9593c4c77dc18374aa80472d80c?s=96&d=mm&r=g\",\"contentUrl\":\"https:\/\/secure.gravatar.com\/avatar\/3a2bee53698f47ac117505a8a054d1e47e9ee9593c4c77dc18374aa80472d80c?s=96&d=mm&r=g\",\"caption\":\"Adam Dragan\"},\"sameAs\":[\"http:\/\/2liceum.eu\"]}]}<\/script>\n<!-- \/ Yoast SEO plugin. -->","yoast_head_json":{"title":"Przygoda z Erasmus+! - II Liceum Og\u00f3lnokszta\u0142c\u0105ce w Lubinie","robots":{"index":"index","follow":"follow","max-snippet":"max-snippet:-1","max-image-preview":"max-image-preview:large","max-video-preview":"max-video-preview:-1"},"canonical":"https:\/\/2liceum.eu\/index.php\/2024\/02\/21\/przygoda-z-erasmus\/","og_locale":"pl_PL","og_type":"article","og_title":"Przygoda z Erasmus+! - II Liceum Og\u00f3lnokszta\u0142c\u0105ce w Lubinie","og_description":"W 2022 r. a dok\u0142adnie od 03.07. do 11.07. mia\u0142y\u015bmy przyjemno\u015b\u0107 po raz pierwszy uczestniczy\u0107 w programie Erasmus+. Wszystko mia\u0142o miejsce we Wroc\u0142awiu, gdzie jako polska grupa go\u015bcili\u015bmy uczestnik\u00f3w projektu z innych kraj\u00f3w. Tematem przewodnim by\u0142 sport, wi\u0119c ka\u017cdego dnia brali\u015bmy wsp\u00f3lnie udzia\u0142 w r\u00f3\u017cnych aktywno\u015bciach fizycznych typowych dla ka\u017cdego kraju. Od 10.07.2023 r. do [&hellip;]","og_url":"https:\/\/2liceum.eu\/index.php\/2024\/02\/21\/przygoda-z-erasmus\/","og_site_name":"II Liceum Og\u00f3lnokszta\u0142c\u0105ce w Lubinie","article_publisher":"https:\/\/web.facebook.com\/IILOLubin\/","article_published_time":"2024-02-21T13:15:48+00:00","article_modified_time":"2024-02-21T13:15:49+00:00","og_image":[{"url":"https:\/\/2liceum.eu\/wp-content\/uploads\/sites\/1\/nggallery\/erasmus\/received_1049952076283235.jpeg"}],"author":"Adam Dragan","twitter_card":"summary_large_image","twitter_misc":{"Napisane przez":"Adam Dragan","Szacowany czas czytania":"1 minuta"},"schema":{"@context":"https:\/\/schema.org","@graph":[{"@type":"Organization","@id":"https:\/\/2liceum.eu\/#organization","name":"II Liceum Og\u00f3lnokszta\u0142c\u0105ce w Lubinie","url":"https:\/\/2liceum.eu\/","sameAs":["http:\/\/2lolubin","https:\/\/www.youtube.com\/channel\/UCWjEMxRJYdfvxPhVOn-8g_g","https:\/\/web.facebook.com\/IILOLubin\/"],"logo":{"@type":"ImageObject","inLanguage":"pl-PL","@id":"https:\/\/2liceum.eu\/#\/schema\/logo\/image\/","url":"https:\/\/2liceum.eu\/wp-content\/uploads\/2018\/01\/pobrane.jpg","contentUrl":"https:\/\/2liceum.eu\/wp-content\/uploads\/2018\/01\/pobrane.jpg","width":184,"height":183,"caption":"II Liceum Og\u00f3lnokszta\u0142c\u0105ce w Lubinie"},"image":{"@id":"https:\/\/2liceum.eu\/#\/schema\/logo\/image\/"}},{"@type":"WebSite","@id":"https:\/\/2liceum.eu\/#website","url":"https:\/\/2liceum.eu\/","name":"II Liceum Og\u00f3lnokszta\u0142c\u0105ce w Lubinie","description":"Oficjalny portal II LO w Lubinie. Informacje o szkole, kadrze, zaj\u0119ciach dydaktycznych, ko\u0142ach zainteresowa\u0144, wolontariacie. Aktualno\u015bci. Galeria zdj\u0119\u0107.","publisher":{"@id":"https:\/\/2liceum.eu\/#organization"},"potentialAction":[{"@type":"SearchAction","target":{"@type":"EntryPoint","urlTemplate":"https:\/\/2liceum.eu\/?s={search_term_string}"},"query-input":"required name=search_term_string"}],"inLanguage":"pl-PL"},{"@type":"WebPage","@id":"https:\/\/2liceum.eu\/index.php\/2024\/02\/21\/przygoda-z-erasmus\/","url":"https:\/\/2liceum.eu\/index.php\/2024\/02\/21\/przygoda-z-erasmus\/","name":"Przygoda z Erasmus+! - II Liceum Og\u00f3lnokszta\u0142c\u0105ce w Lubinie","isPartOf":{"@id":"https:\/\/2liceum.eu\/#website"},"datePublished":"2024-02-21T13:15:48+00:00","dateModified":"2024-02-21T13:15:49+00:00","breadcrumb":{"@id":"https:\/\/2liceum.eu\/index.php\/2024\/02\/21\/przygoda-z-erasmus\/#breadcrumb"},"inLanguage":"pl-PL","potentialAction":[{"@type":"ReadAction","target":["https:\/\/2liceum.eu\/index.php\/2024\/02\/21\/przygoda-z-erasmus\/"]}]},{"@type":"BreadcrumbList","@id":"https:\/\/2liceum.eu\/index.php\/2024\/02\/21\/przygoda-z-erasmus\/#breadcrumb","itemListElement":[{"@type":"ListItem","position":1,"name":"Strona g\u0142\u00f3wna","item":"https:\/\/2liceum.eu\/"},{"@type":"ListItem","position":2,"name":"Przygoda z Erasmus+!"}]},{"@type":"Article","@id":"https:\/\/2liceum.eu\/index.php\/2024\/02\/21\/przygoda-z-erasmus\/#article","isPartOf":{"@id":"https:\/\/2liceum.eu\/index.php\/2024\/02\/21\/przygoda-z-erasmus\/"},"author":{"name":"Adam Dragan","@id":"https:\/\/2liceum.eu\/#\/schema\/person\/1a52557bfdaf047be954a8b190648da5"},"headline":"Przygoda z Erasmus+!","datePublished":"2024-02-21T13:15:48+00:00","dateModified":"2024-02-21T13:15:49+00:00","mainEntityOfPage":{"@id":"https:\/\/2liceum.eu\/index.php\/2024\/02\/21\/przygoda-z-erasmus\/"},"wordCount":242,"commentCount":0,"publisher":{"@id":"https:\/\/2liceum.eu\/#organization"},"articleSection":["Aktualno\u015bci"],"inLanguage":"pl-PL","potentialAction":[{"@type":"CommentAction","name":"Comment","target":["https:\/\/2liceum.eu\/index.php\/2024\/02\/21\/przygoda-z-erasmus\/#respond"]}]},{"@type":"Person","@id":"https:\/\/2liceum.eu\/#\/schema\/person\/1a52557bfdaf047be954a8b190648da5","name":"Adam Dragan","image":{"@type":"ImageObject","inLanguage":"pl-PL","@id":"https:\/\/2liceum.eu\/#\/schema\/person\/image\/","url":"https:\/\/secure.gravatar.com\/avatar\/3a2bee53698f47ac117505a8a054d1e47e9ee9593c4c77dc18374aa80472d80c?s=96&d=mm&r=g","contentUrl":"https:\/\/secure.gravatar.com\/avatar\/3a2bee53698f47ac117505a8a054d1e47e9ee9593c4c77dc18374aa80472d80c?s=96&d=mm&r=g","caption":"Adam Dragan"},"sameAs":["http:\/\/2liceum.eu"]}]}},"_links":{"self":[{"href":"https:\/\/2liceum.eu\/index.php\/wp-json\/wp\/v2\/posts\/9399","targetHints":{"allow":["GET"]}}],"collection":[{"href":"https:\/\/2liceum.eu\/index.php\/wp-json\/wp\/v2\/posts"}],"about":[{"href":"https:\/\/2liceum.eu\/index.php\/wp-json\/wp\/v2\/types\/post"}],"author":[{"embeddable":true,"href":"https:\/\/2liceum.eu\/index.php\/wp-json\/wp\/v2\/users\/2"}],"replies":[{"embeddable":true,"href":"https:\/\/2liceum.eu\/index.php\/wp-json\/wp\/v2\/comments?post=9399"}],"version-history":[{"count":1,"href":"https:\/\/2liceum.eu\/index.php\/wp-json\/wp\/v2\/posts\/9399\/revisions"}],"predecessor-version":[{"id":9400,"href":"https:\/\/2liceum.eu\/index.php\/wp-json\/wp\/v2\/posts\/9399\/revisions\/9400"}],"wp:attachment":[{"href":"https:\/\/2liceum.eu\/index.php\/wp-json\/wp\/v2\/media?parent=9399"}],"wp:term":[{"taxonomy":"category","embeddable":true,"href":"https:\/\/2liceum.eu\/index.php\/wp-json\/wp\/v2\/categories?post=9399"},{"taxonomy":"post_tag","embeddable":true,"href":"https:\/\/2liceum.eu\/index.php\/wp-json\/wp\/v2\/tags?post=9399"}],"curies":[{"name":"wp","href":"https:\/\/api.w.org\/{rel}","templated":true}]}}