{"id":9404,"date":"2024-02-21T14:26:08","date_gmt":"2024-02-21T13:26:08","guid":{"rendered":"https:\/\/2liceum.eu\/?p=9404"},"modified":"2024-02-21T14:26:09","modified_gmt":"2024-02-21T13:26:09","slug":"srebrne-medale-w-finale-strefy-legnickiej","status":"publish","type":"post","link":"https:\/\/2liceum.eu\/index.php\/2024\/02\/21\/srebrne-medale-w-finale-strefy-legnickiej\/","title":{"rendered":"Srebrne medale w Finale Strefy legnickiej!"},"content":{"rendered":"\n<div class=\"xdj266r x11i5rnm xat24cr x1mh8g0r x1vvkbs x126k92a\">\n<div dir=\"auto\" style=\"text-align: center;\"><img loading=\"lazy\" decoding=\"async\" class=\"alignnone \" src=\"https:\/\/2liceum.eu\/wp-content\/uploads\/sites\/1\/nggallery\/srebrne-medale-w-finale-strefy-legnickiej\/IMG_20240220_155342.jpg\" width=\"549\" height=\"445\"><\/div>\n<div dir=\"auto\">&nbsp;<\/div>\n<div dir=\"auto\" style=\"text-align: justify;\">Jak napisa\u0107 o emocjach podczas sportowej rywalizacji, gdzie bior\u0105 udzia\u0142 nasi sportowcy w r\u00f3\u017cnych dyscyplinach? Jak napisa\u0107 o zm\u0119czeniu, wyczerpaniu, strachu, o smutku po przegranej, o b\u00f3lu&#8230; <span style=\"text-align: justify; color: initial;\">O wszystkich dziewczynach i ch\u0142opakach, kt\u00f3rzy ucz\u0105 si\u0119 w 2 LO a po lekcjach id\u0105 na trening i musz\u0105 zd\u0105\u017cy\u0107 odrobi\u0107 lekcje, napisa\u0107 rozprawk\u0119, nauczy\u0107 si\u0119 z biologii, przypomnie\u0107 s\u0142\u00f3wka, powt\u00f3rzy\u0107 matematyk\u0119, chemi\u0119 i nie zasn\u0105\u0107! <\/span><span style=\"color: initial;\">I w\u0142a\u015bciwie to b\u0119dzie ca\u0142y wachlarz emocji.<\/span><\/div>\n<\/div>\n<div class=\"x11i5rnm xat24cr x1mh8g0r x1vvkbs xtlvy1s x126k92a\" style=\"text-align: justify;\">\n<div dir=\"auto\">&nbsp;<\/div>\n<div dir=\"auto\">Cz\u0119sto jest to trudne do pogodzenia. Ale si\u0119 udaje. Dzi\u0119ki wytrwa\u0142o\u015bci, pracowito\u015bci, wsp\u00f3\u0142pracy i dzi\u0119ki kompromisowi ucze\u0144 &#8211; nauczyciel mo\u017cna tak zorganizowa\u0107 sobie dzie\u0144, tydzie\u0144, \u017ce okazuj\u0119 si\u0119, \u017ce mo\u017cna. Nauka i sport to si\u0119 nie wyklucza.<\/div>\n<div dir=\"auto\">&nbsp;<\/div>\n<div dir=\"auto\">I to jest fajne i dobre <span class=\"x3nfvp2 x1j61x8r x1fcty0u xdj266r xhhsvwb xat24cr xgzva0m xxymvpz xlup9mm x1kky2od\"><img loading=\"lazy\" decoding=\"async\" class=\"xz74otr\" src=\"https:\/\/static.xx.fbcdn.net\/images\/emoji.php\/v9\/t4c\/1\/16\/1f642.png\" alt=\"\ud83d\ude42\" width=\"16\" height=\"16\"><\/span><\/div>\n<div dir=\"auto\">&nbsp;<\/div>\n<\/div>\n<div class=\"x11i5rnm xat24cr x1mh8g0r x1vvkbs xtlvy1s x126k92a\">\n<div dir=\"auto\" style=\"text-align: justify;\">Wi\u0119c &#8211; <strong>mamy <span style=\"color: #ff0000;\">srebrne medale w Finale Strefy legnickiej!<\/span><\/strong><\/div>\n<div dir=\"auto\" style=\"text-align: justify;\">&nbsp;<\/div>\n<div dir=\"auto\" style=\"text-align: justify;\">Przegrali\u015bmy w tie-breaku z G\u0142ogowem, raz w p\u00f3\u0142finale w Chocianowie &#8211; 12.02.2024 no i teraz w finale &#8211; 20.02 2024 w Jaworze.<\/div>\n<div dir=\"auto\" style=\"text-align: justify;\">&nbsp;<\/div>\n<div dir=\"auto\" style=\"text-align: justify;\">Ale wygrali\u015bmy z dru\u017cynami z Chocianowa i Jawora, nauczyli\u015bmy si\u0119 te\u017c fajnego ta\u0144ca i nadal b\u0119dziemy gra\u0107 w siatk\u00f3wk\u0119. I lubimy wychowanie fizyczne !!!<\/div>\n<div dir=\"auto\">&nbsp;<\/div>\n<\/div>\n<div class=\"x11i5rnm xat24cr x1mh8g0r x1vvkbs xtlvy1s x126k92a\">\n<div dir=\"auto\"><strong>Sk\u0142ad dru\u017cyny :<\/strong><\/div>\n<ul>\n<li dir=\"auto\">Aleksandra Grocholska-1b,<\/li>\n<li dir=\"auto\">Urszula Gawron- 1c,<\/li>\n<li dir=\"auto\">Paulina Barcikowska- 1d,<\/li>\n<li dir=\"auto\">Julia Duszy\u0144ska- 1d,<\/li>\n<li dir=\"auto\">Aleksandra Buchowska- 2a,<\/li>\n<li dir=\"auto\">Nadia Chobot- 2c,<\/li>\n<li dir=\"auto\">Patrycja Barcikowska- 2d,<\/li>\n<li dir=\"auto\">Zuzanna Ha\u0142ys- 2d,<\/li>\n<li dir=\"auto\">Alicja Deptu\u0142a- 3f,<\/li>\n<li dir=\"auto\">Magdalena Zawada- 4e<\/li>\n<\/ul>\n<\/div>\n<div class=\"x11i5rnm xat24cr x1mh8g0r x1vvkbs xtlvy1s x126k92a\">\n<div dir=\"auto\"><strong>Gratulujemy! Jeste\u015bmy dumni!<\/strong><\/div>\n<div dir=\"auto\">&nbsp;<\/div>\n<\/div>\n<div class=\"x11i5rnm xat24cr x1mh8g0r x1vvkbs xtlvy1s x126k92a\">\n<div dir=\"auto\">I mamy fajnych kibic\u00f3w, trener\u00f3w i nauczycieli &#8211; pozdrawiamy i dzi\u0119kujemy !<\/div>\n<div dir=\"auto\">&nbsp;<\/div>\n<\/div>\n<div class=\"x11i5rnm xat24cr x1mh8g0r x1vvkbs xtlvy1s x126k92a\">\n<div dir=\"auto\" style=\"text-align: right;\"><strong>opiekun &#8211; A.Stolarczyk<\/strong><\/div>\n<\/div>\n\n\n<div class=\"wp-block-image\">\n<figure class=\"aligncenter size-full\"><a href=\"https:\/\/2liceum.eu\/index.php\/rok-szkolny-2023-2024\/nggallery\/rok-szkolny-2023-2024\/srebrne-medale-w-finale-strefy-legnickiej\"><img loading=\"lazy\" decoding=\"async\" width=\"119\" height=\"26\" src=\"https:\/\/2liceum.eu\/wp-content\/uploads\/2019\/12\/galeria.jpg\" alt=\"\" class=\"wp-image-4616\"\/><\/a><\/figure>\n<\/div>","protected":false},"excerpt":{"rendered":"<p>&nbsp; Jak napisa\u0107 o emocjach podczas sportowej rywalizacji, gdzie bior\u0105 udzia\u0142 nasi sportowcy w r\u00f3\u017cnych dyscyplinach? Jak napisa\u0107 o zm\u0119czeniu, wyczerpaniu, strachu, o smutku po przegranej, o b\u00f3lu&#8230; O wszystkich dziewczynach i ch\u0142opakach, kt\u00f3rzy ucz\u0105 si\u0119 w 2 LO a po lekcjach id\u0105 na trening i musz\u0105 zd\u0105\u017cy\u0107 odrobi\u0107 lekcje, napisa\u0107 rozprawk\u0119, nauczy\u0107 si\u0119 z [&hellip;]<\/p>\n","protected":false},"author":2,"featured_media":0,"comment_status":"open","ping_status":"open","sticky":false,"template":"","format":"standard","meta":{"ngg_post_thumbnail":0,"footnotes":""},"categories":[1,40],"tags":[],"class_list":["post-9404","post","type-post","status-publish","format-standard","hentry","category-aktualnosci","category-osiagniecia-sportowe-2023-2024"],"yoast_head":"<!-- This site is optimized with the Yoast SEO plugin v19.4 - https:\/\/yoast.com\/wordpress\/plugins\/seo\/ -->\n<title>Srebrne medale w Finale Strefy legnickiej! - II Liceum Og\u00f3lnokszta\u0142c\u0105ce w Lubinie<\/title>\n<meta name=\"robots\" content=\"index, follow, max-snippet:-1, max-image-preview:large, max-video-preview:-1\" \/>\n<link rel=\"canonical\" href=\"https:\/\/2liceum.eu\/index.php\/2024\/02\/21\/srebrne-medale-w-finale-strefy-legnickiej\/\" \/>\n<meta property=\"og:locale\" content=\"pl_PL\" \/>\n<meta property=\"og:type\" content=\"article\" \/>\n<meta property=\"og:title\" content=\"Srebrne medale w Finale Strefy legnickiej! - II Liceum Og\u00f3lnokszta\u0142c\u0105ce w Lubinie\" \/>\n<meta property=\"og:description\" content=\"&nbsp; Jak napisa\u0107 o emocjach podczas sportowej rywalizacji, gdzie bior\u0105 udzia\u0142 nasi sportowcy w r\u00f3\u017cnych dyscyplinach? Jak napisa\u0107 o zm\u0119czeniu, wyczerpaniu, strachu, o smutku po przegranej, o b\u00f3lu&#8230; O wszystkich dziewczynach i ch\u0142opakach, kt\u00f3rzy ucz\u0105 si\u0119 w 2 LO a po lekcjach id\u0105 na trening i musz\u0105 zd\u0105\u017cy\u0107 odrobi\u0107 lekcje, napisa\u0107 rozprawk\u0119, nauczy\u0107 si\u0119 z [&hellip;]\" \/>\n<meta property=\"og:url\" content=\"https:\/\/2liceum.eu\/index.php\/2024\/02\/21\/srebrne-medale-w-finale-strefy-legnickiej\/\" \/>\n<meta property=\"og:site_name\" content=\"II Liceum Og\u00f3lnokszta\u0142c\u0105ce w Lubinie\" \/>\n<meta property=\"article:publisher\" content=\"https:\/\/web.facebook.com\/IILOLubin\/\" \/>\n<meta property=\"article:published_time\" content=\"2024-02-21T13:26:08+00:00\" \/>\n<meta property=\"article:modified_time\" content=\"2024-02-21T13:26:09+00:00\" \/>\n<meta property=\"og:image\" content=\"https:\/\/2liceum.eu\/wp-content\/uploads\/sites\/1\/nggallery\/srebrne-medale-w-finale-strefy-legnickiej\/IMG_20240220_155342.jpg\" \/>\n<meta name=\"author\" content=\"Adam Dragan\" \/>\n<meta name=\"twitter:card\" content=\"summary_large_image\" \/>\n<meta name=\"twitter:label1\" content=\"Napisane przez\" \/>\n\t<meta name=\"twitter:data1\" content=\"Adam Dragan\" \/>\n\t<meta name=\"twitter:label2\" content=\"Szacowany czas czytania\" \/>\n\t<meta name=\"twitter:data2\" content=\"1 minuta\" \/>\n<script type=\"application\/ld+json\" class=\"yoast-schema-graph\">{\"@context\":\"https:\/\/schema.org\",\"@graph\":[{\"@type\":\"Organization\",\"@id\":\"https:\/\/2liceum.eu\/#organization\",\"name\":\"II Liceum Og\u00f3lnokszta\u0142c\u0105ce w Lubinie\",\"url\":\"https:\/\/2liceum.eu\/\",\"sameAs\":[\"http:\/\/2lolubin\",\"https:\/\/www.youtube.com\/channel\/UCWjEMxRJYdfvxPhVOn-8g_g\",\"https:\/\/web.facebook.com\/IILOLubin\/\"],\"logo\":{\"@type\":\"ImageObject\",\"inLanguage\":\"pl-PL\",\"@id\":\"https:\/\/2liceum.eu\/#\/schema\/logo\/image\/\",\"url\":\"https:\/\/2liceum.eu\/wp-content\/uploads\/2018\/01\/pobrane.jpg\",\"contentUrl\":\"https:\/\/2liceum.eu\/wp-content\/uploads\/2018\/01\/pobrane.jpg\",\"width\":184,\"height\":183,\"caption\":\"II Liceum Og\u00f3lnokszta\u0142c\u0105ce w Lubinie\"},\"image\":{\"@id\":\"https:\/\/2liceum.eu\/#\/schema\/logo\/image\/\"}},{\"@type\":\"WebSite\",\"@id\":\"https:\/\/2liceum.eu\/#website\",\"url\":\"https:\/\/2liceum.eu\/\",\"name\":\"II Liceum Og\u00f3lnokszta\u0142c\u0105ce w Lubinie\",\"description\":\"Oficjalny portal II LO w Lubinie. Informacje o szkole, kadrze, zaj\u0119ciach dydaktycznych, ko\u0142ach zainteresowa\u0144, wolontariacie. Aktualno\u015bci. Galeria zdj\u0119\u0107.\",\"publisher\":{\"@id\":\"https:\/\/2liceum.eu\/#organization\"},\"potentialAction\":[{\"@type\":\"SearchAction\",\"target\":{\"@type\":\"EntryPoint\",\"urlTemplate\":\"https:\/\/2liceum.eu\/?s={search_term_string}\"},\"query-input\":\"required name=search_term_string\"}],\"inLanguage\":\"pl-PL\"},{\"@type\":\"WebPage\",\"@id\":\"https:\/\/2liceum.eu\/index.php\/2024\/02\/21\/srebrne-medale-w-finale-strefy-legnickiej\/\",\"url\":\"https:\/\/2liceum.eu\/index.php\/2024\/02\/21\/srebrne-medale-w-finale-strefy-legnickiej\/\",\"name\":\"Srebrne medale w Finale Strefy legnickiej! - II Liceum Og\u00f3lnokszta\u0142c\u0105ce w Lubinie\",\"isPartOf\":{\"@id\":\"https:\/\/2liceum.eu\/#website\"},\"datePublished\":\"2024-02-21T13:26:08+00:00\",\"dateModified\":\"2024-02-21T13:26:09+00:00\",\"breadcrumb\":{\"@id\":\"https:\/\/2liceum.eu\/index.php\/2024\/02\/21\/srebrne-medale-w-finale-strefy-legnickiej\/#breadcrumb\"},\"inLanguage\":\"pl-PL\",\"potentialAction\":[{\"@type\":\"ReadAction\",\"target\":[\"https:\/\/2liceum.eu\/index.php\/2024\/02\/21\/srebrne-medale-w-finale-strefy-legnickiej\/\"]}]},{\"@type\":\"BreadcrumbList\",\"@id\":\"https:\/\/2liceum.eu\/index.php\/2024\/02\/21\/srebrne-medale-w-finale-strefy-legnickiej\/#breadcrumb\",\"itemListElement\":[{\"@type\":\"ListItem\",\"position\":1,\"name\":\"Strona g\u0142\u00f3wna\",\"item\":\"https:\/\/2liceum.eu\/\"},{\"@type\":\"ListItem\",\"position\":2,\"name\":\"Srebrne medale w Finale Strefy legnickiej!\"}]},{\"@type\":\"Article\",\"@id\":\"https:\/\/2liceum.eu\/index.php\/2024\/02\/21\/srebrne-medale-w-finale-strefy-legnickiej\/#article\",\"isPartOf\":{\"@id\":\"https:\/\/2liceum.eu\/index.php\/2024\/02\/21\/srebrne-medale-w-finale-strefy-legnickiej\/\"},\"author\":{\"name\":\"Adam Dragan\",\"@id\":\"https:\/\/2liceum.eu\/#\/schema\/person\/1a52557bfdaf047be954a8b190648da5\"},\"headline\":\"Srebrne medale w Finale Strefy legnickiej!\",\"datePublished\":\"2024-02-21T13:26:08+00:00\",\"dateModified\":\"2024-02-21T13:26:09+00:00\",\"mainEntityOfPage\":{\"@id\":\"https:\/\/2liceum.eu\/index.php\/2024\/02\/21\/srebrne-medale-w-finale-strefy-legnickiej\/\"},\"wordCount\":268,\"commentCount\":0,\"publisher\":{\"@id\":\"https:\/\/2liceum.eu\/#organization\"},\"articleSection\":[\"Aktualno\u015bci\",\"Osi\u0105gni\u0119cia sportowe 2023\/2024!\"],\"inLanguage\":\"pl-PL\",\"potentialAction\":[{\"@type\":\"CommentAction\",\"name\":\"Comment\",\"target\":[\"https:\/\/2liceum.eu\/index.php\/2024\/02\/21\/srebrne-medale-w-finale-strefy-legnickiej\/#respond\"]}]},{\"@type\":\"Person\",\"@id\":\"https:\/\/2liceum.eu\/#\/schema\/person\/1a52557bfdaf047be954a8b190648da5\",\"name\":\"Adam Dragan\",\"image\":{\"@type\":\"ImageObject\",\"inLanguage\":\"pl-PL\",\"@id\":\"https:\/\/2liceum.eu\/#\/schema\/person\/image\/\",\"url\":\"https:\/\/secure.gravatar.com\/avatar\/3a2bee53698f47ac117505a8a054d1e47e9ee9593c4c77dc18374aa80472d80c?s=96&d=mm&r=g\",\"contentUrl\":\"https:\/\/secure.gravatar.com\/avatar\/3a2bee53698f47ac117505a8a054d1e47e9ee9593c4c77dc18374aa80472d80c?s=96&d=mm&r=g\",\"caption\":\"Adam Dragan\"},\"sameAs\":[\"http:\/\/2liceum.eu\"]}]}<\/script>\n<!-- \/ Yoast SEO plugin. -->","yoast_head_json":{"title":"Srebrne medale w Finale Strefy legnickiej! - II Liceum Og\u00f3lnokszta\u0142c\u0105ce w Lubinie","robots":{"index":"index","follow":"follow","max-snippet":"max-snippet:-1","max-image-preview":"max-image-preview:large","max-video-preview":"max-video-preview:-1"},"canonical":"https:\/\/2liceum.eu\/index.php\/2024\/02\/21\/srebrne-medale-w-finale-strefy-legnickiej\/","og_locale":"pl_PL","og_type":"article","og_title":"Srebrne medale w Finale Strefy legnickiej! - II Liceum Og\u00f3lnokszta\u0142c\u0105ce w Lubinie","og_description":"&nbsp; Jak napisa\u0107 o emocjach podczas sportowej rywalizacji, gdzie bior\u0105 udzia\u0142 nasi sportowcy w r\u00f3\u017cnych dyscyplinach? Jak napisa\u0107 o zm\u0119czeniu, wyczerpaniu, strachu, o smutku po przegranej, o b\u00f3lu&#8230; O wszystkich dziewczynach i ch\u0142opakach, kt\u00f3rzy ucz\u0105 si\u0119 w 2 LO a po lekcjach id\u0105 na trening i musz\u0105 zd\u0105\u017cy\u0107 odrobi\u0107 lekcje, napisa\u0107 rozprawk\u0119, nauczy\u0107 si\u0119 z [&hellip;]","og_url":"https:\/\/2liceum.eu\/index.php\/2024\/02\/21\/srebrne-medale-w-finale-strefy-legnickiej\/","og_site_name":"II Liceum Og\u00f3lnokszta\u0142c\u0105ce w Lubinie","article_publisher":"https:\/\/web.facebook.com\/IILOLubin\/","article_published_time":"2024-02-21T13:26:08+00:00","article_modified_time":"2024-02-21T13:26:09+00:00","og_image":[{"url":"https:\/\/2liceum.eu\/wp-content\/uploads\/sites\/1\/nggallery\/srebrne-medale-w-finale-strefy-legnickiej\/IMG_20240220_155342.jpg"}],"author":"Adam Dragan","twitter_card":"summary_large_image","twitter_misc":{"Napisane przez":"Adam Dragan","Szacowany czas czytania":"1 minuta"},"schema":{"@context":"https:\/\/schema.org","@graph":[{"@type":"Organization","@id":"https:\/\/2liceum.eu\/#organization","name":"II Liceum Og\u00f3lnokszta\u0142c\u0105ce w Lubinie","url":"https:\/\/2liceum.eu\/","sameAs":["http:\/\/2lolubin","https:\/\/www.youtube.com\/channel\/UCWjEMxRJYdfvxPhVOn-8g_g","https:\/\/web.facebook.com\/IILOLubin\/"],"logo":{"@type":"ImageObject","inLanguage":"pl-PL","@id":"https:\/\/2liceum.eu\/#\/schema\/logo\/image\/","url":"https:\/\/2liceum.eu\/wp-content\/uploads\/2018\/01\/pobrane.jpg","contentUrl":"https:\/\/2liceum.eu\/wp-content\/uploads\/2018\/01\/pobrane.jpg","width":184,"height":183,"caption":"II Liceum Og\u00f3lnokszta\u0142c\u0105ce w Lubinie"},"image":{"@id":"https:\/\/2liceum.eu\/#\/schema\/logo\/image\/"}},{"@type":"WebSite","@id":"https:\/\/2liceum.eu\/#website","url":"https:\/\/2liceum.eu\/","name":"II Liceum Og\u00f3lnokszta\u0142c\u0105ce w Lubinie","description":"Oficjalny portal II LO w Lubinie. Informacje o szkole, kadrze, zaj\u0119ciach dydaktycznych, ko\u0142ach zainteresowa\u0144, wolontariacie. Aktualno\u015bci. Galeria zdj\u0119\u0107.","publisher":{"@id":"https:\/\/2liceum.eu\/#organization"},"potentialAction":[{"@type":"SearchAction","target":{"@type":"EntryPoint","urlTemplate":"https:\/\/2liceum.eu\/?s={search_term_string}"},"query-input":"required name=search_term_string"}],"inLanguage":"pl-PL"},{"@type":"WebPage","@id":"https:\/\/2liceum.eu\/index.php\/2024\/02\/21\/srebrne-medale-w-finale-strefy-legnickiej\/","url":"https:\/\/2liceum.eu\/index.php\/2024\/02\/21\/srebrne-medale-w-finale-strefy-legnickiej\/","name":"Srebrne medale w Finale Strefy legnickiej! - II Liceum Og\u00f3lnokszta\u0142c\u0105ce w Lubinie","isPartOf":{"@id":"https:\/\/2liceum.eu\/#website"},"datePublished":"2024-02-21T13:26:08+00:00","dateModified":"2024-02-21T13:26:09+00:00","breadcrumb":{"@id":"https:\/\/2liceum.eu\/index.php\/2024\/02\/21\/srebrne-medale-w-finale-strefy-legnickiej\/#breadcrumb"},"inLanguage":"pl-PL","potentialAction":[{"@type":"ReadAction","target":["https:\/\/2liceum.eu\/index.php\/2024\/02\/21\/srebrne-medale-w-finale-strefy-legnickiej\/"]}]},{"@type":"BreadcrumbList","@id":"https:\/\/2liceum.eu\/index.php\/2024\/02\/21\/srebrne-medale-w-finale-strefy-legnickiej\/#breadcrumb","itemListElement":[{"@type":"ListItem","position":1,"name":"Strona g\u0142\u00f3wna","item":"https:\/\/2liceum.eu\/"},{"@type":"ListItem","position":2,"name":"Srebrne medale w Finale Strefy legnickiej!"}]},{"@type":"Article","@id":"https:\/\/2liceum.eu\/index.php\/2024\/02\/21\/srebrne-medale-w-finale-strefy-legnickiej\/#article","isPartOf":{"@id":"https:\/\/2liceum.eu\/index.php\/2024\/02\/21\/srebrne-medale-w-finale-strefy-legnickiej\/"},"author":{"name":"Adam Dragan","@id":"https:\/\/2liceum.eu\/#\/schema\/person\/1a52557bfdaf047be954a8b190648da5"},"headline":"Srebrne medale w Finale Strefy legnickiej!","datePublished":"2024-02-21T13:26:08+00:00","dateModified":"2024-02-21T13:26:09+00:00","mainEntityOfPage":{"@id":"https:\/\/2liceum.eu\/index.php\/2024\/02\/21\/srebrne-medale-w-finale-strefy-legnickiej\/"},"wordCount":268,"commentCount":0,"publisher":{"@id":"https:\/\/2liceum.eu\/#organization"},"articleSection":["Aktualno\u015bci","Osi\u0105gni\u0119cia sportowe 2023\/2024!"],"inLanguage":"pl-PL","potentialAction":[{"@type":"CommentAction","name":"Comment","target":["https:\/\/2liceum.eu\/index.php\/2024\/02\/21\/srebrne-medale-w-finale-strefy-legnickiej\/#respond"]}]},{"@type":"Person","@id":"https:\/\/2liceum.eu\/#\/schema\/person\/1a52557bfdaf047be954a8b190648da5","name":"Adam Dragan","image":{"@type":"ImageObject","inLanguage":"pl-PL","@id":"https:\/\/2liceum.eu\/#\/schema\/person\/image\/","url":"https:\/\/secure.gravatar.com\/avatar\/3a2bee53698f47ac117505a8a054d1e47e9ee9593c4c77dc18374aa80472d80c?s=96&d=mm&r=g","contentUrl":"https:\/\/secure.gravatar.com\/avatar\/3a2bee53698f47ac117505a8a054d1e47e9ee9593c4c77dc18374aa80472d80c?s=96&d=mm&r=g","caption":"Adam Dragan"},"sameAs":["http:\/\/2liceum.eu"]}]}},"_links":{"self":[{"href":"https:\/\/2liceum.eu\/index.php\/wp-json\/wp\/v2\/posts\/9404","targetHints":{"allow":["GET"]}}],"collection":[{"href":"https:\/\/2liceum.eu\/index.php\/wp-json\/wp\/v2\/posts"}],"about":[{"href":"https:\/\/2liceum.eu\/index.php\/wp-json\/wp\/v2\/types\/post"}],"author":[{"embeddable":true,"href":"https:\/\/2liceum.eu\/index.php\/wp-json\/wp\/v2\/users\/2"}],"replies":[{"embeddable":true,"href":"https:\/\/2liceum.eu\/index.php\/wp-json\/wp\/v2\/comments?post=9404"}],"version-history":[{"count":1,"href":"https:\/\/2liceum.eu\/index.php\/wp-json\/wp\/v2\/posts\/9404\/revisions"}],"predecessor-version":[{"id":9409,"href":"https:\/\/2liceum.eu\/index.php\/wp-json\/wp\/v2\/posts\/9404\/revisions\/9409"}],"wp:attachment":[{"href":"https:\/\/2liceum.eu\/index.php\/wp-json\/wp\/v2\/media?parent=9404"}],"wp:term":[{"taxonomy":"category","embeddable":true,"href":"https:\/\/2liceum.eu\/index.php\/wp-json\/wp\/v2\/categories?post=9404"},{"taxonomy":"post_tag","embeddable":true,"href":"https:\/\/2liceum.eu\/index.php\/wp-json\/wp\/v2\/tags?post=9404"}],"curies":[{"name":"wp","href":"https:\/\/api.w.org\/{rel}","templated":true}]}}