{"id":9725,"date":"2024-05-30T13:28:51","date_gmt":"2024-05-30T11:28:51","guid":{"rendered":"https:\/\/2liceum.eu\/?p=9725"},"modified":"2024-05-30T13:28:52","modified_gmt":"2024-05-30T11:28:52","slug":"podsumowanie-wspolzawodnictwa-sportowego-w-roku-szkolnym-2023-2024","status":"publish","type":"post","link":"https:\/\/2liceum.eu\/index.php\/2024\/05\/30\/podsumowanie-wspolzawodnictwa-sportowego-w-roku-szkolnym-2023-2024\/","title":{"rendered":"Podsumowanie wsp\u00f3\u0142zawodnictwa sportowego w roku szkolnym 2023\/2024!"},"content":{"rendered":"\n<div class=\"xdj266r x11i5rnm xat24cr x1mh8g0r x1vvkbs x126k92a\">\n<div dir=\"auto\">&nbsp;<\/div>\n<\/div>\n<div class=\"x11i5rnm xat24cr x1mh8g0r x1vvkbs xtlvy1s x126k92a\">\n<div dir=\"auto\"><strong>Zako\u0144czy\u0142a si\u0119 sportowa rywalizacja szk\u00f3\u0142 ponadpodstawowych.<\/strong><\/div>\n<div dir=\"auto\">&nbsp;<\/div>\n<div dir=\"auto\" style=\"text-align: justify;\">Nasi uczniowie brali udzia\u0142 w 10 dyscyplinach i w og\u00f3lnej punktacji <strong><span style=\"color: #ff0000;\">zaj\u0119li\u015bmy 1 miejsce<\/span> w ramach Licealiady w powiecie lubi\u0144skim!<\/strong><\/div>\n<div dir=\"auto\">&nbsp;<\/div>\n<\/div>\n<div class=\"x11i5rnm xat24cr x1mh8g0r x1vvkbs xtlvy1s x126k92a\">\n<div dir=\"auto\">Gratulacje dla Was sportowcy!<span class=\"html-span xexx8yu x4uap5 x18d9i69 xkhd6sd x1hl2dhg x16tdsg8 x1vvkbs x3nfvp2 x1j61x8r x1fcty0u xdj266r xhhsvwb xat24cr xgzva0m xxymvpz xlup9mm x1kky2od\"><img loading=\"lazy\" decoding=\"async\" class=\"xz74otr\" src=\"https:\/\/static.xx.fbcdn.net\/images\/emoji.php\/v9\/tfe\/1\/16\/1f44f.png\" alt=\"\ud83d\udc4f\" width=\"16\" height=\"16\"><\/span><\/div>\n<div dir=\"auto\">&nbsp;<\/div>\n<\/div>\n<div class=\"x11i5rnm xat24cr x1mh8g0r x1vvkbs xtlvy1s x126k92a\">\n<div dir=\"auto\"><em>&#8222;Zwyci\u0119stwo nale\u017cy do najbardziej wytrwa\u0142ych&#8221;<\/em><\/div>\n<\/div>\n<div dir=\"auto\">&nbsp;<\/div>\n<div dir=\"auto\" style=\"text-align: center;\">&nbsp;<\/div>\n<div dir=\"auto\" style=\"text-align: center;\"><img loading=\"lazy\" decoding=\"async\" class=\"alignnone wp-image-9726 size-large\" src=\"https:\/\/2liceum.eu\/wp-content\/uploads\/2024\/05\/1000012630-1024x975.jpg\" alt=\"\" width=\"606\" height=\"577\" srcset=\"https:\/\/2liceum.eu\/wp-content\/uploads\/2024\/05\/1000012630-1024x975.jpg 1024w, https:\/\/2liceum.eu\/wp-content\/uploads\/2024\/05\/1000012630-300x286.jpg 300w, https:\/\/2liceum.eu\/wp-content\/uploads\/2024\/05\/1000012630-768x731.jpg 768w, https:\/\/2liceum.eu\/wp-content\/uploads\/2024\/05\/1000012630-1536x1463.jpg 1536w, https:\/\/2liceum.eu\/wp-content\/uploads\/2024\/05\/1000012630.jpg 1720w\" sizes=\"auto, (max-width: 606px) 100vw, 606px\" \/><\/div>\n","protected":false},"excerpt":{"rendered":"<p>&nbsp; Zako\u0144czy\u0142a si\u0119 sportowa rywalizacja szk\u00f3\u0142 ponadpodstawowych. &nbsp; Nasi uczniowie brali udzia\u0142 w 10 dyscyplinach i w og\u00f3lnej punktacji zaj\u0119li\u015bmy 1 miejsce w ramach Licealiady w powiecie lubi\u0144skim! &nbsp; Gratulacje dla Was sportowcy! &nbsp; &#8222;Zwyci\u0119stwo nale\u017cy do najbardziej wytrwa\u0142ych&#8221; &nbsp; &nbsp;<\/p>\n","protected":false},"author":2,"featured_media":0,"comment_status":"open","ping_status":"open","sticky":false,"template":"","format":"standard","meta":{"ngg_post_thumbnail":0,"footnotes":""},"categories":[1,40],"tags":[],"class_list":["post-9725","post","type-post","status-publish","format-standard","hentry","category-aktualnosci","category-osiagniecia-sportowe-2023-2024"],"yoast_head":"<!-- This site is optimized with the Yoast SEO plugin v19.4 - https:\/\/yoast.com\/wordpress\/plugins\/seo\/ -->\n<title>Podsumowanie wsp\u00f3\u0142zawodnictwa sportowego w roku szkolnym 2023\/2024! - II Liceum Og\u00f3lnokszta\u0142c\u0105ce w Lubinie<\/title>\n<meta name=\"robots\" content=\"index, follow, max-snippet:-1, max-image-preview:large, max-video-preview:-1\" \/>\n<link rel=\"canonical\" href=\"https:\/\/2liceum.eu\/index.php\/2024\/05\/30\/podsumowanie-wspolzawodnictwa-sportowego-w-roku-szkolnym-2023-2024\/\" \/>\n<meta property=\"og:locale\" content=\"pl_PL\" \/>\n<meta property=\"og:type\" content=\"article\" \/>\n<meta property=\"og:title\" content=\"Podsumowanie wsp\u00f3\u0142zawodnictwa sportowego w roku szkolnym 2023\/2024! - II Liceum Og\u00f3lnokszta\u0142c\u0105ce w Lubinie\" \/>\n<meta property=\"og:description\" content=\"&nbsp; Zako\u0144czy\u0142a si\u0119 sportowa rywalizacja szk\u00f3\u0142 ponadpodstawowych. &nbsp; Nasi uczniowie brali udzia\u0142 w 10 dyscyplinach i w og\u00f3lnej punktacji zaj\u0119li\u015bmy 1 miejsce w ramach Licealiady w powiecie lubi\u0144skim! &nbsp; Gratulacje dla Was sportowcy! &nbsp; &#8222;Zwyci\u0119stwo nale\u017cy do najbardziej wytrwa\u0142ych&#8221; &nbsp; &nbsp;\" \/>\n<meta property=\"og:url\" content=\"https:\/\/2liceum.eu\/index.php\/2024\/05\/30\/podsumowanie-wspolzawodnictwa-sportowego-w-roku-szkolnym-2023-2024\/\" \/>\n<meta property=\"og:site_name\" content=\"II Liceum Og\u00f3lnokszta\u0142c\u0105ce w Lubinie\" \/>\n<meta property=\"article:publisher\" content=\"https:\/\/web.facebook.com\/IILOLubin\/\" \/>\n<meta property=\"article:published_time\" content=\"2024-05-30T11:28:51+00:00\" \/>\n<meta property=\"article:modified_time\" content=\"2024-05-30T11:28:52+00:00\" \/>\n<meta property=\"og:image\" content=\"https:\/\/static.xx.fbcdn.net\/images\/emoji.php\/v9\/tfe\/1\/16\/1f44f.png\" \/>\n<meta name=\"author\" content=\"Adam Dragan\" \/>\n<meta name=\"twitter:card\" content=\"summary_large_image\" \/>\n<meta name=\"twitter:label1\" content=\"Napisane przez\" \/>\n\t<meta name=\"twitter:data1\" content=\"Adam Dragan\" \/>\n<script type=\"application\/ld+json\" class=\"yoast-schema-graph\">{\"@context\":\"https:\/\/schema.org\",\"@graph\":[{\"@type\":\"Organization\",\"@id\":\"https:\/\/2liceum.eu\/#organization\",\"name\":\"II Liceum Og\u00f3lnokszta\u0142c\u0105ce w Lubinie\",\"url\":\"https:\/\/2liceum.eu\/\",\"sameAs\":[\"http:\/\/2lolubin\",\"https:\/\/www.youtube.com\/channel\/UCWjEMxRJYdfvxPhVOn-8g_g\",\"https:\/\/web.facebook.com\/IILOLubin\/\"],\"logo\":{\"@type\":\"ImageObject\",\"inLanguage\":\"pl-PL\",\"@id\":\"https:\/\/2liceum.eu\/#\/schema\/logo\/image\/\",\"url\":\"https:\/\/2liceum.eu\/wp-content\/uploads\/2018\/01\/pobrane.jpg\",\"contentUrl\":\"https:\/\/2liceum.eu\/wp-content\/uploads\/2018\/01\/pobrane.jpg\",\"width\":184,\"height\":183,\"caption\":\"II Liceum Og\u00f3lnokszta\u0142c\u0105ce w Lubinie\"},\"image\":{\"@id\":\"https:\/\/2liceum.eu\/#\/schema\/logo\/image\/\"}},{\"@type\":\"WebSite\",\"@id\":\"https:\/\/2liceum.eu\/#website\",\"url\":\"https:\/\/2liceum.eu\/\",\"name\":\"II Liceum Og\u00f3lnokszta\u0142c\u0105ce w Lubinie\",\"description\":\"Oficjalny portal II LO w Lubinie. Informacje o szkole, kadrze, zaj\u0119ciach dydaktycznych, ko\u0142ach zainteresowa\u0144, wolontariacie. Aktualno\u015bci. Galeria zdj\u0119\u0107.\",\"publisher\":{\"@id\":\"https:\/\/2liceum.eu\/#organization\"},\"potentialAction\":[{\"@type\":\"SearchAction\",\"target\":{\"@type\":\"EntryPoint\",\"urlTemplate\":\"https:\/\/2liceum.eu\/?s={search_term_string}\"},\"query-input\":\"required name=search_term_string\"}],\"inLanguage\":\"pl-PL\"},{\"@type\":\"WebPage\",\"@id\":\"https:\/\/2liceum.eu\/index.php\/2024\/05\/30\/podsumowanie-wspolzawodnictwa-sportowego-w-roku-szkolnym-2023-2024\/\",\"url\":\"https:\/\/2liceum.eu\/index.php\/2024\/05\/30\/podsumowanie-wspolzawodnictwa-sportowego-w-roku-szkolnym-2023-2024\/\",\"name\":\"Podsumowanie wsp\u00f3\u0142zawodnictwa sportowego w roku szkolnym 2023\/2024! - II Liceum Og\u00f3lnokszta\u0142c\u0105ce w Lubinie\",\"isPartOf\":{\"@id\":\"https:\/\/2liceum.eu\/#website\"},\"datePublished\":\"2024-05-30T11:28:51+00:00\",\"dateModified\":\"2024-05-30T11:28:52+00:00\",\"breadcrumb\":{\"@id\":\"https:\/\/2liceum.eu\/index.php\/2024\/05\/30\/podsumowanie-wspolzawodnictwa-sportowego-w-roku-szkolnym-2023-2024\/#breadcrumb\"},\"inLanguage\":\"pl-PL\",\"potentialAction\":[{\"@type\":\"ReadAction\",\"target\":[\"https:\/\/2liceum.eu\/index.php\/2024\/05\/30\/podsumowanie-wspolzawodnictwa-sportowego-w-roku-szkolnym-2023-2024\/\"]}]},{\"@type\":\"BreadcrumbList\",\"@id\":\"https:\/\/2liceum.eu\/index.php\/2024\/05\/30\/podsumowanie-wspolzawodnictwa-sportowego-w-roku-szkolnym-2023-2024\/#breadcrumb\",\"itemListElement\":[{\"@type\":\"ListItem\",\"position\":1,\"name\":\"Strona g\u0142\u00f3wna\",\"item\":\"https:\/\/2liceum.eu\/\"},{\"@type\":\"ListItem\",\"position\":2,\"name\":\"Podsumowanie wsp\u00f3\u0142zawodnictwa sportowego w roku szkolnym 2023\/2024!\"}]},{\"@type\":\"Article\",\"@id\":\"https:\/\/2liceum.eu\/index.php\/2024\/05\/30\/podsumowanie-wspolzawodnictwa-sportowego-w-roku-szkolnym-2023-2024\/#article\",\"isPartOf\":{\"@id\":\"https:\/\/2liceum.eu\/index.php\/2024\/05\/30\/podsumowanie-wspolzawodnictwa-sportowego-w-roku-szkolnym-2023-2024\/\"},\"author\":{\"name\":\"Adam Dragan\",\"@id\":\"https:\/\/2liceum.eu\/#\/schema\/person\/1a52557bfdaf047be954a8b190648da5\"},\"headline\":\"Podsumowanie wsp\u00f3\u0142zawodnictwa sportowego w roku szkolnym 2023\/2024!\",\"datePublished\":\"2024-05-30T11:28:51+00:00\",\"dateModified\":\"2024-05-30T11:28:52+00:00\",\"mainEntityOfPage\":{\"@id\":\"https:\/\/2liceum.eu\/index.php\/2024\/05\/30\/podsumowanie-wspolzawodnictwa-sportowego-w-roku-szkolnym-2023-2024\/\"},\"wordCount\":55,\"commentCount\":0,\"publisher\":{\"@id\":\"https:\/\/2liceum.eu\/#organization\"},\"articleSection\":[\"Aktualno\u015bci\",\"Osi\u0105gni\u0119cia sportowe 2023\/2024!\"],\"inLanguage\":\"pl-PL\",\"potentialAction\":[{\"@type\":\"CommentAction\",\"name\":\"Comment\",\"target\":[\"https:\/\/2liceum.eu\/index.php\/2024\/05\/30\/podsumowanie-wspolzawodnictwa-sportowego-w-roku-szkolnym-2023-2024\/#respond\"]}]},{\"@type\":\"Person\",\"@id\":\"https:\/\/2liceum.eu\/#\/schema\/person\/1a52557bfdaf047be954a8b190648da5\",\"name\":\"Adam Dragan\",\"image\":{\"@type\":\"ImageObject\",\"inLanguage\":\"pl-PL\",\"@id\":\"https:\/\/2liceum.eu\/#\/schema\/person\/image\/\",\"url\":\"https:\/\/secure.gravatar.com\/avatar\/3a2bee53698f47ac117505a8a054d1e47e9ee9593c4c77dc18374aa80472d80c?s=96&d=mm&r=g\",\"contentUrl\":\"https:\/\/secure.gravatar.com\/avatar\/3a2bee53698f47ac117505a8a054d1e47e9ee9593c4c77dc18374aa80472d80c?s=96&d=mm&r=g\",\"caption\":\"Adam Dragan\"},\"sameAs\":[\"http:\/\/2liceum.eu\"]}]}<\/script>\n<!-- \/ Yoast SEO plugin. -->","yoast_head_json":{"title":"Podsumowanie wsp\u00f3\u0142zawodnictwa sportowego w roku szkolnym 2023\/2024! - II Liceum Og\u00f3lnokszta\u0142c\u0105ce w Lubinie","robots":{"index":"index","follow":"follow","max-snippet":"max-snippet:-1","max-image-preview":"max-image-preview:large","max-video-preview":"max-video-preview:-1"},"canonical":"https:\/\/2liceum.eu\/index.php\/2024\/05\/30\/podsumowanie-wspolzawodnictwa-sportowego-w-roku-szkolnym-2023-2024\/","og_locale":"pl_PL","og_type":"article","og_title":"Podsumowanie wsp\u00f3\u0142zawodnictwa sportowego w roku szkolnym 2023\/2024! - II Liceum Og\u00f3lnokszta\u0142c\u0105ce w Lubinie","og_description":"&nbsp; Zako\u0144czy\u0142a si\u0119 sportowa rywalizacja szk\u00f3\u0142 ponadpodstawowych. &nbsp; Nasi uczniowie brali udzia\u0142 w 10 dyscyplinach i w og\u00f3lnej punktacji zaj\u0119li\u015bmy 1 miejsce w ramach Licealiady w powiecie lubi\u0144skim! &nbsp; Gratulacje dla Was sportowcy! &nbsp; &#8222;Zwyci\u0119stwo nale\u017cy do najbardziej wytrwa\u0142ych&#8221; &nbsp; &nbsp;","og_url":"https:\/\/2liceum.eu\/index.php\/2024\/05\/30\/podsumowanie-wspolzawodnictwa-sportowego-w-roku-szkolnym-2023-2024\/","og_site_name":"II Liceum Og\u00f3lnokszta\u0142c\u0105ce w Lubinie","article_publisher":"https:\/\/web.facebook.com\/IILOLubin\/","article_published_time":"2024-05-30T11:28:51+00:00","article_modified_time":"2024-05-30T11:28:52+00:00","og_image":[{"url":"https:\/\/static.xx.fbcdn.net\/images\/emoji.php\/v9\/tfe\/1\/16\/1f44f.png"}],"author":"Adam Dragan","twitter_card":"summary_large_image","twitter_misc":{"Napisane przez":"Adam Dragan"},"schema":{"@context":"https:\/\/schema.org","@graph":[{"@type":"Organization","@id":"https:\/\/2liceum.eu\/#organization","name":"II Liceum Og\u00f3lnokszta\u0142c\u0105ce w Lubinie","url":"https:\/\/2liceum.eu\/","sameAs":["http:\/\/2lolubin","https:\/\/www.youtube.com\/channel\/UCWjEMxRJYdfvxPhVOn-8g_g","https:\/\/web.facebook.com\/IILOLubin\/"],"logo":{"@type":"ImageObject","inLanguage":"pl-PL","@id":"https:\/\/2liceum.eu\/#\/schema\/logo\/image\/","url":"https:\/\/2liceum.eu\/wp-content\/uploads\/2018\/01\/pobrane.jpg","contentUrl":"https:\/\/2liceum.eu\/wp-content\/uploads\/2018\/01\/pobrane.jpg","width":184,"height":183,"caption":"II Liceum Og\u00f3lnokszta\u0142c\u0105ce w Lubinie"},"image":{"@id":"https:\/\/2liceum.eu\/#\/schema\/logo\/image\/"}},{"@type":"WebSite","@id":"https:\/\/2liceum.eu\/#website","url":"https:\/\/2liceum.eu\/","name":"II Liceum Og\u00f3lnokszta\u0142c\u0105ce w Lubinie","description":"Oficjalny portal II LO w Lubinie. Informacje o szkole, kadrze, zaj\u0119ciach dydaktycznych, ko\u0142ach zainteresowa\u0144, wolontariacie. Aktualno\u015bci. Galeria zdj\u0119\u0107.","publisher":{"@id":"https:\/\/2liceum.eu\/#organization"},"potentialAction":[{"@type":"SearchAction","target":{"@type":"EntryPoint","urlTemplate":"https:\/\/2liceum.eu\/?s={search_term_string}"},"query-input":"required name=search_term_string"}],"inLanguage":"pl-PL"},{"@type":"WebPage","@id":"https:\/\/2liceum.eu\/index.php\/2024\/05\/30\/podsumowanie-wspolzawodnictwa-sportowego-w-roku-szkolnym-2023-2024\/","url":"https:\/\/2liceum.eu\/index.php\/2024\/05\/30\/podsumowanie-wspolzawodnictwa-sportowego-w-roku-szkolnym-2023-2024\/","name":"Podsumowanie wsp\u00f3\u0142zawodnictwa sportowego w roku szkolnym 2023\/2024! - II Liceum Og\u00f3lnokszta\u0142c\u0105ce w Lubinie","isPartOf":{"@id":"https:\/\/2liceum.eu\/#website"},"datePublished":"2024-05-30T11:28:51+00:00","dateModified":"2024-05-30T11:28:52+00:00","breadcrumb":{"@id":"https:\/\/2liceum.eu\/index.php\/2024\/05\/30\/podsumowanie-wspolzawodnictwa-sportowego-w-roku-szkolnym-2023-2024\/#breadcrumb"},"inLanguage":"pl-PL","potentialAction":[{"@type":"ReadAction","target":["https:\/\/2liceum.eu\/index.php\/2024\/05\/30\/podsumowanie-wspolzawodnictwa-sportowego-w-roku-szkolnym-2023-2024\/"]}]},{"@type":"BreadcrumbList","@id":"https:\/\/2liceum.eu\/index.php\/2024\/05\/30\/podsumowanie-wspolzawodnictwa-sportowego-w-roku-szkolnym-2023-2024\/#breadcrumb","itemListElement":[{"@type":"ListItem","position":1,"name":"Strona g\u0142\u00f3wna","item":"https:\/\/2liceum.eu\/"},{"@type":"ListItem","position":2,"name":"Podsumowanie wsp\u00f3\u0142zawodnictwa sportowego w roku szkolnym 2023\/2024!"}]},{"@type":"Article","@id":"https:\/\/2liceum.eu\/index.php\/2024\/05\/30\/podsumowanie-wspolzawodnictwa-sportowego-w-roku-szkolnym-2023-2024\/#article","isPartOf":{"@id":"https:\/\/2liceum.eu\/index.php\/2024\/05\/30\/podsumowanie-wspolzawodnictwa-sportowego-w-roku-szkolnym-2023-2024\/"},"author":{"name":"Adam Dragan","@id":"https:\/\/2liceum.eu\/#\/schema\/person\/1a52557bfdaf047be954a8b190648da5"},"headline":"Podsumowanie wsp\u00f3\u0142zawodnictwa sportowego w roku szkolnym 2023\/2024!","datePublished":"2024-05-30T11:28:51+00:00","dateModified":"2024-05-30T11:28:52+00:00","mainEntityOfPage":{"@id":"https:\/\/2liceum.eu\/index.php\/2024\/05\/30\/podsumowanie-wspolzawodnictwa-sportowego-w-roku-szkolnym-2023-2024\/"},"wordCount":55,"commentCount":0,"publisher":{"@id":"https:\/\/2liceum.eu\/#organization"},"articleSection":["Aktualno\u015bci","Osi\u0105gni\u0119cia sportowe 2023\/2024!"],"inLanguage":"pl-PL","potentialAction":[{"@type":"CommentAction","name":"Comment","target":["https:\/\/2liceum.eu\/index.php\/2024\/05\/30\/podsumowanie-wspolzawodnictwa-sportowego-w-roku-szkolnym-2023-2024\/#respond"]}]},{"@type":"Person","@id":"https:\/\/2liceum.eu\/#\/schema\/person\/1a52557bfdaf047be954a8b190648da5","name":"Adam Dragan","image":{"@type":"ImageObject","inLanguage":"pl-PL","@id":"https:\/\/2liceum.eu\/#\/schema\/person\/image\/","url":"https:\/\/secure.gravatar.com\/avatar\/3a2bee53698f47ac117505a8a054d1e47e9ee9593c4c77dc18374aa80472d80c?s=96&d=mm&r=g","contentUrl":"https:\/\/secure.gravatar.com\/avatar\/3a2bee53698f47ac117505a8a054d1e47e9ee9593c4c77dc18374aa80472d80c?s=96&d=mm&r=g","caption":"Adam Dragan"},"sameAs":["http:\/\/2liceum.eu"]}]}},"_links":{"self":[{"href":"https:\/\/2liceum.eu\/index.php\/wp-json\/wp\/v2\/posts\/9725","targetHints":{"allow":["GET"]}}],"collection":[{"href":"https:\/\/2liceum.eu\/index.php\/wp-json\/wp\/v2\/posts"}],"about":[{"href":"https:\/\/2liceum.eu\/index.php\/wp-json\/wp\/v2\/types\/post"}],"author":[{"embeddable":true,"href":"https:\/\/2liceum.eu\/index.php\/wp-json\/wp\/v2\/users\/2"}],"replies":[{"embeddable":true,"href":"https:\/\/2liceum.eu\/index.php\/wp-json\/wp\/v2\/comments?post=9725"}],"version-history":[{"count":1,"href":"https:\/\/2liceum.eu\/index.php\/wp-json\/wp\/v2\/posts\/9725\/revisions"}],"predecessor-version":[{"id":9727,"href":"https:\/\/2liceum.eu\/index.php\/wp-json\/wp\/v2\/posts\/9725\/revisions\/9727"}],"wp:attachment":[{"href":"https:\/\/2liceum.eu\/index.php\/wp-json\/wp\/v2\/media?parent=9725"}],"wp:term":[{"taxonomy":"category","embeddable":true,"href":"https:\/\/2liceum.eu\/index.php\/wp-json\/wp\/v2\/categories?post=9725"},{"taxonomy":"post_tag","embeddable":true,"href":"https:\/\/2liceum.eu\/index.php\/wp-json\/wp\/v2\/tags?post=9725"}],"curies":[{"name":"wp","href":"https:\/\/api.w.org\/{rel}","templated":true}]}}