{"id":9847,"date":"2024-06-14T13:41:48","date_gmt":"2024-06-14T11:41:48","guid":{"rendered":"https:\/\/2liceum.eu\/?p=9847"},"modified":"2024-06-14T13:44:24","modified_gmt":"2024-06-14T11:44:24","slug":"wczoraj-dziecko-dzisiaj-pilot","status":"publish","type":"post","link":"https:\/\/2liceum.eu\/index.php\/2024\/06\/14\/wczoraj-dziecko-dzisiaj-pilot\/","title":{"rendered":"Wczoraj dziecko &#8211; dzisiaj pilot!"},"content":{"rendered":"\n<div class=\"xdj266r x11i5rnm xat24cr x1mh8g0r x1vvkbs x126k92a\">\n<div dir=\"auto\" style=\"text-align: center;\"><img loading=\"lazy\" decoding=\"async\" class=\"alignnone wp-image-9848 size-full\" src=\"https:\/\/2liceum.eu\/wp-content\/uploads\/2024\/06\/448041278_1001556815305394_7154320214779584833_n.jpg\" alt=\"\" width=\"2048\" height=\"1152\" srcset=\"https:\/\/2liceum.eu\/wp-content\/uploads\/2024\/06\/448041278_1001556815305394_7154320214779584833_n.jpg 2048w, https:\/\/2liceum.eu\/wp-content\/uploads\/2024\/06\/448041278_1001556815305394_7154320214779584833_n-300x169.jpg 300w, https:\/\/2liceum.eu\/wp-content\/uploads\/2024\/06\/448041278_1001556815305394_7154320214779584833_n-1024x576.jpg 1024w, https:\/\/2liceum.eu\/wp-content\/uploads\/2024\/06\/448041278_1001556815305394_7154320214779584833_n-768x432.jpg 768w, https:\/\/2liceum.eu\/wp-content\/uploads\/2024\/06\/448041278_1001556815305394_7154320214779584833_n-1536x864.jpg 1536w\" sizes=\"auto, (max-width: 2048px) 100vw, 2048px\" \/><\/div>\n<div dir=\"auto\">&nbsp;<\/div>\n<div dir=\"auto\" style=\"text-align: justify;\"><strong><span style=\"color: #008000;\">Uczniowie II LO<\/span> wykazuj\u0105 <span style=\"color: #008000;\">niezwyk\u0142e pasje<\/span>. Niekt\u00f3rzy nieustannie d\u0105\u017c\u0105 do ich realizacji i udaje im si\u0119 to znakomicie!<\/strong><\/div>\n<div dir=\"auto\" style=\"text-align: justify;\">&nbsp;<\/div>\n<\/div>\n<div class=\"x11i5rnm xat24cr x1mh8g0r x1vvkbs xtlvy1s x126k92a\" style=\"text-align: justify;\">\n<div dir=\"auto\">Wczoraj dziecko &#8211; dzisiaj pilot!<\/div>\n<div dir=\"auto\">&nbsp;<\/div>\n<\/div>\n<div class=\"x11i5rnm xat24cr x1mh8g0r x1vvkbs xtlvy1s x126k92a\" style=\"text-align: justify;\">\n<div dir=\"auto\"><span style=\"color: #008000;\"><strong>Amelia Stembalska z klasy IIIe<\/strong><\/span> zaledwie miesi\u0105c temu obchodzi\u0142a swoje 18 urodziny. Dzi\u015b samodzielnie lata samolotem. Jak to mo\u017cliwe, \u017ce marzenia, kt\u00f3re wielu z nas wydaj\u0105 si\u0119 nierealne, mo\u017cna zrealizowa\u0107 tak szybko?<\/div>\n<div dir=\"auto\">&nbsp;<\/div>\n<\/div>\n<div class=\"x11i5rnm xat24cr x1mh8g0r x1vvkbs xtlvy1s x126k92a\" style=\"text-align: justify;\">\n<div dir=\"auto\">Pasj\u0105 zarazi\u0142 j\u0105 tata, kt\u00f3ry lata paralotni\u0105 z nap\u0119dem. Amelia towarzyszy\u0142a mu zawsze na \u0142\u0105ce, gdy przygotowywa\u0142 si\u0119 do startu. Tata pokazywa\u0142 i uczy\u0142 j\u0105 pierwszych podstawowych czynno\u015bci zwi\u0105zanych lotem. W wieku 12 lat pojawi\u0142y si\u0119 powa\u017cne marzenia o lataniu. Dzi\u0119ki kamerze zamontowanej na kasku taty Amelia mog\u0142a ogl\u0105da\u0107, gdzie by\u0142 i co interesuj\u0105cego zobaczy\u0142. Bardzo szybko sta\u0142a si\u0119 ,,przyjacielem lotniska\u2019\u2019. Nagrywa\u0142a starty i l\u0105dowania taty oraz innych pilot\u00f3w, montowa\u0142a filmy z ich lot\u00f3w, kupi\u0142a nawet radio, aby s\u0142ysze\u0107, co m\u00f3wi\u0105 piloci, pyta\u0107 o warunki pogodowe lub podawa\u0107 im wiatr do l\u0105dowania. Dwa lata p\u00f3\u017aniej, na razie tylko jako pasa\u017cer, odby\u0142a sw\u00f3j pierwszy lot paralotni\u0105. Od tego momentu by\u0142a ju\u017c pewna, \u017ce ta przygoda na pewno zostanie w jej \u017cyciu na d\u0142u\u017cej.<\/div>\n<\/div>\n<p><!--more--><\/p>\n<div class=\"x11i5rnm xat24cr x1mh8g0r x1vvkbs xtlvy1s x126k92a\" style=\"text-align: justify;\">\n<div dir=\"auto\"><em>\u201eOdlicza\u0142am dni do 16 urodzin, aby m\u00f3c zacz\u0105\u0107 kurs latania paralotni\u0105. Kupili\u015bmy skrzyd\u0142o, nap\u0119d oraz niezb\u0119dne akcesoria np. kask i kombinezon. Gdy po raz pierwszy sama wznios\u0142am si\u0119 w powietrze, nie mog\u0142am uwierzy\u0107, \u017ce to nie jest sen. Kontynuuj\u0105c moj\u0105 przygod\u0119 z lataniem, sp\u0119dzaj\u0105c kolejne godziny w powietrzu, czu\u0142am, \u017ce jeszcze bardziej mnie to zachwyca i \u017ce koniecznie chc\u0119 to rozwija\u0107.\u201d<\/em><\/div>\n<\/div>\n<div class=\"x11i5rnm xat24cr x1mh8g0r x1vvkbs xtlvy1s x126k92a\" style=\"text-align: justify;\">\n<div dir=\"auto\">&nbsp;<\/div>\n<div dir=\"auto\">We wrze\u015bniu 2023 Amelia rozpocz\u0119\u0142a kurs na licencj\u0119 pilota turystycznego, kt\u00f3ra uprawnia do prowadzenia samolot\u00f3w jednosilnikowych. Latanie samolotem jest zupe\u0142nie inne ni\u017c paralotni\u0105. Aby m\u00f3c bezpiecznie wystartowa\u0107, wykona\u0107 lot i wyl\u0105dowa\u0107, trzeba opanowa\u0107 wiele sprawno\u015bci teoretycznych i praktycznych.<\/div>\n<div dir=\"auto\">&nbsp;<\/div>\n<\/div>\n<div class=\"x11i5rnm xat24cr x1mh8g0r x1vvkbs xtlvy1s x126k92a\" style=\"text-align: justify;\">\n<div dir=\"auto\">&#8211; <em>\u201eDla mnie, pilota motoparalotniowego by\u0142 to wielki krok w karierze lotniczej. Aby zapisa\u0107 si\u0119 na kurs potrzebowa\u0142am przys\u0142owiowego ,,kopniaka\u201d, kt\u00f3rego dosta\u0142am od moich rodzic\u00f3w. Mam ogromne szcz\u0119\u015bcie, \u017ce zawsze mnie wspieraj\u0105 i motywuj\u0105. Po dw\u00f3ch miesi\u0105cach intensywnych przygotowa\u0144 teoretycznych zacz\u0119\u0142am pierwsze pr\u00f3by w powietrzu. Z pierwszego lotu z instruktorem ma\u0142o pami\u0119tam, skupia\u0142am si\u0119 raczej na obs\u0142udze tablicy przyrz\u0105d\u00f3w ni\u017c na ogl\u0105daniu widok\u00f3w z g\u00f3ry. Z ka\u017cd\u0105 godzin\u0105 sp\u0119dzon\u0105 w samolocie zacz\u0119\u0142am nabiera\u0107 wi\u0119cej odwagi i p\u0142ynno\u015bci ruch\u00f3w. Gdy 17 kwietnia po raz pierwszy polecia\u0142am zupe\u0142nie sama, nie mog\u0142am uwierzy\u0107, \u017ce to si\u0119 dzieje. Taka dawka adrenaliny, stresu, mobilizacji i rado\u015bci pojawia si\u0119 chyba tylko podczas pierwszych lot\u00f3w\u201d.<\/em><\/div>\n<div dir=\"auto\">&nbsp;<\/div>\n<\/div>\n<div class=\"x11i5rnm xat24cr x1mh8g0r x1vvkbs xtlvy1s x126k92a\" style=\"text-align: justify;\">\n<div dir=\"auto\">Amelia przyznaje, \u017ce zdobycie licencji pilota kosztowa\u0142o j\u0105 wiele wysi\u0142ku, pracy, nauki, wyrzecze\u0144 i trudno\u015bci w szkole. Mimo to z dum\u0105 przyznaje, \u017ce BY\u0141O WARTO! Fascynuje j\u0105 \u201ewszystko, co lata\u201d. Chcia\u0142aby te\u017c polecie\u0107 helikopterem, balonem czy szybowcem a w przysz\u0142o\u015bci zosta\u0107 pilotem samolot\u00f3w pasa\u017cerskich. Cel jest ustalony i mo\u017cliwy do zrealizowania, cho\u0107 droga jeszcze d\u0142uga i kr\u0119ta.<\/div>\n<div dir=\"auto\">&nbsp;<\/div>\n<\/div>\n<div class=\"x11i5rnm xat24cr x1mh8g0r x1vvkbs xtlvy1s x126k92a\" style=\"text-align: justify;\">\n<div dir=\"auto\"><em>\u2013 \u201eJestem zdania, \u017ce je\u015bli chc\u0119 by\u0107 w czym\u015b dobra, musz\u0119 stale si\u0119 rozwija\u0107. Nie mog\u0119 zak\u0142ada\u0107, \u017ce wiem wszystko i \u017ce nic nie jest mnie w stanie zaskoczy\u0107.\u201d<\/em><\/div>\n<div dir=\"auto\">&nbsp;<\/div>\n<\/div>\n<div class=\"x11i5rnm xat24cr x1mh8g0r x1vvkbs xtlvy1s x126k92a\" style=\"text-align: justify;\">\n<div dir=\"auto\"><strong>\u017byczymy Amelii realizacji wszystkich najskrytszych zamierze\u0144. B\u0105d\u017acie czujni podczas podr\u00f3\u017cy!<\/strong><\/div>\n<div dir=\"auto\">&nbsp;<\/div>\n<\/div>\n<div class=\"x11i5rnm xat24cr x1mh8g0r x1vvkbs xtlvy1s x126k92a\">\n<div dir=\"auto\" style=\"text-align: justify;\">By\u0107 mo\u017ce ju\u017c niebawem us\u0142yszymy dobiegaj\u0105cy z samolotowego kokpitu g\u0142os naszej kole\u017canki &#8211; dziewczyny z II LO &#8211; <em>\u201eLadies and Gentleman this is your captain speaking.\u201d<\/em><\/div>\n<\/div>\n<div dir=\"auto\">&nbsp;<\/div>\n<div dir=\"auto\">&nbsp;<\/div>\n\n\n<div class=\"wp-block-image\">\n<figure class=\"aligncenter size-full\"><a href=\"https:\/\/2liceum.eu\/index.php\/rok-szkolny-2023-2024\/nggallery\/rok-szkolny-2023-2024\/wczoraj-dziecko-dzisiaj-pilot\"><img loading=\"lazy\" decoding=\"async\" width=\"119\" height=\"26\" src=\"https:\/\/2liceum.eu\/wp-content\/uploads\/2019\/12\/galeria.jpg\" alt=\"\" class=\"wp-image-4616\"\/><\/a><\/figure>\n<\/div>","protected":false},"excerpt":{"rendered":"<p>&nbsp; Uczniowie II LO wykazuj\u0105 niezwyk\u0142e pasje. Niekt\u00f3rzy nieustannie d\u0105\u017c\u0105 do ich realizacji i udaje im si\u0119 to znakomicie! &nbsp; Wczoraj dziecko &#8211; dzisiaj pilot! &nbsp; Amelia Stembalska z klasy IIIe zaledwie miesi\u0105c temu obchodzi\u0142a swoje 18 urodziny. Dzi\u015b samodzielnie lata samolotem. Jak to mo\u017cliwe, \u017ce marzenia, kt\u00f3re wielu z nas wydaj\u0105 si\u0119 nierealne, mo\u017cna [&hellip;]<\/p>\n","protected":false},"author":2,"featured_media":0,"comment_status":"open","ping_status":"open","sticky":false,"template":"","format":"standard","meta":{"ngg_post_thumbnail":0,"footnotes":""},"categories":[1],"tags":[],"class_list":["post-9847","post","type-post","status-publish","format-standard","hentry","category-aktualnosci"],"yoast_head":"<!-- This site is optimized with the Yoast SEO plugin v19.4 - https:\/\/yoast.com\/wordpress\/plugins\/seo\/ -->\n<title>Wczoraj dziecko - dzisiaj pilot! - II Liceum Og\u00f3lnokszta\u0142c\u0105ce w Lubinie<\/title>\n<meta name=\"robots\" content=\"index, follow, max-snippet:-1, max-image-preview:large, max-video-preview:-1\" \/>\n<link rel=\"canonical\" href=\"https:\/\/2liceum.eu\/index.php\/2024\/06\/14\/wczoraj-dziecko-dzisiaj-pilot\/\" \/>\n<meta property=\"og:locale\" content=\"pl_PL\" \/>\n<meta property=\"og:type\" content=\"article\" \/>\n<meta property=\"og:title\" content=\"Wczoraj dziecko - dzisiaj pilot! - II Liceum Og\u00f3lnokszta\u0142c\u0105ce w Lubinie\" \/>\n<meta property=\"og:description\" content=\"&nbsp; Uczniowie II LO wykazuj\u0105 niezwyk\u0142e pasje. Niekt\u00f3rzy nieustannie d\u0105\u017c\u0105 do ich realizacji i udaje im si\u0119 to znakomicie! &nbsp; Wczoraj dziecko &#8211; dzisiaj pilot! &nbsp; Amelia Stembalska z klasy IIIe zaledwie miesi\u0105c temu obchodzi\u0142a swoje 18 urodziny. Dzi\u015b samodzielnie lata samolotem. Jak to mo\u017cliwe, \u017ce marzenia, kt\u00f3re wielu z nas wydaj\u0105 si\u0119 nierealne, mo\u017cna [&hellip;]\" \/>\n<meta property=\"og:url\" content=\"https:\/\/2liceum.eu\/index.php\/2024\/06\/14\/wczoraj-dziecko-dzisiaj-pilot\/\" \/>\n<meta property=\"og:site_name\" content=\"II Liceum Og\u00f3lnokszta\u0142c\u0105ce w Lubinie\" \/>\n<meta property=\"article:publisher\" content=\"https:\/\/web.facebook.com\/IILOLubin\/\" \/>\n<meta property=\"article:published_time\" content=\"2024-06-14T11:41:48+00:00\" \/>\n<meta property=\"article:modified_time\" content=\"2024-06-14T11:44:24+00:00\" \/>\n<meta property=\"og:image\" content=\"https:\/\/2liceum.eu\/wp-content\/uploads\/2024\/06\/448041278_1001556815305394_7154320214779584833_n.jpg\" \/>\n<meta name=\"author\" content=\"Adam Dragan\" \/>\n<meta name=\"twitter:card\" content=\"summary_large_image\" \/>\n<meta name=\"twitter:label1\" content=\"Napisane przez\" \/>\n\t<meta name=\"twitter:data1\" content=\"Adam Dragan\" \/>\n\t<meta name=\"twitter:label2\" content=\"Szacowany czas czytania\" \/>\n\t<meta name=\"twitter:data2\" content=\"3 minuty\" \/>\n<script type=\"application\/ld+json\" class=\"yoast-schema-graph\">{\"@context\":\"https:\/\/schema.org\",\"@graph\":[{\"@type\":\"Organization\",\"@id\":\"https:\/\/2liceum.eu\/#organization\",\"name\":\"II Liceum Og\u00f3lnokszta\u0142c\u0105ce w Lubinie\",\"url\":\"https:\/\/2liceum.eu\/\",\"sameAs\":[\"http:\/\/2lolubin\",\"https:\/\/www.youtube.com\/channel\/UCWjEMxRJYdfvxPhVOn-8g_g\",\"https:\/\/web.facebook.com\/IILOLubin\/\"],\"logo\":{\"@type\":\"ImageObject\",\"inLanguage\":\"pl-PL\",\"@id\":\"https:\/\/2liceum.eu\/#\/schema\/logo\/image\/\",\"url\":\"https:\/\/2liceum.eu\/wp-content\/uploads\/2018\/01\/pobrane.jpg\",\"contentUrl\":\"https:\/\/2liceum.eu\/wp-content\/uploads\/2018\/01\/pobrane.jpg\",\"width\":184,\"height\":183,\"caption\":\"II Liceum Og\u00f3lnokszta\u0142c\u0105ce w Lubinie\"},\"image\":{\"@id\":\"https:\/\/2liceum.eu\/#\/schema\/logo\/image\/\"}},{\"@type\":\"WebSite\",\"@id\":\"https:\/\/2liceum.eu\/#website\",\"url\":\"https:\/\/2liceum.eu\/\",\"name\":\"II Liceum Og\u00f3lnokszta\u0142c\u0105ce w Lubinie\",\"description\":\"Oficjalny portal II LO w Lubinie. Informacje o szkole, kadrze, zaj\u0119ciach dydaktycznych, ko\u0142ach zainteresowa\u0144, wolontariacie. Aktualno\u015bci. Galeria zdj\u0119\u0107.\",\"publisher\":{\"@id\":\"https:\/\/2liceum.eu\/#organization\"},\"potentialAction\":[{\"@type\":\"SearchAction\",\"target\":{\"@type\":\"EntryPoint\",\"urlTemplate\":\"https:\/\/2liceum.eu\/?s={search_term_string}\"},\"query-input\":\"required name=search_term_string\"}],\"inLanguage\":\"pl-PL\"},{\"@type\":\"WebPage\",\"@id\":\"https:\/\/2liceum.eu\/index.php\/2024\/06\/14\/wczoraj-dziecko-dzisiaj-pilot\/\",\"url\":\"https:\/\/2liceum.eu\/index.php\/2024\/06\/14\/wczoraj-dziecko-dzisiaj-pilot\/\",\"name\":\"Wczoraj dziecko - dzisiaj pilot! - II Liceum Og\u00f3lnokszta\u0142c\u0105ce w Lubinie\",\"isPartOf\":{\"@id\":\"https:\/\/2liceum.eu\/#website\"},\"datePublished\":\"2024-06-14T11:41:48+00:00\",\"dateModified\":\"2024-06-14T11:44:24+00:00\",\"breadcrumb\":{\"@id\":\"https:\/\/2liceum.eu\/index.php\/2024\/06\/14\/wczoraj-dziecko-dzisiaj-pilot\/#breadcrumb\"},\"inLanguage\":\"pl-PL\",\"potentialAction\":[{\"@type\":\"ReadAction\",\"target\":[\"https:\/\/2liceum.eu\/index.php\/2024\/06\/14\/wczoraj-dziecko-dzisiaj-pilot\/\"]}]},{\"@type\":\"BreadcrumbList\",\"@id\":\"https:\/\/2liceum.eu\/index.php\/2024\/06\/14\/wczoraj-dziecko-dzisiaj-pilot\/#breadcrumb\",\"itemListElement\":[{\"@type\":\"ListItem\",\"position\":1,\"name\":\"Strona g\u0142\u00f3wna\",\"item\":\"https:\/\/2liceum.eu\/\"},{\"@type\":\"ListItem\",\"position\":2,\"name\":\"Wczoraj dziecko &#8211; dzisiaj pilot!\"}]},{\"@type\":\"Article\",\"@id\":\"https:\/\/2liceum.eu\/index.php\/2024\/06\/14\/wczoraj-dziecko-dzisiaj-pilot\/#article\",\"isPartOf\":{\"@id\":\"https:\/\/2liceum.eu\/index.php\/2024\/06\/14\/wczoraj-dziecko-dzisiaj-pilot\/\"},\"author\":{\"name\":\"Adam Dragan\",\"@id\":\"https:\/\/2liceum.eu\/#\/schema\/person\/1a52557bfdaf047be954a8b190648da5\"},\"headline\":\"Wczoraj dziecko &#8211; dzisiaj pilot!\",\"datePublished\":\"2024-06-14T11:41:48+00:00\",\"dateModified\":\"2024-06-14T11:44:24+00:00\",\"mainEntityOfPage\":{\"@id\":\"https:\/\/2liceum.eu\/index.php\/2024\/06\/14\/wczoraj-dziecko-dzisiaj-pilot\/\"},\"wordCount\":625,\"commentCount\":0,\"publisher\":{\"@id\":\"https:\/\/2liceum.eu\/#organization\"},\"articleSection\":[\"Aktualno\u015bci\"],\"inLanguage\":\"pl-PL\",\"potentialAction\":[{\"@type\":\"CommentAction\",\"name\":\"Comment\",\"target\":[\"https:\/\/2liceum.eu\/index.php\/2024\/06\/14\/wczoraj-dziecko-dzisiaj-pilot\/#respond\"]}]},{\"@type\":\"Person\",\"@id\":\"https:\/\/2liceum.eu\/#\/schema\/person\/1a52557bfdaf047be954a8b190648da5\",\"name\":\"Adam Dragan\",\"image\":{\"@type\":\"ImageObject\",\"inLanguage\":\"pl-PL\",\"@id\":\"https:\/\/2liceum.eu\/#\/schema\/person\/image\/\",\"url\":\"https:\/\/secure.gravatar.com\/avatar\/3a2bee53698f47ac117505a8a054d1e47e9ee9593c4c77dc18374aa80472d80c?s=96&d=mm&r=g\",\"contentUrl\":\"https:\/\/secure.gravatar.com\/avatar\/3a2bee53698f47ac117505a8a054d1e47e9ee9593c4c77dc18374aa80472d80c?s=96&d=mm&r=g\",\"caption\":\"Adam Dragan\"},\"sameAs\":[\"http:\/\/2liceum.eu\"]}]}<\/script>\n<!-- \/ Yoast SEO plugin. -->","yoast_head_json":{"title":"Wczoraj dziecko - dzisiaj pilot! - II Liceum Og\u00f3lnokszta\u0142c\u0105ce w Lubinie","robots":{"index":"index","follow":"follow","max-snippet":"max-snippet:-1","max-image-preview":"max-image-preview:large","max-video-preview":"max-video-preview:-1"},"canonical":"https:\/\/2liceum.eu\/index.php\/2024\/06\/14\/wczoraj-dziecko-dzisiaj-pilot\/","og_locale":"pl_PL","og_type":"article","og_title":"Wczoraj dziecko - dzisiaj pilot! - II Liceum Og\u00f3lnokszta\u0142c\u0105ce w Lubinie","og_description":"&nbsp; Uczniowie II LO wykazuj\u0105 niezwyk\u0142e pasje. Niekt\u00f3rzy nieustannie d\u0105\u017c\u0105 do ich realizacji i udaje im si\u0119 to znakomicie! &nbsp; Wczoraj dziecko &#8211; dzisiaj pilot! &nbsp; Amelia Stembalska z klasy IIIe zaledwie miesi\u0105c temu obchodzi\u0142a swoje 18 urodziny. Dzi\u015b samodzielnie lata samolotem. Jak to mo\u017cliwe, \u017ce marzenia, kt\u00f3re wielu z nas wydaj\u0105 si\u0119 nierealne, mo\u017cna [&hellip;]","og_url":"https:\/\/2liceum.eu\/index.php\/2024\/06\/14\/wczoraj-dziecko-dzisiaj-pilot\/","og_site_name":"II Liceum Og\u00f3lnokszta\u0142c\u0105ce w Lubinie","article_publisher":"https:\/\/web.facebook.com\/IILOLubin\/","article_published_time":"2024-06-14T11:41:48+00:00","article_modified_time":"2024-06-14T11:44:24+00:00","og_image":[{"url":"https:\/\/2liceum.eu\/wp-content\/uploads\/2024\/06\/448041278_1001556815305394_7154320214779584833_n.jpg"}],"author":"Adam Dragan","twitter_card":"summary_large_image","twitter_misc":{"Napisane przez":"Adam Dragan","Szacowany czas czytania":"3 minuty"},"schema":{"@context":"https:\/\/schema.org","@graph":[{"@type":"Organization","@id":"https:\/\/2liceum.eu\/#organization","name":"II Liceum Og\u00f3lnokszta\u0142c\u0105ce w Lubinie","url":"https:\/\/2liceum.eu\/","sameAs":["http:\/\/2lolubin","https:\/\/www.youtube.com\/channel\/UCWjEMxRJYdfvxPhVOn-8g_g","https:\/\/web.facebook.com\/IILOLubin\/"],"logo":{"@type":"ImageObject","inLanguage":"pl-PL","@id":"https:\/\/2liceum.eu\/#\/schema\/logo\/image\/","url":"https:\/\/2liceum.eu\/wp-content\/uploads\/2018\/01\/pobrane.jpg","contentUrl":"https:\/\/2liceum.eu\/wp-content\/uploads\/2018\/01\/pobrane.jpg","width":184,"height":183,"caption":"II Liceum Og\u00f3lnokszta\u0142c\u0105ce w Lubinie"},"image":{"@id":"https:\/\/2liceum.eu\/#\/schema\/logo\/image\/"}},{"@type":"WebSite","@id":"https:\/\/2liceum.eu\/#website","url":"https:\/\/2liceum.eu\/","name":"II Liceum Og\u00f3lnokszta\u0142c\u0105ce w Lubinie","description":"Oficjalny portal II LO w Lubinie. Informacje o szkole, kadrze, zaj\u0119ciach dydaktycznych, ko\u0142ach zainteresowa\u0144, wolontariacie. Aktualno\u015bci. Galeria zdj\u0119\u0107.","publisher":{"@id":"https:\/\/2liceum.eu\/#organization"},"potentialAction":[{"@type":"SearchAction","target":{"@type":"EntryPoint","urlTemplate":"https:\/\/2liceum.eu\/?s={search_term_string}"},"query-input":"required name=search_term_string"}],"inLanguage":"pl-PL"},{"@type":"WebPage","@id":"https:\/\/2liceum.eu\/index.php\/2024\/06\/14\/wczoraj-dziecko-dzisiaj-pilot\/","url":"https:\/\/2liceum.eu\/index.php\/2024\/06\/14\/wczoraj-dziecko-dzisiaj-pilot\/","name":"Wczoraj dziecko - dzisiaj pilot! - II Liceum Og\u00f3lnokszta\u0142c\u0105ce w Lubinie","isPartOf":{"@id":"https:\/\/2liceum.eu\/#website"},"datePublished":"2024-06-14T11:41:48+00:00","dateModified":"2024-06-14T11:44:24+00:00","breadcrumb":{"@id":"https:\/\/2liceum.eu\/index.php\/2024\/06\/14\/wczoraj-dziecko-dzisiaj-pilot\/#breadcrumb"},"inLanguage":"pl-PL","potentialAction":[{"@type":"ReadAction","target":["https:\/\/2liceum.eu\/index.php\/2024\/06\/14\/wczoraj-dziecko-dzisiaj-pilot\/"]}]},{"@type":"BreadcrumbList","@id":"https:\/\/2liceum.eu\/index.php\/2024\/06\/14\/wczoraj-dziecko-dzisiaj-pilot\/#breadcrumb","itemListElement":[{"@type":"ListItem","position":1,"name":"Strona g\u0142\u00f3wna","item":"https:\/\/2liceum.eu\/"},{"@type":"ListItem","position":2,"name":"Wczoraj dziecko &#8211; dzisiaj pilot!"}]},{"@type":"Article","@id":"https:\/\/2liceum.eu\/index.php\/2024\/06\/14\/wczoraj-dziecko-dzisiaj-pilot\/#article","isPartOf":{"@id":"https:\/\/2liceum.eu\/index.php\/2024\/06\/14\/wczoraj-dziecko-dzisiaj-pilot\/"},"author":{"name":"Adam Dragan","@id":"https:\/\/2liceum.eu\/#\/schema\/person\/1a52557bfdaf047be954a8b190648da5"},"headline":"Wczoraj dziecko &#8211; dzisiaj pilot!","datePublished":"2024-06-14T11:41:48+00:00","dateModified":"2024-06-14T11:44:24+00:00","mainEntityOfPage":{"@id":"https:\/\/2liceum.eu\/index.php\/2024\/06\/14\/wczoraj-dziecko-dzisiaj-pilot\/"},"wordCount":625,"commentCount":0,"publisher":{"@id":"https:\/\/2liceum.eu\/#organization"},"articleSection":["Aktualno\u015bci"],"inLanguage":"pl-PL","potentialAction":[{"@type":"CommentAction","name":"Comment","target":["https:\/\/2liceum.eu\/index.php\/2024\/06\/14\/wczoraj-dziecko-dzisiaj-pilot\/#respond"]}]},{"@type":"Person","@id":"https:\/\/2liceum.eu\/#\/schema\/person\/1a52557bfdaf047be954a8b190648da5","name":"Adam Dragan","image":{"@type":"ImageObject","inLanguage":"pl-PL","@id":"https:\/\/2liceum.eu\/#\/schema\/person\/image\/","url":"https:\/\/secure.gravatar.com\/avatar\/3a2bee53698f47ac117505a8a054d1e47e9ee9593c4c77dc18374aa80472d80c?s=96&d=mm&r=g","contentUrl":"https:\/\/secure.gravatar.com\/avatar\/3a2bee53698f47ac117505a8a054d1e47e9ee9593c4c77dc18374aa80472d80c?s=96&d=mm&r=g","caption":"Adam Dragan"},"sameAs":["http:\/\/2liceum.eu"]}]}},"_links":{"self":[{"href":"https:\/\/2liceum.eu\/index.php\/wp-json\/wp\/v2\/posts\/9847","targetHints":{"allow":["GET"]}}],"collection":[{"href":"https:\/\/2liceum.eu\/index.php\/wp-json\/wp\/v2\/posts"}],"about":[{"href":"https:\/\/2liceum.eu\/index.php\/wp-json\/wp\/v2\/types\/post"}],"author":[{"embeddable":true,"href":"https:\/\/2liceum.eu\/index.php\/wp-json\/wp\/v2\/users\/2"}],"replies":[{"embeddable":true,"href":"https:\/\/2liceum.eu\/index.php\/wp-json\/wp\/v2\/comments?post=9847"}],"version-history":[{"count":5,"href":"https:\/\/2liceum.eu\/index.php\/wp-json\/wp\/v2\/posts\/9847\/revisions"}],"predecessor-version":[{"id":9875,"href":"https:\/\/2liceum.eu\/index.php\/wp-json\/wp\/v2\/posts\/9847\/revisions\/9875"}],"wp:attachment":[{"href":"https:\/\/2liceum.eu\/index.php\/wp-json\/wp\/v2\/media?parent=9847"}],"wp:term":[{"taxonomy":"category","embeddable":true,"href":"https:\/\/2liceum.eu\/index.php\/wp-json\/wp\/v2\/categories?post=9847"},{"taxonomy":"post_tag","embeddable":true,"href":"https:\/\/2liceum.eu\/index.php\/wp-json\/wp\/v2\/tags?post=9847"}],"curies":[{"name":"wp","href":"https:\/\/api.w.org\/{rel}","templated":true}]}}