{"id":9884,"date":"2024-06-08T15:52:00","date_gmt":"2024-06-08T13:52:00","guid":{"rendered":"https:\/\/2liceum.eu\/?p=9884"},"modified":"2024-06-17T15:55:49","modified_gmt":"2024-06-17T13:55:49","slug":"3e-na-wycieczce-we-wroclawiu","status":"publish","type":"post","link":"https:\/\/2liceum.eu\/index.php\/2024\/06\/08\/3e-na-wycieczce-we-wroclawiu\/","title":{"rendered":"3e na wycieczce we Wroc\u0142awiu!"},"content":{"rendered":"\n<p style=\"text-align: center;\"><img loading=\"lazy\" decoding=\"async\" class=\"aligncenter \" src=\"https:\/\/2liceum.eu\/wp-content\/uploads\/sites\/1\/nggallery\/wizyta-we-wroclawiu\/1718632191440.jpg\" width=\"643\" height=\"525\"><\/p>\n<p>&nbsp;<\/p>\n<p style=\"text-align: justify;\">W s\u0142oneczny czwartek,<strong><span style=\"color: #008000;\"> 6 czerwca klasa IIIe<\/span> wraz z opiekunkami <span style=\"color: #008000;\">Pani\u0105 Joann\u0105 Zimn\u0105 i Pani\u0105 Ew\u0105 Gr\u0119d\u0105,<\/span> wybra\u0142a si\u0119 si\u0119 <span style=\"color: #008000;\">na wycieczk\u0119 do Wroc\u0142awia<\/span>.<\/strong> Tym razem zwiedzili\u015bmy Muzeum Pana Tadeusza, czyli najnowsz\u0105 cz\u0119\u015b\u0107 Ossolineum, znajduj\u0105c\u0105 si\u0119 w jednej z najpi\u0119kniejszych kamienic Wroc\u0142awia \u2013 Pod Z\u0142otym S\u0142o\u0144cem. Wybrali\u015bmy najnowsz\u0105 z trzech ekspozycji sta\u0142ych, wystaw\u0119 pt. &#8222;Pan Tadeusz R\u00f3\u017cewicz&#8221;. W trakcie zwiedzania dowiedzieli\u015bmy si\u0119 wiele nie tylko o dzie\u0142ach R\u00f3\u017cewicza, ale tak\u017ce o jego zwi\u0105zkach z Wroc\u0142awiem. Mogli\u015bmy r\u00f3wnie\u017c obejrze\u0107 r\u0119kopisy jego utwor\u00f3w, dokumenty czy pami\u0105tki osobiste. Wystaw\u0119 wzbogacaj\u0105 filmy &#8211; fragmenty wywiad\u00f3w i spotka\u0144 z autorem, kt\u00f3re przybli\u017cy\u0142y nam charakter i osobowo\u015b\u0107 R\u00f3\u017cewicza. Na \u201edeser\u201d obejrzeli\u015bmy r\u0119kopis &#8222;Pana Tadeusza&#8221; oraz delektowali\u015bmy si\u0119 pobytem na pi\u0119knym Wroc\u0142awskim Rynku.<\/p>\n<p>&nbsp;<\/p>\n\n\n<div class=\"wp-block-image\">\n<figure class=\"aligncenter size-full\"><a href=\"https:\/\/2liceum.eu\/index.php\/rok-szkolny-2023-2024\/nggallery\/rok-szkolny-2023-2024\/wizyta-we-wroclawiu\"><img loading=\"lazy\" decoding=\"async\" width=\"119\" height=\"26\" src=\"https:\/\/2liceum.eu\/wp-content\/uploads\/2019\/12\/galeria.jpg\" alt=\"\" class=\"wp-image-4616\"\/><\/a><\/figure>\n<\/div>","protected":false},"excerpt":{"rendered":"<p>&nbsp; W s\u0142oneczny czwartek, 6 czerwca klasa IIIe wraz z opiekunkami Pani\u0105 Joann\u0105 Zimn\u0105 i Pani\u0105 Ew\u0105 Gr\u0119d\u0105, wybra\u0142a si\u0119 si\u0119 na wycieczk\u0119 do Wroc\u0142awia. Tym razem zwiedzili\u015bmy Muzeum Pana Tadeusza, czyli najnowsz\u0105 cz\u0119\u015b\u0107 Ossolineum, znajduj\u0105c\u0105 si\u0119 w jednej z najpi\u0119kniejszych kamienic Wroc\u0142awia \u2013 Pod Z\u0142otym S\u0142o\u0144cem. Wybrali\u015bmy najnowsz\u0105 z trzech ekspozycji sta\u0142ych, wystaw\u0119 pt. [&hellip;]<\/p>\n","protected":false},"author":2,"featured_media":0,"comment_status":"open","ping_status":"open","sticky":false,"template":"","format":"standard","meta":{"ngg_post_thumbnail":0,"footnotes":""},"categories":[1],"tags":[],"class_list":["post-9884","post","type-post","status-publish","format-standard","hentry","category-aktualnosci"],"yoast_head":"<!-- This site is optimized with the Yoast SEO plugin v19.4 - https:\/\/yoast.com\/wordpress\/plugins\/seo\/ -->\n<title>3e na wycieczce we Wroc\u0142awiu! - II Liceum Og\u00f3lnokszta\u0142c\u0105ce w Lubinie<\/title>\n<meta name=\"robots\" content=\"index, follow, max-snippet:-1, max-image-preview:large, max-video-preview:-1\" \/>\n<link rel=\"canonical\" href=\"https:\/\/2liceum.eu\/index.php\/2024\/06\/08\/3e-na-wycieczce-we-wroclawiu\/\" \/>\n<meta property=\"og:locale\" content=\"pl_PL\" \/>\n<meta property=\"og:type\" content=\"article\" \/>\n<meta property=\"og:title\" content=\"3e na wycieczce we Wroc\u0142awiu! - II Liceum Og\u00f3lnokszta\u0142c\u0105ce w Lubinie\" \/>\n<meta property=\"og:description\" content=\"&nbsp; W s\u0142oneczny czwartek, 6 czerwca klasa IIIe wraz z opiekunkami Pani\u0105 Joann\u0105 Zimn\u0105 i Pani\u0105 Ew\u0105 Gr\u0119d\u0105, wybra\u0142a si\u0119 si\u0119 na wycieczk\u0119 do Wroc\u0142awia. Tym razem zwiedzili\u015bmy Muzeum Pana Tadeusza, czyli najnowsz\u0105 cz\u0119\u015b\u0107 Ossolineum, znajduj\u0105c\u0105 si\u0119 w jednej z najpi\u0119kniejszych kamienic Wroc\u0142awia \u2013 Pod Z\u0142otym S\u0142o\u0144cem. Wybrali\u015bmy najnowsz\u0105 z trzech ekspozycji sta\u0142ych, wystaw\u0119 pt. [&hellip;]\" \/>\n<meta property=\"og:url\" content=\"https:\/\/2liceum.eu\/index.php\/2024\/06\/08\/3e-na-wycieczce-we-wroclawiu\/\" \/>\n<meta property=\"og:site_name\" content=\"II Liceum Og\u00f3lnokszta\u0142c\u0105ce w Lubinie\" \/>\n<meta property=\"article:publisher\" content=\"https:\/\/web.facebook.com\/IILOLubin\/\" \/>\n<meta property=\"article:published_time\" content=\"2024-06-08T13:52:00+00:00\" \/>\n<meta property=\"article:modified_time\" content=\"2024-06-17T13:55:49+00:00\" \/>\n<meta property=\"og:image\" content=\"https:\/\/2liceum.eu\/wp-content\/uploads\/sites\/1\/nggallery\/wizyta-we-wroclawiu\/1718632191440.jpg\" \/>\n<meta name=\"author\" content=\"Adam Dragan\" \/>\n<meta name=\"twitter:card\" content=\"summary_large_image\" \/>\n<meta name=\"twitter:label1\" content=\"Napisane przez\" \/>\n\t<meta name=\"twitter:data1\" content=\"Adam Dragan\" \/>\n\t<meta name=\"twitter:label2\" content=\"Szacowany czas czytania\" \/>\n\t<meta name=\"twitter:data2\" content=\"1 minuta\" \/>\n<script type=\"application\/ld+json\" class=\"yoast-schema-graph\">{\"@context\":\"https:\/\/schema.org\",\"@graph\":[{\"@type\":\"Organization\",\"@id\":\"https:\/\/2liceum.eu\/#organization\",\"name\":\"II Liceum Og\u00f3lnokszta\u0142c\u0105ce w Lubinie\",\"url\":\"https:\/\/2liceum.eu\/\",\"sameAs\":[\"http:\/\/2lolubin\",\"https:\/\/www.youtube.com\/channel\/UCWjEMxRJYdfvxPhVOn-8g_g\",\"https:\/\/web.facebook.com\/IILOLubin\/\"],\"logo\":{\"@type\":\"ImageObject\",\"inLanguage\":\"pl-PL\",\"@id\":\"https:\/\/2liceum.eu\/#\/schema\/logo\/image\/\",\"url\":\"https:\/\/2liceum.eu\/wp-content\/uploads\/2018\/01\/pobrane.jpg\",\"contentUrl\":\"https:\/\/2liceum.eu\/wp-content\/uploads\/2018\/01\/pobrane.jpg\",\"width\":184,\"height\":183,\"caption\":\"II Liceum Og\u00f3lnokszta\u0142c\u0105ce w Lubinie\"},\"image\":{\"@id\":\"https:\/\/2liceum.eu\/#\/schema\/logo\/image\/\"}},{\"@type\":\"WebSite\",\"@id\":\"https:\/\/2liceum.eu\/#website\",\"url\":\"https:\/\/2liceum.eu\/\",\"name\":\"II Liceum Og\u00f3lnokszta\u0142c\u0105ce w Lubinie\",\"description\":\"Oficjalny portal II LO w Lubinie. Informacje o szkole, kadrze, zaj\u0119ciach dydaktycznych, ko\u0142ach zainteresowa\u0144, wolontariacie. Aktualno\u015bci. Galeria zdj\u0119\u0107.\",\"publisher\":{\"@id\":\"https:\/\/2liceum.eu\/#organization\"},\"potentialAction\":[{\"@type\":\"SearchAction\",\"target\":{\"@type\":\"EntryPoint\",\"urlTemplate\":\"https:\/\/2liceum.eu\/?s={search_term_string}\"},\"query-input\":\"required name=search_term_string\"}],\"inLanguage\":\"pl-PL\"},{\"@type\":\"WebPage\",\"@id\":\"https:\/\/2liceum.eu\/index.php\/2024\/06\/08\/3e-na-wycieczce-we-wroclawiu\/\",\"url\":\"https:\/\/2liceum.eu\/index.php\/2024\/06\/08\/3e-na-wycieczce-we-wroclawiu\/\",\"name\":\"3e na wycieczce we Wroc\u0142awiu! - II Liceum Og\u00f3lnokszta\u0142c\u0105ce w Lubinie\",\"isPartOf\":{\"@id\":\"https:\/\/2liceum.eu\/#website\"},\"datePublished\":\"2024-06-08T13:52:00+00:00\",\"dateModified\":\"2024-06-17T13:55:49+00:00\",\"breadcrumb\":{\"@id\":\"https:\/\/2liceum.eu\/index.php\/2024\/06\/08\/3e-na-wycieczce-we-wroclawiu\/#breadcrumb\"},\"inLanguage\":\"pl-PL\",\"potentialAction\":[{\"@type\":\"ReadAction\",\"target\":[\"https:\/\/2liceum.eu\/index.php\/2024\/06\/08\/3e-na-wycieczce-we-wroclawiu\/\"]}]},{\"@type\":\"BreadcrumbList\",\"@id\":\"https:\/\/2liceum.eu\/index.php\/2024\/06\/08\/3e-na-wycieczce-we-wroclawiu\/#breadcrumb\",\"itemListElement\":[{\"@type\":\"ListItem\",\"position\":1,\"name\":\"Strona g\u0142\u00f3wna\",\"item\":\"https:\/\/2liceum.eu\/\"},{\"@type\":\"ListItem\",\"position\":2,\"name\":\"3e na wycieczce we Wroc\u0142awiu!\"}]},{\"@type\":\"Article\",\"@id\":\"https:\/\/2liceum.eu\/index.php\/2024\/06\/08\/3e-na-wycieczce-we-wroclawiu\/#article\",\"isPartOf\":{\"@id\":\"https:\/\/2liceum.eu\/index.php\/2024\/06\/08\/3e-na-wycieczce-we-wroclawiu\/\"},\"author\":{\"name\":\"Adam Dragan\",\"@id\":\"https:\/\/2liceum.eu\/#\/schema\/person\/1a52557bfdaf047be954a8b190648da5\"},\"headline\":\"3e na wycieczce we Wroc\u0142awiu!\",\"datePublished\":\"2024-06-08T13:52:00+00:00\",\"dateModified\":\"2024-06-17T13:55:49+00:00\",\"mainEntityOfPage\":{\"@id\":\"https:\/\/2liceum.eu\/index.php\/2024\/06\/08\/3e-na-wycieczce-we-wroclawiu\/\"},\"wordCount\":157,\"commentCount\":0,\"publisher\":{\"@id\":\"https:\/\/2liceum.eu\/#organization\"},\"articleSection\":[\"Aktualno\u015bci\"],\"inLanguage\":\"pl-PL\",\"potentialAction\":[{\"@type\":\"CommentAction\",\"name\":\"Comment\",\"target\":[\"https:\/\/2liceum.eu\/index.php\/2024\/06\/08\/3e-na-wycieczce-we-wroclawiu\/#respond\"]}]},{\"@type\":\"Person\",\"@id\":\"https:\/\/2liceum.eu\/#\/schema\/person\/1a52557bfdaf047be954a8b190648da5\",\"name\":\"Adam Dragan\",\"image\":{\"@type\":\"ImageObject\",\"inLanguage\":\"pl-PL\",\"@id\":\"https:\/\/2liceum.eu\/#\/schema\/person\/image\/\",\"url\":\"https:\/\/secure.gravatar.com\/avatar\/3a2bee53698f47ac117505a8a054d1e47e9ee9593c4c77dc18374aa80472d80c?s=96&d=mm&r=g\",\"contentUrl\":\"https:\/\/secure.gravatar.com\/avatar\/3a2bee53698f47ac117505a8a054d1e47e9ee9593c4c77dc18374aa80472d80c?s=96&d=mm&r=g\",\"caption\":\"Adam Dragan\"},\"sameAs\":[\"http:\/\/2liceum.eu\"]}]}<\/script>\n<!-- \/ Yoast SEO plugin. -->","yoast_head_json":{"title":"3e na wycieczce we Wroc\u0142awiu! - II Liceum Og\u00f3lnokszta\u0142c\u0105ce w Lubinie","robots":{"index":"index","follow":"follow","max-snippet":"max-snippet:-1","max-image-preview":"max-image-preview:large","max-video-preview":"max-video-preview:-1"},"canonical":"https:\/\/2liceum.eu\/index.php\/2024\/06\/08\/3e-na-wycieczce-we-wroclawiu\/","og_locale":"pl_PL","og_type":"article","og_title":"3e na wycieczce we Wroc\u0142awiu! - II Liceum Og\u00f3lnokszta\u0142c\u0105ce w Lubinie","og_description":"&nbsp; W s\u0142oneczny czwartek, 6 czerwca klasa IIIe wraz z opiekunkami Pani\u0105 Joann\u0105 Zimn\u0105 i Pani\u0105 Ew\u0105 Gr\u0119d\u0105, wybra\u0142a si\u0119 si\u0119 na wycieczk\u0119 do Wroc\u0142awia. Tym razem zwiedzili\u015bmy Muzeum Pana Tadeusza, czyli najnowsz\u0105 cz\u0119\u015b\u0107 Ossolineum, znajduj\u0105c\u0105 si\u0119 w jednej z najpi\u0119kniejszych kamienic Wroc\u0142awia \u2013 Pod Z\u0142otym S\u0142o\u0144cem. Wybrali\u015bmy najnowsz\u0105 z trzech ekspozycji sta\u0142ych, wystaw\u0119 pt. [&hellip;]","og_url":"https:\/\/2liceum.eu\/index.php\/2024\/06\/08\/3e-na-wycieczce-we-wroclawiu\/","og_site_name":"II Liceum Og\u00f3lnokszta\u0142c\u0105ce w Lubinie","article_publisher":"https:\/\/web.facebook.com\/IILOLubin\/","article_published_time":"2024-06-08T13:52:00+00:00","article_modified_time":"2024-06-17T13:55:49+00:00","og_image":[{"url":"https:\/\/2liceum.eu\/wp-content\/uploads\/sites\/1\/nggallery\/wizyta-we-wroclawiu\/1718632191440.jpg"}],"author":"Adam Dragan","twitter_card":"summary_large_image","twitter_misc":{"Napisane przez":"Adam Dragan","Szacowany czas czytania":"1 minuta"},"schema":{"@context":"https:\/\/schema.org","@graph":[{"@type":"Organization","@id":"https:\/\/2liceum.eu\/#organization","name":"II Liceum Og\u00f3lnokszta\u0142c\u0105ce w Lubinie","url":"https:\/\/2liceum.eu\/","sameAs":["http:\/\/2lolubin","https:\/\/www.youtube.com\/channel\/UCWjEMxRJYdfvxPhVOn-8g_g","https:\/\/web.facebook.com\/IILOLubin\/"],"logo":{"@type":"ImageObject","inLanguage":"pl-PL","@id":"https:\/\/2liceum.eu\/#\/schema\/logo\/image\/","url":"https:\/\/2liceum.eu\/wp-content\/uploads\/2018\/01\/pobrane.jpg","contentUrl":"https:\/\/2liceum.eu\/wp-content\/uploads\/2018\/01\/pobrane.jpg","width":184,"height":183,"caption":"II Liceum Og\u00f3lnokszta\u0142c\u0105ce w Lubinie"},"image":{"@id":"https:\/\/2liceum.eu\/#\/schema\/logo\/image\/"}},{"@type":"WebSite","@id":"https:\/\/2liceum.eu\/#website","url":"https:\/\/2liceum.eu\/","name":"II Liceum Og\u00f3lnokszta\u0142c\u0105ce w Lubinie","description":"Oficjalny portal II LO w Lubinie. Informacje o szkole, kadrze, zaj\u0119ciach dydaktycznych, ko\u0142ach zainteresowa\u0144, wolontariacie. Aktualno\u015bci. Galeria zdj\u0119\u0107.","publisher":{"@id":"https:\/\/2liceum.eu\/#organization"},"potentialAction":[{"@type":"SearchAction","target":{"@type":"EntryPoint","urlTemplate":"https:\/\/2liceum.eu\/?s={search_term_string}"},"query-input":"required name=search_term_string"}],"inLanguage":"pl-PL"},{"@type":"WebPage","@id":"https:\/\/2liceum.eu\/index.php\/2024\/06\/08\/3e-na-wycieczce-we-wroclawiu\/","url":"https:\/\/2liceum.eu\/index.php\/2024\/06\/08\/3e-na-wycieczce-we-wroclawiu\/","name":"3e na wycieczce we Wroc\u0142awiu! - II Liceum Og\u00f3lnokszta\u0142c\u0105ce w Lubinie","isPartOf":{"@id":"https:\/\/2liceum.eu\/#website"},"datePublished":"2024-06-08T13:52:00+00:00","dateModified":"2024-06-17T13:55:49+00:00","breadcrumb":{"@id":"https:\/\/2liceum.eu\/index.php\/2024\/06\/08\/3e-na-wycieczce-we-wroclawiu\/#breadcrumb"},"inLanguage":"pl-PL","potentialAction":[{"@type":"ReadAction","target":["https:\/\/2liceum.eu\/index.php\/2024\/06\/08\/3e-na-wycieczce-we-wroclawiu\/"]}]},{"@type":"BreadcrumbList","@id":"https:\/\/2liceum.eu\/index.php\/2024\/06\/08\/3e-na-wycieczce-we-wroclawiu\/#breadcrumb","itemListElement":[{"@type":"ListItem","position":1,"name":"Strona g\u0142\u00f3wna","item":"https:\/\/2liceum.eu\/"},{"@type":"ListItem","position":2,"name":"3e na wycieczce we Wroc\u0142awiu!"}]},{"@type":"Article","@id":"https:\/\/2liceum.eu\/index.php\/2024\/06\/08\/3e-na-wycieczce-we-wroclawiu\/#article","isPartOf":{"@id":"https:\/\/2liceum.eu\/index.php\/2024\/06\/08\/3e-na-wycieczce-we-wroclawiu\/"},"author":{"name":"Adam Dragan","@id":"https:\/\/2liceum.eu\/#\/schema\/person\/1a52557bfdaf047be954a8b190648da5"},"headline":"3e na wycieczce we Wroc\u0142awiu!","datePublished":"2024-06-08T13:52:00+00:00","dateModified":"2024-06-17T13:55:49+00:00","mainEntityOfPage":{"@id":"https:\/\/2liceum.eu\/index.php\/2024\/06\/08\/3e-na-wycieczce-we-wroclawiu\/"},"wordCount":157,"commentCount":0,"publisher":{"@id":"https:\/\/2liceum.eu\/#organization"},"articleSection":["Aktualno\u015bci"],"inLanguage":"pl-PL","potentialAction":[{"@type":"CommentAction","name":"Comment","target":["https:\/\/2liceum.eu\/index.php\/2024\/06\/08\/3e-na-wycieczce-we-wroclawiu\/#respond"]}]},{"@type":"Person","@id":"https:\/\/2liceum.eu\/#\/schema\/person\/1a52557bfdaf047be954a8b190648da5","name":"Adam Dragan","image":{"@type":"ImageObject","inLanguage":"pl-PL","@id":"https:\/\/2liceum.eu\/#\/schema\/person\/image\/","url":"https:\/\/secure.gravatar.com\/avatar\/3a2bee53698f47ac117505a8a054d1e47e9ee9593c4c77dc18374aa80472d80c?s=96&d=mm&r=g","contentUrl":"https:\/\/secure.gravatar.com\/avatar\/3a2bee53698f47ac117505a8a054d1e47e9ee9593c4c77dc18374aa80472d80c?s=96&d=mm&r=g","caption":"Adam Dragan"},"sameAs":["http:\/\/2liceum.eu"]}]}},"_links":{"self":[{"href":"https:\/\/2liceum.eu\/index.php\/wp-json\/wp\/v2\/posts\/9884","targetHints":{"allow":["GET"]}}],"collection":[{"href":"https:\/\/2liceum.eu\/index.php\/wp-json\/wp\/v2\/posts"}],"about":[{"href":"https:\/\/2liceum.eu\/index.php\/wp-json\/wp\/v2\/types\/post"}],"author":[{"embeddable":true,"href":"https:\/\/2liceum.eu\/index.php\/wp-json\/wp\/v2\/users\/2"}],"replies":[{"embeddable":true,"href":"https:\/\/2liceum.eu\/index.php\/wp-json\/wp\/v2\/comments?post=9884"}],"version-history":[{"count":2,"href":"https:\/\/2liceum.eu\/index.php\/wp-json\/wp\/v2\/posts\/9884\/revisions"}],"predecessor-version":[{"id":9886,"href":"https:\/\/2liceum.eu\/index.php\/wp-json\/wp\/v2\/posts\/9884\/revisions\/9886"}],"wp:attachment":[{"href":"https:\/\/2liceum.eu\/index.php\/wp-json\/wp\/v2\/media?parent=9884"}],"wp:term":[{"taxonomy":"category","embeddable":true,"href":"https:\/\/2liceum.eu\/index.php\/wp-json\/wp\/v2\/categories?post=9884"},{"taxonomy":"post_tag","embeddable":true,"href":"https:\/\/2liceum.eu\/index.php\/wp-json\/wp\/v2\/tags?post=9884"}],"curies":[{"name":"wp","href":"https:\/\/api.w.org\/{rel}","templated":true}]}}